{"id":10881,"date":"2026-03-26T17:36:00","date_gmt":"2026-03-26T14:36:00","guid":{"rendered":"https:\/\/www.trabzonmanset.com\/?p=10881"},"modified":"2026-03-26T22:18:04","modified_gmt":"2026-03-26T19:18:04","slug":"cumhurbaskani-erdogan-bariscil-dis-politikamizdan-geri-adim-atmayacagiz","status":"publish","type":"post","link":"https:\/\/www.trabzonmanset.com\/index.php\/2026\/03\/26\/cumhurbaskani-erdogan-bariscil-dis-politikamizdan-geri-adim-atmayacagiz\/","title":{"rendered":"Cumhurba\u015fkan\u0131 Erdo\u011fan: &#8220;Bar\u0131\u015f\u00e7\u0131l d\u0131\u015f politikam\u0131zdan geri ad\u0131m atmayaca\u011f\u0131z&#8221;"},"content":{"rendered":"\n<p>Cumhurba\u015fkan\u0131 Recep Tayyip Erdo\u011fan, &#8220;Herkes i\u00e7in bar\u0131\u015f, herkes i\u00e7in istikrar, herkes i\u00e7in huzur eksenine oturttu\u011fumuz bar\u0131\u015f\u00e7\u0131l d\u0131\u015f politikam\u0131zdan geri ad\u0131m atmayaca\u011f\u0131z&#8221; dedi.<\/p>\n\n\n\n<p>Cumhurba\u015fkan\u0131 Erdo\u011fan, AK Parti Kongre Merkezi\u2019nde partisinin Geni\u015fletilmi\u015f \u0130l Ba\u015fkanlar\u0131 Toplant\u0131s\u0131\u2019na kat\u0131ld\u0131.<\/p>\n\n\n\n<p>Burada konu\u015fan Erdo\u011fan, Ramazan ay\u0131nda T\u00fcrkiye\u2019nin 81 vilayetinin d\u00f6rt bir yan\u0131nda rahmet ve bereket mevsiminin manevi atmosferini T\u00fcrk milletiyle beraber ya\u015fad\u0131klar\u0131n\u0131 belirterek, Ramazan ay\u0131 boyunca bakanlar ba\u015fta olmak \u00fczere genel ba\u015fkan yard\u0131mc\u0131lar\u0131, MKYK \u00fcyeleri, milletvekilleri ve t\u00fcm te\u015fkilatlarla beraber tam kadro sahada olduklar\u0131n\u0131 ifade etti.<\/p>\n\n\n\n<p><strong>&#8220;Partimizin \u00e7\u0131narlar\u0131 ve ya\u015fayan haf\u0131zalar\u0131 olarak g\u00f6rd\u00fc\u011f\u00fcm\u00fcz herkesin ba\u015f\u0131m\u0131z\u0131n \u00fcst\u00fcnde yeri vard\u0131r&#8221;<\/strong><\/p>\n\n\n\n<p>AK Parti\u2019nin, Akif \u0130nan\u2019\u0131n \u2018B\u00fct\u00fcn giysileri y\u0131rtsak yeridir, yeter bize vefa elbiseleri\u2019 s\u00f6z\u00fcn\u00fcn v\u00fccut bulmu\u015f hali oldu\u011funu s\u00f6yleyen Erdo\u011fan, &#8220;K\u00f6k\u00fc mazide g\u00f6z\u00fc atide olan bu hareket evvel emirde bir vefa hareketidir. \u00c7eyrek as\u0131rl\u0131k yolculu\u011fumuzda biz daima bunu yapt\u0131k. Gen\u00e7lerimizin heyecan\u0131 ve dinamizmiyle ak sa\u00e7l\u0131lar\u0131m\u0131z\u0131n tecr\u00fcbesi ve ferasetini harmanlad\u0131k. A\u011f\u0131rba\u015fl\u0131l\u0131k, vakar ve olgunluk ile \u00f6zg\u00fcveni, co\u015fkuyu ve kab\u0131na s\u0131\u011fmamay\u0131 ayn\u0131 potada erittik. Kadrolar\u0131m\u0131z\u0131 s\u00fcrekli yenilerken emektarlar\u0131m\u0131zla irtibat\u0131m\u0131z\u0131 her zaman g\u00fc\u00e7l\u00fc bir \u015fekilde muhafaza ettik. Bizi biz yapan, bizi g\u00fc\u00e7l\u00fc ve \u00f6zg\u00fcn k\u0131lan en \u00f6nemli vas\u0131flar\u0131m\u0131zdan biri i\u015fte budur. Bu davaya omuz vermi\u015f bu harekete katk\u0131 sunmu\u015f partimizin \u00e7\u0131narlar\u0131 ve ya\u015fayan haf\u0131zalar\u0131 olarak g\u00f6rd\u00fc\u011f\u00fcm\u00fcz her bir yol arkada\u015f\u0131m\u0131z\u0131n ba\u015f\u0131m\u0131z\u0131n \u00fcst\u00fcnde yeri vard\u0131r&#8221; dedi.<\/p>\n\n\n\n<figure class=\"wp-block-image\"><img decoding=\"async\" src=\"https:\/\/cdn.iha.com.tr\/Contents\/26-03\/26\/aw669990_02.jpg\" alt=\"Cumhurba\u015fkan\u0131 Erdo\u011fan: \"\/><\/figure>\n\n\n\n<p>\u015eehit aileleri, gaziler, ya\u015fl\u0131 ve engelli vatanda\u015flar ile Sosyal Politikalar Ba\u015fkanl\u0131\u011f\u0131 arac\u0131l\u0131\u011f\u0131yla iftar ve sahurlarda bir araya geldiklerini aktaran Ba\u015fkan Erdo\u011fan, Kad\u0131n ve Gen\u00e7lik Kollar\u0131 arac\u0131l\u0131\u011f\u0131yla \u00fcniversitelerde ger\u00e7ekle\u015ftirilen iftarlarla yakla\u015f\u0131k 500 bin gen\u00e7 ile Ramazan sevincini ya\u015fad\u0131klar\u0131n\u0131 kaydetti.<\/p>\n\n\n\n<p><strong>&#8220;Belediyelerimiz 10 milyon insan\u0131m\u0131z\u0131n kalbine dokundu&#8221;<\/strong><\/p>\n\n\n\n<p>\u2018\u0130ftara Be\u015f Kala\u2019 gelene\u011fiyle 1 milyon 170 bin kumanyay\u0131 iftara yeti\u015femeyenlere ula\u015ft\u0131rd\u0131klar\u0131n\u0131 belirten Erdo\u011fan, &#8220;Sivil toplum kurulu\u015flar\u0131m\u0131zla bir araya gelerek isti\u015fare ettik. 86 milyonun birlik ve beraberli\u011fini g\u00fc\u00e7lendirirken, AK Parti olarak imar ve ihya s\u00fcrecindeki kom\u015fumuz Suriye\u2019yi de elbette unutmad\u0131k. Belediyelerimizin ve te\u015fkilatlar\u0131m\u0131z\u0131n kurdu\u011fu iftar sofralar\u0131nda 250 bin Suriyeli karde\u015fimizin oru\u00e7lar\u0131n\u0131 a\u00e7mas\u0131na vesile olduk. Belediyelerimiz; yard\u0131m kolileri, al\u0131\u015fveri\u015f kartlar\u0131, iftar programlar\u0131, maddi destekler ve di\u011fer \u00e7al\u0131\u015fmalar\u0131yla 10 milyon insan\u0131m\u0131z\u0131n kalbine dokundu. Sadece \u2018G\u00f6n\u00fcl Sofralar\u0131\u2019 program\u0131yla bir milyonu a\u015fk\u0131n haneye gittik. Ramazan-\u0131 \u015eerif\u2019te Avrupa ba\u015fta olmak \u00fczere gurbeti s\u0131laya \u00e7evirmi\u015f vatanda\u015flar\u0131m\u0131z\u0131 da ihmal etmedik. D\u00fczenledi\u011fimiz \u00e7e\u015fitli programlarla onlar\u0131n da bu m\u00fcbarek ay\u0131n manevi ikliminden istifade etmesini sa\u011flad\u0131k&#8221; diye konu\u015ftu.<\/p>\n\n\n\n<p><strong>&#8220;B\u00f6lgemiz son asr\u0131n en sanc\u0131l\u0131, en me\u015fakkatli g\u00fcnlerini ya\u015f\u0131yor&#8221;<\/strong><\/p>\n\n\n\n<p>\u0130srail\u2019in k\u0131\u015fk\u0131rtmalar\u0131 sonucu 28 \u015eubat\u2019ta \u0130ran\u2019a y\u00f6nelik ba\u015flat\u0131lan sava\u015f\u0131n b\u00f6lgeyi kan ve barut kokusuna bo\u011fmaya devam etti\u011fini vurgulayan Cumhurba\u015fkan\u0131 Erdo\u011fan, &#8220;Hi\u00e7bir g\u00fcnah\u0131 olmayan, hi\u00e7bir \u015feyden haberi olmayan \u00e7ocuklar okullar\u0131nda ders dinlerken f\u00fczelerin ve bombalar\u0131n hedefi oluyor. B\u00f6lgemiz son asr\u0131n en sanc\u0131l\u0131, en me\u015fakkatli g\u00fcnlerini ya\u015f\u0131yor. G\u00f6z\u00fcn\u00fc nefret ve kin b\u00fcr\u00fcm\u00fc\u015f soyk\u0131r\u0131m \u015febekesi g\u00fcya dini arg\u00fcmanlar\u0131n arkas\u0131na s\u0131\u011f\u0131narak co\u011frafyam\u0131z\u0131 b\u00fcy\u00fck bir felakete do\u011fru s\u00fcr\u00fckl\u00fcyor. Nerede olursa olsun ac\u0131mas\u0131zca \u00f6ld\u00fcr\u00fclenler bizim karde\u015flerimizdir. Son nefeslerini okul s\u0131ralar\u0131nda veren \u00e7ocuklar bizim yavrular\u0131m\u0131zd\u0131r. Evlat ac\u0131s\u0131yla y\u00fcrekleri Kerbela\u2019ya d\u00f6nen kad\u0131nlar bizim annelerimizdir&#8221; a\u00e7\u0131klamas\u0131nda bulundu.<\/p>\n\n\n\n<p><strong>&#8220;Biz ne karde\u015flerimiz ve kom\u015fular\u0131m\u0131z aras\u0131nda ayr\u0131m yapar\u0131z ne de karde\u015flerimizin ac\u0131lar\u0131na seyirci kal\u0131r\u0131z&#8221;<\/strong><\/p>\n\n\n\n<p>&#8220;Bombalar\u0131n enkaza \u00e7evirdi\u011fi \u015fehirler ayn\u0131 \u015fekilde bizim \u015fehirlerimizdir. Tahrip edilen, y\u0131k\u0131lan, talan ve tarumar edilen yerler bizim b\u00f6lgemizdir&#8221; diyen Erdo\u011fan, s\u00f6zlerine \u015f\u00f6yle devam etti:<\/p>\n\n\n\n<p>&#8220;\u0130sfahan\u2019da, Tebriz\u2019de, Tahran\u2019da d\u00f6k\u00fclen g\u00f6zya\u015flar\u0131n\u0131n Erbil\u2019de, Amman\u2019da, Ba\u011fdat\u2019ta, Beyrut\u2019ta, Sana\u2019da, Doha\u2019da, Riyad\u2019da ve b\u00f6lgemizin di\u011fer karde\u015f \u015fehirlerinde d\u00f6k\u00fclenlerden Allah a\u015fk\u0131na ne fark\u0131 var? Katliam \u015febekesinin g\u00f6z\u00fcnde ad\u0131m\u0131z\u0131n Ali, \u00d6mer, Ay\u015fe, Zeynep, Hasan, H\u00fcseyin olmas\u0131n\u0131n ne fark\u0131 var? \u0130ster \u0130ran\u2019da ister k\u00f6rfezde olsun at\u0131lan her f\u00fczeyle zarar g\u00f6ren, vurulan, kanayan biz de\u011fil miyiz? Bu anlams\u0131z sava\u015f sebebi ile kan kaybeden b\u00f6lgemizin ekonomisi de\u011fil mi? F\u00fczeler, bombalar ve dronlar taraf\u0131ndan tahrip edilen milyarlarca dolarl\u0131k altyap\u0131 tesisleri b\u00f6lgedeki karde\u015flerimizin kaynaklar\u0131 de\u011fil mi? 27 g\u00fcnd\u00fcr hi\u00e7bir ilke de\u011fer, norm g\u00f6zetmeyen sald\u0131rganlar\u0131n nazar\u0131nda \u015eii veya S\u00fcnni olmam\u0131z\u0131n T\u00fcrk, K\u00fcrt, Arap ya da Farisi olmam\u0131z\u0131n Allah a\u015fk\u0131na bir fark\u0131 var m\u0131? Mezheplerimiz, k\u00f6kenlerimiz farkl\u0131 olsa da co\u011frafyam\u0131z\u0131n d\u00f6rt bir yan\u0131nda akan kanlar bizim de\u011fil mi? Biz ne karde\u015flerimiz ve kom\u015fular\u0131m\u0131z aras\u0131nda ayr\u0131m yapar\u0131z ne de karde\u015flerimizin ac\u0131lar\u0131na seyirci kal\u0131r\u0131z.&#8221;<\/p>\n\n\n\n<figure class=\"wp-block-image\"><img decoding=\"async\" src=\"https:\/\/cdn.iha.com.tr\/Contents\/26-03\/26\/aw669990_06.jpg\" alt=\"Cumhurba\u015fkan\u0131 Erdo\u011fan: \"\/><\/figure>\n\n\n\n<p><strong>&#8220;B\u00f6lgemizde kan g\u00f6vdeyi g\u00f6t\u00fcr\u00fcrken bin y\u0131l \u00f6nceki tart\u0131\u015fmalar\u0131 yeniden a\u00e7may\u0131 do\u011fru bulmuyoruz&#8221;<\/strong><\/p>\n\n\n\n<p>T\u00fcrkiye\u2019nin ve T\u00fcrk milletinin iyi g\u00fcnde dost ve karde\u015f bildi\u011fi halklar\u0131 k\u00f6t\u00fc g\u00fcnde yaln\u0131z b\u0131rakmayaca\u011f\u0131na dikkati \u00e7eken Erdo\u011fan, &#8220;Hele hele b\u00f6lgemizde kan g\u00f6vdeyi g\u00f6t\u00fcr\u00fcrken bin y\u0131l \u00f6nceki tart\u0131\u015fmalar\u0131 tekrar g\u00fcndeme ta\u015f\u0131may\u0131, eski defterleri yeniden a\u00e7may\u0131, vahdete de\u011fil fitneye hizmet edecek g\u00fcndemlerin pe\u015fine tak\u0131lmay\u0131 asla ve asla do\u011fru bulmad\u0131\u011f\u0131m\u0131z\u0131 tekraren vurgulamak mecburiyetindeyiz. Sosyal medya platformlar\u0131 \u00fczerinden y\u00fcr\u00fct\u00fclen psikolojik harekatlara kar\u015f\u0131 son derece dikkatliyiz. Karde\u015f halklar aras\u0131nda k\u0131rg\u0131nl\u0131klar\u0131 derinle\u015ftirecek, husumeti b\u00fcy\u00fctecek, Siyonizm\u2019in b\u00f6lgemizi hedef alan b\u00f6l, par\u00e7ala, y\u00f6net planlar\u0131na lojistik destek verecek her t\u00fcrl\u00fc eylemi ve tart\u0131\u015fmay\u0131 reddediyoruz. D\u00fcnyan\u0131n en stratejik b\u00f6lgesinde T\u00fcrkler, Araplar, K\u00fcrtler, Farslar olarak as\u0131rlard\u0131r bir arada ya\u015f\u0131yoruz. Ayn\u0131 co\u011frafyay\u0131 payla\u015f\u0131yoruz. Ortak co\u011frafyam\u0131zda y\u00fczlerce y\u0131ld\u0131r ac\u0131m\u0131z, derdimiz, h\u00fczn\u00fcm\u00fcz bir oldu. Sevincimiz, heyecan\u0131m\u0131z, co\u015fkumuz bir oldu. Mazimiz gibi in\u015fallah istikbalimiz de bir olacak, beraber olacak. \u0130\u00e7inde bulundu\u011fumuz toz bulutu da\u011f\u0131ld\u0131ktan sonra kom\u015fular ve karde\u015fler olarak biz yine birbirimizin y\u00fcz\u00fcne bakaca\u011f\u0131z. Bomba ve f\u00fczelerin \u00f6l\u00fcm sa\u00e7an u\u011fultusu in\u015fallah kesildikten sonra biz bu co\u011frafyada yine birlikte ya\u015fayaca\u011f\u0131z. Bu ger\u00e7e\u011fi kimsenin unutmamas\u0131 gerekti\u011fine inan\u0131yorum&#8221; ifadelerine yer verdi.<\/p>\n\n\n\n<p><strong>&#8220;M\u00fcsl\u00fcmanlar\u0131n Mescid-i Aksa\u2019da ibadet etme hakk\u0131 gasp edilemez, engellenemez, yasaklanamaz&#8221;<\/strong><\/p>\n\n\n\n<p>Ba\u015fkan Erdo\u011fan, sava\u015f\u2019\u0131n \u0130srail\u2019in sava\u015f\u0131 olmas\u0131na ra\u011fmen ortaya \u00e7\u0131kan a\u011f\u0131r faturan\u0131n bedelini \u00f6nce M\u00fcsl\u00fcmanlar\u0131n ard\u0131ndan t\u00fcm insanl\u0131\u011f\u0131n \u00f6dedi\u011fini belirterek, &#8220;Netenyahu h\u00fck\u00fcmeti sadece kom\u015fumuz \u0130ran\u2019\u0131 hedef alm\u0131yor. L\u00fcbnan\u2019\u0131 i\u015fgal planlar\u0131n\u0131 da ad\u0131m ad\u0131m hayata ge\u00e7iriyor. \u0130\u015fgal g\u00fc\u00e7lerinin sald\u0131r\u0131lar\u0131nda iki Mart\u2019tan bu yana 1100 L\u00fcbnanl\u0131 hayat\u0131n\u0131 kaybetmi\u015f, 1 milyon 165 bin karde\u015fimiz yerinden, yurdundan edinmi\u015ftir. \u0130srail, Suriye\u2019yi de rahat b\u0131rakm\u0131yor. Suriye\u2019nin toprak b\u00fct\u00fcnl\u00fc\u011f\u00fcn\u00fc ve egemenli\u011fini ihlal eden m\u00fctecaviz eylemlerine \u0131srarla devam ediyor. Siyonist katliam \u015febekesi ilk k\u0131blemiz Mescid-i Aksa\u2019y\u0131 27 g\u00fcnd\u00fcr kapal\u0131 tutuyor. \u0130srail\u2019in kap\u0131s\u0131na kilit vurdu\u011fu Mescid-i Aksa\u2019da 1967\u2019den bu yana ilk kez bayram namaz\u0131 eda edilmedi. Bu kural tan\u0131mazl\u0131k, bu haydutluk her \u015feyden \u00f6nce iki milyar M\u00fcsl\u00fcman\u2019\u0131n inanc\u0131na yap\u0131lm\u0131\u015f k\u00fcstah bir sald\u0131r\u0131d\u0131r. Hangi bahaneyle olursa olsun M\u00fcsl\u00fcmanlar\u0131n Mescid-i Aksa\u2019da ibadet etme hakk\u0131 gasp edilemez, engellenemez, yasaklanamaz&#8221; \u015feklinde konu\u015ftu.<\/p>\n\n\n\n<p><strong>&#8220;\u0130slam d\u00fcnyas\u0131n\u0131n Mescid-i Aksa\u2019y\u0131 hedef alan devlet ter\u00f6r\u00fcne itiraz etmesi asli vazifemizdir&#8221;<\/strong><\/p>\n\n\n\n<p>Mescid-i Aksa\u2019ysa sahip \u00e7\u0131kman\u0131n insanl\u0131\u011f\u0131n gere\u011fi oldu\u011funu aktaran Erdo\u011fan, &#8220;Bu ger\u00e7e\u011fi Kud\u00fcs \u015fairi rahmetli Nuri Pakdil; \u2018Vicdan akl\u0131n\u0131 koruyabilen her insan\u0131n sadece Filistin\u2019de de\u011fil b\u00fct\u00fcn \u0130slam co\u011frafyas\u0131nda i\u015flenen c\u00fcr\u00fcmlere kar\u015f\u0131 hi\u00e7bir \u015fey yapam\u0131yorsa en az\u0131ndan bir tav\u0131r almas\u0131, bunlar\u0131 i\u00e7inden yarg\u0131layarak mahkum etmesi \u00e7a\u011fda\u015f insan olman\u0131n gere\u011fidir\u2019 diye anlat\u0131yor. \u015eimdi tutsak El-Aksa b\u00fct\u00fcn M\u00fcsl\u00fcmanlar\u0131n inan\u00e7lar\u0131n\u0131 y\u0131kmay\u0131 ama\u00e7layan bir inan\u00e7 cinayetinin su\u00e7suz kurban\u0131 olarak M\u00fcsl\u00fcmanlar\u0131n kalplerinde sayfalar\u0131 y\u0131rt\u0131lm\u0131\u015f kitap gibi duruyor. Tutsak Kud\u00fcs\u2019e borcumuz Kud\u00fcs\u2019\u00fc savunmakt\u0131r, \u00f6zg\u00fcrl\u00fc\u011f\u00fcne kavu\u015fturmakt\u0131r. Kud\u00fcs\u2019\u00fc savunmak, ger\u00e7ek ba\u011f\u0131ms\u0131zl\u0131\u011f\u0131 savunmakt\u0131r. Ben de bug\u00fcn diyorum ki Kud\u00fcs\u2019\u00fc \u015eerif-i ve Mescid-i Aksa\u2019y\u0131 savunmak insanl\u0131\u011f\u0131 savunmakt\u0131r. G\u00fcncel geli\u015fmelerden ba\u011f\u0131ms\u0131z olarak \u0130slam d\u00fcnyas\u0131n\u0131n Mescid-i Aksa\u2019y\u0131 hedef alan devlet ter\u00f6r\u00fcne itiraz etmesi sesini y\u00fckseltmesi olabilecek en g\u00fc\u00e7l\u00fc tepkiyi vermesi asli vazifemizdir. T\u00fcrkiye bu noktada \u00fczerine d\u00fc\u015fenleri yapmay\u0131 s\u00fcrd\u00fcrecektir. Kud\u00fcs\u2019e sahip \u00e7\u0131kmaya in\u015fallah devam edece\u011fiz&#8221; diye konu\u015ftu.<\/p>\n\n\n\n<p><strong>&#8220;Bar\u0131\u015f\u00e7\u0131l d\u0131\u015f politikam\u0131zdan geri ad\u0131m atmayaca\u011f\u0131z&#8221;<\/strong><\/p>\n\n\n\n<p>T\u00fcrkiye\u2019nin b\u00f6lgenin her kar\u0131\u015f\u0131nda bar\u0131\u015f\u0131n, adaletin ve istikrar\u0131n tesisinden yana oldu\u011funu dile getiren Erdo\u011fan, &#8220;Evrensel insani de\u011ferlerin, farkl\u0131 k\u00fclt\u00fcrlerin, farkl\u0131 k\u00f6kenlerin, farkl\u0131 inan\u00e7 mensuplar\u0131n\u0131n bir arada ya\u015fama iradesinin en g\u00fc\u00e7l\u00fc savunucusuyuz. Fakat her hukuksuzlu\u011fun, her t\u00fcrl\u00fc haydutlu\u011fun ve zorbal\u0131\u011f\u0131n da kimden gelirse gelsin sonuna kadar kar\u015f\u0131s\u0131nday\u0131z. \u015eunu herkes bilsin ki devlet olarak etraf\u0131m\u0131z\u0131 saran nefret s\u00f6ylemlerine sava\u015f \u00e7\u0131\u011f\u0131rtkanl\u0131klar\u0131na ve \u00e7at\u0131\u015fma iklimine asla teslim olmayaca\u011f\u0131z. Tarihin ve vicdan\u0131n do\u011fru taraf\u0131nda durman\u0131n hakl\u0131 \u00f6zg\u00fcveniyle hareket edecek akl\u0131selimimizi ve so\u011fukkanl\u0131l\u0131\u011f\u0131m\u0131z\u0131 asla kaybetmeyece\u011fiz. Herkes i\u00e7in bar\u0131\u015f, herkes i\u00e7in istikrar, herkes i\u00e7in huzur eksenine oturttu\u011fumuz bar\u0131\u015f\u00e7\u0131l d\u0131\u015f politikam\u0131zdan geri ad\u0131m atmayaca\u011f\u0131z&#8221; dedi.<\/p>\n\n\n\n<figure class=\"wp-block-image\"><img decoding=\"async\" src=\"https:\/\/cdn.iha.com.tr\/Contents\/26-03\/26\/aw669990_05.jpg\" alt=\"Cumhurba\u015fkan\u0131 Erdo\u011fan: \"\/><\/figure>\n\n\n\n<p><strong>&#8220;Ana muhalefet partisinin karikat\u00fcr Genel Ba\u015fkan\u0131 d\u0131\u015f\u0131nda milletimiz T\u00fcrkiye\u2019nin ne yapmaya \u00e7al\u0131\u015ft\u0131\u011f\u0131n\u0131n gayet fark\u0131ndad\u0131r&#8221;<\/strong><\/p>\n\n\n\n<p>&#8220;Ana muhalefet partisinin karikat\u00fcr Genel Ba\u015fkan\u0131 d\u0131\u015f\u0131nda aziz milletimiz ve b\u00f6lgedeki t\u00fcm karde\u015flerimiz T\u00fcrkiye\u2019nin ne yapmaya \u00e7al\u0131\u015ft\u0131\u011f\u0131n\u0131n, neyin m\u00fccadelesini verdi\u011finin gayet fark\u0131ndad\u0131r&#8221; diyen Cumhurba\u015fkan\u0131 Erdo\u011fan, s\u00f6zlerine \u015f\u00f6yle devam etti:<\/p>\n\n\n\n<p>&#8220;T\u00fcrkiye do\u011fru yoldad\u0131r, do\u011fru yerdedir. Do\u011fru bir politika izlemektedir. Hem karde\u015f \u0130ran halk\u0131 hem karde\u015f k\u00f6rfez \u00fclkeleri hem de t\u00fcm d\u00fcnya bunun bilincindedir. Her zeminde de T\u00fcrkiye\u2019nin tavr\u0131ndan \u00f6vg\u00fcyle bahsediyorlar. Partimize ve ittifak\u0131m\u0131za oy versin veya vermesin; milletimiz de bu f\u0131rt\u0131nal\u0131 d\u00f6nemde T\u00fcrkiye\u2019nin kaptan k\u00f6\u015fk\u00fcnde bizim olmam\u0131zdan dolay\u0131 Allah\u2019a hamd ediyor, \u2018iyi ki T\u00fcrkiye\u2019yi AK Parti y\u00f6netiyor\u2019 diyorlar. Milletimizin bu g\u00fcvenini in\u015fallah bo\u015fa \u00e7\u0131karmayaca\u011f\u0131z. T\u00fcrkiye Partisi olmay\u0131 bir t\u00fcrl\u00fc beceremeyen CHP\u2019nin bizi \u00e7ekmek istedi\u011fi tuzaklara d\u00fc\u015fmeyece\u011fiz. CHP akt\u00f6rlerce k\u00f6r\u00fcklenen sava\u015f \u00e7\u0131\u011f\u0131rtkanl\u0131klar\u0131na kulak asmayaca\u011f\u0131z. Gelinen noktada ana muhalefetin ba\u015f\u0131ndaki zat\u0131n akl\u0131 ile dili aras\u0131ndaki ba\u011f kopmu\u015f, s\u00f6ylemlerinde tutarl\u0131l\u0131k kalmam\u0131\u015f siyasi itibar\u0131 tamamen s\u0131f\u0131rlanm\u0131\u015ft\u0131r. Vesayet alt\u0131nda oldu\u011fu kamuoyunca bilinen bir \u015fahs\u0131n T\u00fcrkiye\u2019nin dik ve dirayetli duru\u015funa dil uzatmas\u0131 ise kara mizah \u00f6rne\u011fidir. Ufku ve vizyonu dar olanlar\u0131n bizi anlamas\u0131n\u0131 zaten beklemiyoruz. Dikkat ederseniz CHP Genel Ba\u015fkan\u0131\u2019n\u0131 art\u0131k kendi se\u00e7meni bile kale alm\u0131yor. T\u00fcrk d\u0131\u015f politikas\u0131na getirdi\u011fi ele\u015ftirilere en ba\u015fta CHP\u2019li vatanda\u015flar\u0131m\u0131z g\u00fcl\u00fcp ge\u00e7iyor. Ona buna sata\u015farak siyasette itibar dev\u015firmeye \u00e7al\u0131\u015fan bu zavall\u0131y\u0131 biz bir kez daha kendi hezeyanlar\u0131yla ba\u015f ba\u015fa b\u0131rak\u0131yoruz.&#8221;<\/p>\n\n\n\n<p><strong>&#8220;\u00d6nceli\u011fimiz sava\u015f\u0131n olumsuz ekonomik etkilerinden halk\u0131m\u0131z\u0131 korumakt\u0131r&#8221;<\/strong><\/p>\n\n\n\n<p>\u00d6nceliklerinin sava\u015f\u0131n olumsuz ekonomik etkilerinden T\u00fcrk halk\u0131n\u0131 korumak oldu\u011funu bildiren Erdo\u011fan, &#8220;Belirsizli\u011fin ve tedirginli\u011fin k\u00fcresel d\u00fczeyde t\u0131rmand\u0131\u011f\u0131 mevcut \u015fartlarda piyasalarda dalgalanmalar\u0131n ya\u015fanmas\u0131n\u0131 do\u011fal kar\u015f\u0131l\u0131yoruz. D\u00f6nemsel s\u0131k\u0131nt\u0131lar\u0131m\u0131z olabilir. Ge\u00e7ici olarak baz\u0131 zorluklarla kar\u015f\u0131la\u015fabiliriz. D\u00f6nemsel ya da k\u00fcresel \u015foklar sebebiyle ortaya \u00e7\u0131kan durumlar Allah\u2019\u0131n izniyle bizi hedeflerimizden al\u0131koymayacakt\u0131r. Hedeflerimize ba\u011fl\u0131y\u0131z. \u0130n\u015fallah eninde sonunda menzile vas\u0131l olaca\u011f\u0131z. T\u00fcrkiye ekonomisi hamdolsun bu g\u00fcce, bu kapasiteye ve dayan\u0131kl\u0131l\u0131\u011fa fazlas\u0131yla sahiptir. 23 y\u0131l boyunca kar\u015f\u0131la\u015ft\u0131\u011f\u0131 onca engele, b\u00f6lgesinde y\u0131llard\u0131r eksik olmayan krizlere ve \u00e7at\u0131\u015fmalara, i\u00e7eride FET\u00d6\u2019den belediyeleri haraca ve r\u00fc\u015fvete ba\u011flayan su\u00e7 \u00f6rg\u00fctlerine kadar nice kifayetsiz muhteristen yedi\u011fi darbelere ra\u011fmen y\u0131k\u0131lmayan, sendelemeyen tam tersine kaya gibi sa\u011flam duran bir T\u00fcrkiye ger\u00e7e\u011fi var. Kimse bu T\u00fcrkiye\u2019ye diz \u00e7\u00f6kt\u00fcremeyecek. G\u00f6receksiniz, in\u015fallah kazanan T\u00fcrkiye olacak. Kazanan 86 milyon mensubuyla T\u00fcrk milleti olacak. Kazanan karde\u015flik, bar\u0131\u015f, adalet, bar\u0131\u015f\u0131 savunanlar olacak. Kazanan AK Parti ve Cumhur \u0130ttifak\u0131 gibi zor zamanda yine tarihin do\u011fru taraf\u0131nda ak\u0131l, izan ve vicdan\u0131n saf\u0131nda yer alanlar olacak. Hem \u00fclkemiz i\u00e7inde hem de b\u00f6lgemizde dengeli, mutedil ve makul siyaset \u00e7izgisinden ayr\u0131lmayaca\u011f\u0131z&#8221; a\u00e7\u0131klamas\u0131nda bulundu.<\/p>\n\n\n\n<figure class=\"wp-block-image\"><img decoding=\"async\" src=\"https:\/\/cdn.iha.com.tr\/Contents\/26-03\/26\/aw669990_15.jpg\" alt=\"Cumhurba\u015fkan\u0131 Erdo\u011fan: \"\/><\/figure>\n\n\n\n<p>Kaynak: \u0130HA<\/p>\n","protected":false},"excerpt":{"rendered":"<p>Cumhurba\u015fkan\u0131 Recep Tayyip Erdo\u011fan, &#8220;Herkes i\u00e7in bar\u0131\u015f, herkes i\u00e7in istikrar, herkes i\u00e7in huzur eksenine oturttu\u011fumuz bar\u0131\u015f\u00e7\u0131l d\u0131\u015f politikam\u0131zdan geri ad\u0131m atmayaca\u011f\u0131z&#8221; dedi. Cumhurba\u015fkan\u0131 Erdo\u011fan, AK Parti Kongre Merkezi\u2019nde partisinin Geni\u015fletilmi\u015f \u0130l Ba\u015fkanlar\u0131 Toplant\u0131s\u0131\u2019na kat\u0131ld\u0131. Burada konu\u015fan Erdo\u011fan, Ramazan ay\u0131nda T\u00fcrkiye\u2019nin 81 vilayetinin d\u00f6rt bir yan\u0131nda rahmet ve bereket mevsiminin manevi atmosferini T\u00fcrk milletiyle beraber ya\u015fad\u0131klar\u0131n\u0131 [&hellip;]<\/p>\n","protected":false},"author":1,"featured_media":10882,"comment_status":"open","ping_status":"open","sticky":false,"template":"","format":"standard","meta":{"footnotes":""},"categories":[1,11],"tags":[562,846,4661,4663,3703,4662],"class_list":["post-10881","post","type-post","status-publish","format-standard","has-post-thumbnail","hentry","category-gundem","category-manset","tag-ak-parti","tag-cumhurbaskani-erdogan","tag-il-baskanlari-toplantisi","tag-milletvekil","tag-mkyk","tag-mkyk-uyeleri"],"_links":{"self":[{"href":"https:\/\/www.trabzonmanset.com\/index.php\/wp-json\/wp\/v2\/posts\/10881","targetHints":{"allow":["GET"]}}],"collection":[{"href":"https:\/\/www.trabzonmanset.com\/index.php\/wp-json\/wp\/v2\/posts"}],"about":[{"href":"https:\/\/www.trabzonmanset.com\/index.php\/wp-json\/wp\/v2\/types\/post"}],"author":[{"embeddable":true,"href":"https:\/\/www.trabzonmanset.com\/index.php\/wp-json\/wp\/v2\/users\/1"}],"replies":[{"embeddable":true,"href":"https:\/\/www.trabzonmanset.com\/index.php\/wp-json\/wp\/v2\/comments?post=10881"}],"version-history":[{"count":1,"href":"https:\/\/www.trabzonmanset.com\/index.php\/wp-json\/wp\/v2\/posts\/10881\/revisions"}],"predecessor-version":[{"id":10883,"href":"https:\/\/www.trabzonmanset.com\/index.php\/wp-json\/wp\/v2\/posts\/10881\/revisions\/10883"}],"wp:featuredmedia":[{"embeddable":true,"href":"https:\/\/www.trabzonmanset.com\/index.php\/wp-json\/wp\/v2\/media\/10882"}],"wp:attachment":[{"href":"https:\/\/www.trabzonmanset.com\/index.php\/wp-json\/wp\/v2\/media?parent=10881"}],"wp:term":[{"taxonomy":"category","embeddable":true,"href":"https:\/\/www.trabzonmanset.com\/index.php\/wp-json\/wp\/v2\/categories?post=10881"},{"taxonomy":"post_tag","embeddable":true,"href":"https:\/\/www.trabzonmanset.com\/index.php\/wp-json\/wp\/v2\/tags?post=10881"}],"curies":[{"name":"wp","href":"https:\/\/api.w.org\/{rel}","templated":true}]}}