{"id":10878,"date":"2026-03-26T18:11:00","date_gmt":"2026-03-26T15:11:00","guid":{"rendered":"https:\/\/www.trabzonmanset.com\/?p=10878"},"modified":"2026-03-26T22:13:18","modified_gmt":"2026-03-26T19:13:18","slug":"uyusturucu-sorusturmasinda-6-unlu-isim-serbest-birakildi","status":"publish","type":"post","link":"https:\/\/www.trabzonmanset.com\/index.php\/2026\/03\/26\/uyusturucu-sorusturmasinda-6-unlu-isim-serbest-birakildi\/","title":{"rendered":"Uyu\u015fturucu soru\u015fturmas\u0131nda 6 \u00fcnl\u00fc isim serbest b\u0131rak\u0131ld\u0131"},"content":{"rendered":"\n<p>\u0130stanbul\u2019da y\u00fcr\u00fct\u00fclen uyu\u015fturucu soru\u015fturmas\u0131 kapsam\u0131nda adliyeye sevk edilen Kerim Sabanc\u0131, Hakan Sabanc\u0131, Fikret Orman, Burak Elmas, G\u00fczide Duran ve Didem Soydan, \u00e7\u0131kar\u0131ld\u0131klar\u0131 n\u00f6bet\u00e7i hakimlik\u00e7e \u2019yurt d\u0131\u015f\u0131na \u00e7\u0131k\u0131\u015f yasa\u011f\u0131\u2019 \u015feklinde adli kontrol karar\u0131 ile serbest b\u0131rak\u0131ld\u0131.<\/p>\n\n\n\n<p>\u0130stanbul Cumhuriyet Ba\u015fsavc\u0131l\u0131\u011f\u0131 Ka\u00e7ak\u00e7\u0131l\u0131k, Narkotik ve Ekonomik Su\u00e7lar Soru\u015fturma B\u00fcrosu taraf\u0131ndan \u00fcnl\u00fc isimlere y\u00f6nelik y\u00fcr\u00fct\u00fclen \u2019uyu\u015fturucu\u2019 soru\u015fturmas\u0131 s\u00fcr\u00fcyor. Soru\u015fturma kapsam\u0131nda adliyeye sevk edilen Fikret Orman, G\u00fczide Aksoy (G\u00fczide Duran), Hakan Sabanc\u0131, Kerim Sabanc\u0131, Burak Elmas, Sezgin K\u00f6ys\u00fcren, Ferhat Ayd\u0131n, L\u00fctfiye Tu\u011f\u00e7e \u00d6zbudak, Koray Serenli, Onur B\u00fck\u00e7\u00fc, \u0130smail Behram Perin\u00e7ekli, Didem Soydan, Onur Talay, Mustafa Tari\u2019nin savc\u0131l\u0131ktaki ifade verme i\u015flemleri tamamlanm\u0131\u015ft\u0131. \u015e\u00fcpheliler Kerim Sabanc\u0131, Hakan Sabanc\u0131, Fikret Orman, Burak Elmas, G\u00fczide Duran ve Didem Soydan, savc\u0131l\u0131\u011fa verdikleri ifadenin ard\u0131ndan \u00e7\u0131kar\u0131ld\u0131klar\u0131 n\u00f6bet\u00e7i hakimlik\u00e7e \u2019yurt d\u0131\u015f\u0131na \u00e7\u0131k\u0131\u015f yasa\u011f\u0131\u2019 \u015feklinde adli kontrol tedbiri uygulanmas\u0131 \u015fart\u0131yla serbest b\u0131rak\u0131ld\u0131. \u015e\u00fcpheliler Koray Serenli, Onur Talay, Sezgin K\u00f6ys\u00fcren ve Mustafa Tari \u00e7\u0131kar\u0131ld\u0131klar\u0131 n\u00f6bet\u00e7i hakimlik\u00e7e tutuklan\u0131rken, \u015f\u00fcpheliler L\u00fctfiye Tu\u011f\u00e7e \u00d6zbudak, Ferhat Ayd\u0131n ve \u0130smail Behram Perin\u00e7ekli\u2019ye \u2019konutu terk etmemek\u2019 \u015feklinde adli kontrol tedbiri uyguland\u0131.<\/p>\n\n\n\n<p>Onur B\u00fck\u00e7\u00fc ise savc\u0131l\u0131k i\u015flemleri sonras\u0131nda do\u011frudan serbest b\u0131rak\u0131lm\u0131\u015ft\u0131.<\/p>\n\n\n\n<p>Kaynak: \u0130HA<\/p>\n","protected":false},"excerpt":{"rendered":"<p>\u0130stanbul\u2019da y\u00fcr\u00fct\u00fclen uyu\u015fturucu soru\u015fturmas\u0131 kapsam\u0131nda adliyeye sevk edilen Kerim Sabanc\u0131, Hakan Sabanc\u0131, Fikret Orman, Burak Elmas, G\u00fczide Duran ve Didem Soydan, \u00e7\u0131kar\u0131ld\u0131klar\u0131 n\u00f6bet\u00e7i hakimlik\u00e7e \u2019yurt d\u0131\u015f\u0131na \u00e7\u0131k\u0131\u015f yasa\u011f\u0131\u2019 \u015feklinde adli kontrol karar\u0131 ile serbest b\u0131rak\u0131ld\u0131. \u0130stanbul Cumhuriyet Ba\u015fsavc\u0131l\u0131\u011f\u0131 Ka\u00e7ak\u00e7\u0131l\u0131k, Narkotik ve Ekonomik Su\u00e7lar Soru\u015fturma B\u00fcrosu taraf\u0131ndan \u00fcnl\u00fc isimlere y\u00f6nelik y\u00fcr\u00fct\u00fclen \u2019uyu\u015fturucu\u2019 soru\u015fturmas\u0131 s\u00fcr\u00fcyor. Soru\u015fturma kapsam\u0131nda [&hellip;]<\/p>\n","protected":false},"author":1,"featured_media":10879,"comment_status":"open","ping_status":"open","sticky":false,"template":"","format":"standard","meta":{"footnotes":""},"categories":[1371,1],"tags":[4658,4660,4657,4659,1865,4656,3442,2938],"class_list":["post-10878","post","type-post","status-publish","format-standard","has-post-thumbnail","hentry","category-asayis","category-gundem","tag-burak-elmas","tag-didem-soydan","tag-fikret-orman","tag-guzide-duran","tag-hakan-sabanci","tag-kerim-sabanci","tag-narkotik","tag-uyusturucu-sorusturmasi"],"_links":{"self":[{"href":"https:\/\/www.trabzonmanset.com\/index.php\/wp-json\/wp\/v2\/posts\/10878","targetHints":{"allow":["GET"]}}],"collection":[{"href":"https:\/\/www.trabzonmanset.com\/index.php\/wp-json\/wp\/v2\/posts"}],"about":[{"href":"https:\/\/www.trabzonmanset.com\/index.php\/wp-json\/wp\/v2\/types\/post"}],"author":[{"embeddable":true,"href":"https:\/\/www.trabzonmanset.com\/index.php\/wp-json\/wp\/v2\/users\/1"}],"replies":[{"embeddable":true,"href":"https:\/\/www.trabzonmanset.com\/index.php\/wp-json\/wp\/v2\/comments?post=10878"}],"version-history":[{"count":1,"href":"https:\/\/www.trabzonmanset.com\/index.php\/wp-json\/wp\/v2\/posts\/10878\/revisions"}],"predecessor-version":[{"id":10880,"href":"https:\/\/www.trabzonmanset.com\/index.php\/wp-json\/wp\/v2\/posts\/10878\/revisions\/10880"}],"wp:featuredmedia":[{"embeddable":true,"href":"https:\/\/www.trabzonmanset.com\/index.php\/wp-json\/wp\/v2\/media\/10879"}],"wp:attachment":[{"href":"https:\/\/www.trabzonmanset.com\/index.php\/wp-json\/wp\/v2\/media?parent=10878"}],"wp:term":[{"taxonomy":"category","embeddable":true,"href":"https:\/\/www.trabzonmanset.com\/index.php\/wp-json\/wp\/v2\/categories?post=10878"},{"taxonomy":"post_tag","embeddable":true,"href":"https:\/\/www.trabzonmanset.com\/index.php\/wp-json\/wp\/v2\/tags?post=10878"}],"curies":[{"name":"wp","href":"https:\/\/api.w.org\/{rel}","templated":true}]}}