{"id":10833,"date":"2026-03-24T20:20:00","date_gmt":"2026-03-24T17:20:00","guid":{"rendered":"https:\/\/www.trabzonmanset.com\/?p=10833"},"modified":"2026-03-24T22:34:00","modified_gmt":"2026-03-24T19:34:00","slug":"ekonomi-koordinasyon-kurulu-cumhurbaskani-yardimcisi-yilmaz-baskanliginda-toplandi","status":"publish","type":"post","link":"https:\/\/www.trabzonmanset.com\/index.php\/2026\/03\/24\/ekonomi-koordinasyon-kurulu-cumhurbaskani-yardimcisi-yilmaz-baskanliginda-toplandi\/","title":{"rendered":"Ekonomi Koordinasyon Kurulu, Cumhurba\u015fkan\u0131 Yard\u0131mc\u0131s\u0131 Y\u0131lmaz ba\u015fkanl\u0131\u011f\u0131nda topland\u0131"},"content":{"rendered":"\n<p>Ekonomi Koordinasyon Kurulu (EKK), Cumhurba\u015fkan\u0131 Yard\u0131mc\u0131s\u0131 Cevdet Y\u0131lmaz ba\u015fkanl\u0131\u011f\u0131nda topland\u0131.<\/p>\n\n\n\n<p>Cumhurba\u015fkanl\u0131\u011f\u0131 K\u00fclliyesi&#8217;ndeki toplant\u0131ya, Hazine ve Maliye Bakan\u0131 Mehmet \u015eim\u015fek, \u00c7al\u0131\u015fma ve Sosyal G\u00fcvenlik Bakan\u0131 Vedat I\u015f\u0131khan, Enerji ve Tabii Kaynaklar Bakan\u0131 Alparslan Bayraktar, K\u00fclt\u00fcr ve Turizm Bakan\u0131 Mehmet Nuri Ersoy, Sanayi ve Teknoloji Bakan\u0131 Mehmet Fatih Kac\u0131r, Tar\u0131m ve Orman Bakan\u0131 \u0130brahim Yumakl\u0131, Ticaret Bakan\u0131 \u00d6mer Bolat, AK Parti Grup Ba\u015fkan\u0131 Abdullah G\u00fcler, AK Parti Genel Ba\u015fkanvekili Mustafa Elita\u015f, AK Parti Genel Ba\u015fkan Yard\u0131mc\u0131s\u0131 Nihat Zeybekci ve Ahmet Baha \u00d6\u011f\u00fctken, Cumhurba\u015fkanl\u0131\u011f\u0131 Strateji ve B\u00fct\u00e7e Ba\u015fkan\u0131 \u0130brahim \u015eenel, T\u00fcrkiye Cumhuriyet Merkez Bankas\u0131 (TCMB) Ba\u015fkan\u0131 Fatih Karahan, Cumhurba\u015fkanl\u0131\u011f\u0131 Yat\u0131r\u0131m ve Finans Ofisi Ba\u015fkan\u0131 Ahmet Burak Da\u011fl\u0131o\u011flu ve baz\u0131 bakan yard\u0131mc\u0131lar\u0131 kat\u0131ld\u0131.<\/p>\n\n\n\n<h3 class=\"wp-block-heading\">Ekonomi Koordinasyon Kurulu toplant\u0131s\u0131n\u0131n ard\u0131ndan yaz\u0131l\u0131 a\u00e7\u0131klama yap\u0131ld\u0131<\/h3>\n\n\n\n<p>Ekonomi Koordinasyon Kurulu (EKK) toplant\u0131s\u0131n\u0131n ard\u0131ndan yap\u0131lan a\u00e7\u0131klamada, &#8220;B\u00f6lgemizdeki jeopolitik geli\u015fmelerin ve artan petrol fiyatlar\u0131n\u0131n cari i\u015flemler dengesi ve enflasyon \u00fczerindeki olas\u0131 etkileri yak\u0131ndan izlenmektedir. Bu s\u00fcre\u00e7te, petrol fiyatlar\u0131ndaki art\u0131\u015f\u0131n enflasyona yans\u0131mas\u0131n\u0131 s\u0131n\u0131rlamak amac\u0131yla e\u015fel mobil sistemi ge\u00e7ici olarak devreye al\u0131nm\u0131\u015ft\u0131r.&#8221; ifadesi kullan\u0131ld\u0131.<\/p>\n\n\n\n<p>Cumhurba\u015fkan\u0131 Yard\u0131mc\u0131s\u0131 Cevdet Y\u0131lmaz&#8217;\u0131n ba\u015fkanl\u0131\u011f\u0131nda EKK toplant\u0131s\u0131 d\u00fczenlendi.<\/p>\n\n\n\n<p>Cumhurba\u015fkanl\u0131\u011f\u0131 K\u00fclliyesi&#8217;ndeki toplant\u0131ya Hazine ve Maliye Bakan\u0131 Mehmet \u015eim\u015fek, \u00c7al\u0131\u015fma ve Sosyal G\u00fcvenlik Bakan\u0131 Vedat I\u015f\u0131khan, Enerji ve Tabii Kaynaklar Bakan\u0131 Alparslan Bayraktar, K\u00fclt\u00fcr ve Turizm Bakan\u0131 Mehmet Nuri Ersoy, Sanayi ve Teknoloji Bakan\u0131 Mehmet Fatih Kac\u0131r, Tar\u0131m ve Orman Bakan\u0131 \u0130brahim Yumakl\u0131, Ticaret Bakan\u0131 \u00d6mer Bolat, AK Parti Grup Ba\u015fkan\u0131 Abdullah G\u00fcler, AK Parti Genel Ba\u015fkanvekili Mustafa Elita\u015f, AK Parti Genel Ba\u015fkan Yard\u0131mc\u0131s\u0131 Nihat Zeybekci ve Ahmet Baha \u00d6\u011f\u00fctken, Cumhurba\u015fkanl\u0131\u011f\u0131 Strateji ve B\u00fct\u00e7e Ba\u015fkan\u0131 \u0130brahim \u015eenel, T\u00fcrkiye Cumhuriyet Merkez Bankas\u0131 (TCMB) Ba\u015fkan\u0131 Fatih Karahan, Cumhurba\u015fkanl\u0131\u011f\u0131 Yat\u0131r\u0131m ve Finans Ofisi Ba\u015fkan\u0131 Ahmet Burak Da\u011fl\u0131o\u011flu ve baz\u0131 bakan yard\u0131mc\u0131lar\u0131 kat\u0131ld\u0131.<\/p>\n\n\n\n<p>Toplant\u0131n\u0131n ard\u0131ndan yap\u0131lan yaz\u0131l\u0131 a\u00e7\u0131klamada, k\u00fcresel ekonominin belirsizliklerin ve jeopolitik gerilimlerin artt\u0131\u011f\u0131 bir s\u00fcre\u00e7ten ge\u00e7ti\u011fine i\u015faret edilerek, &#8220;Bu konjonkt\u00fcrde T\u00fcrkiye ekonomisi, g\u00fc\u00e7l\u00fc makroekonomik temelleri sayesinde \u015foklara kar\u015f\u0131 dayan\u0131kl\u0131l\u0131\u011f\u0131n\u0131 korumaktad\u0131r. Uygulad\u0131\u011f\u0131m\u0131z programla finansal istikrar g\u00fc\u00e7lenmi\u015f, makroekonomik dengeler \u00f6nemli \u00f6l\u00e7\u00fcde iyile\u015fmi\u015ftir.&#8221; de\u011ferlendirmesine yer verildi.<\/p>\n\n\n\n<p>D\u00fc\u015f\u00fck kamu borcu ve b\u00fct\u00e7e a\u00e7\u0131\u011f\u0131, g\u00fc\u00e7l\u00fc rezerv pozisyonu, azalan cari a\u00e7\u0131k, artan d\u0131\u015f kaynak giri\u015fi ve sa\u011flam bankac\u0131l\u0131k sekt\u00f6r\u00fcyle, T\u00fcrkiye ekonomisinin bir\u00e7ok \u00fclkeden olumlu y\u00f6nde ayr\u0131\u015ft\u0131\u011f\u0131 vurgulanan a\u00e7\u0131klamada, \u015fu ifadeler kullan\u0131ld\u0131:<\/p>\n\n\n\n<p>&#8220;\u00d6te yandan b\u00f6lgemizdeki jeopolitik geli\u015fmelerin ve artan petrol fiyatlar\u0131n\u0131n cari i\u015flemler dengesi ve enflasyon \u00fczerindeki olas\u0131 etkileri yak\u0131ndan izlenmektedir. Bu s\u00fcre\u00e7te, petrol fiyatlar\u0131ndaki art\u0131\u015f\u0131n enflasyona yans\u0131mas\u0131n\u0131 s\u0131n\u0131rlamak amac\u0131yla e\u015fel mobil sistemi ge\u00e7ici olarak devreye al\u0131nm\u0131\u015ft\u0131r. Ayr\u0131ca tar\u0131msal girdilerin arz\u0131na y\u00f6nelik al\u0131nan tedbirler ve stratejik stok y\u00f6netimi ile tar\u0131msal \u00fcretimin g\u00fc\u00e7l\u00fc yap\u0131s\u0131 korunmaktad\u0131r.<\/p>\n\n\n\n<p>Enerjide d\u0131\u015fa ba\u011f\u0131ml\u0131l\u0131\u011f\u0131 azaltmak ve cari a\u00e7\u0131\u011f\u0131 kal\u0131c\u0131 olarak d\u00fc\u015f\u00fcrmek amac\u0131yla \u00f6nceliklendirilen yerli ve yenilenebilir enerji yat\u0131r\u0131mlar\u0131 h\u0131zland\u0131r\u0131lmaktad\u0131r. Bu sayede hem enerji arz g\u00fcvenli\u011finin g\u00fc\u00e7lendirilmesi hem de rekabet g\u00fcc\u00fcn\u00fcn art\u0131r\u0131lmas\u0131 hedeflenmektedir. K\u00fcresel ticarette artan belirsizlikler ve korumac\u0131l\u0131k e\u011filimleri, d\u0131\u015f ticaret stratejilerinin yeniden \u015fekillendirilmesini gerekli k\u0131lmaktad\u0131r. Bu kapsamda, en \u00f6nemli ticaret orta\u011f\u0131m\u0131z olan Avrupa Birli\u011fi (AB) ile G\u00fcmr\u00fck Birli\u011fi\u2019nin g\u00fcncellenmesi ve ye\u015fil d\u00f6n\u00fc\u015f\u00fcm politikalar\u0131na uyum sa\u011flanmas\u0131na y\u00f6nelik \u00e7al\u0131\u015fmalar devam etmektedir.&#8221;<\/p>\n\n\n\n<h3 class=\"wp-block-heading\">&#8220;Gereken tedbirleri almay\u0131 s\u00fcrd\u00fcrece\u011fiz&#8221;<\/h3>\n\n\n\n<p>Bu kapsamda EKK toplant\u0131s\u0131nda, makroekonomik geli\u015fmelerin de\u011ferlendirildi\u011fi, ABD\/\u0130srail-\u0130ran Sava\u015f\u0131&#8217;n\u0131n k\u00fcresel ekonomi ve T\u00fcrkiye \u00fczerindeki olas\u0131 etkilerinin ele al\u0131nd\u0131\u011f\u0131 aktar\u0131lan a\u00e7\u0131klamada, T\u00fcrkiye&#8217;nin AB ile ticari ili\u015fkilerine y\u00f6nelik son d\u00f6nem geli\u015fmelerin \u00fczerinde duruldu\u011fu bilgisine yer verildi.<\/p>\n\n\n\n<p>Toplant\u0131da, Avrupa&#8217;da \u00fcretilen d\u00fc\u015f\u00fck karbonlu teknoloji ve \u00fcr\u00fcnlere talebi art\u0131rmay\u0131 ama\u00e7layan AB&#8217;nin &#8220;Sanayi H\u0131zland\u0131rma Yasa Tasar\u0131s\u0131&#8221;n\u0131n d\u0131\u015f ticarete olas\u0131 etkilerinin de ele al\u0131nd\u0131\u011f\u0131 belirtilerek, \u015funlar kaydedildi:<\/p>\n\n\n\n<p>&#8220;K\u00fcresel belirsizlikler ve jeopolitik gerilimlerin ekonomimize muhtemel etkilerini s\u0131n\u0131rland\u0131rmak amac\u0131yla g\u00fc\u00e7l\u00fc bir koordinasyon i\u00e7inde gereken tedbirleri almay\u0131 s\u00fcrd\u00fcrece\u011fiz. Enflasyonla m\u00fccadeleyi kal\u0131c\u0131 fiyat istikrar\u0131 sa\u011flanana kadar kararl\u0131 bir \u015fekilde y\u00fcr\u00fctece\u011fiz. De\u011fi\u015fen k\u00fcresel ticaret ko\u015fullar\u0131 kar\u015f\u0131s\u0131nda rekabet g\u00fcc\u00fcm\u00fcz\u00fc ve \u00fcretim kapasitemizi korumaya y\u00f6nelik ad\u0131mlar atmaya devam edece\u011fiz.&#8221;<\/p>\n\n\n\n<h3 class=\"wp-block-heading\">Bakan Bolat, Ekonomi Koordinasyon Kurulu toplant\u0131s\u0131n\u0131 de\u011ferlendirdi<\/h3>\n\n\n\n<p>Ticaret Bakan\u0131 \u00d6mer Bolat, NSosyal hesab\u0131ndan, Cumhurba\u015fkan\u0131 Yard\u0131mc\u0131s\u0131 Cevdet Y\u0131lmaz&#8217;\u0131n ba\u015fkanl\u0131\u011f\u0131nda ger\u00e7ekle\u015ftirdikleri, EKK toplant\u0131s\u0131na ili\u015fkin payla\u015f\u0131m yapt\u0131.<\/p>\n\n\n\n<p>Toplant\u0131da, ilgili bakanlar ve kurumlarla birlikte, ekonominin mevcut g\u00f6r\u00fcn\u00fcm\u00fcn\u00fc ve ilerleyen d\u00f6neme dair yol haritas\u0131n\u0131 kapsaml\u0131 \u015fekilde ele ald\u0131klar\u0131n\u0131 belirten Bolat, \u015fu de\u011ferlendirmelerde bulundu:<\/p>\n\n\n\n<p>&#8220;K\u00fcresel belirsizliklerin artt\u0131\u011f\u0131 bir d\u00f6nemde, makroekonomik istikrar\u0131n g\u00fc\u00e7lendirilmesi, enflasyonla m\u00fccadelede kararl\u0131l\u0131\u011f\u0131n s\u00fcrd\u00fcr\u00fclmesi, \u00fcretim ve ihracat\u0131n desteklenmesi, enerji arz g\u00fcvenli\u011finin tahkimi ve Avrupa Birli\u011fi ile ticari entegrasyonumuzun daha da ileri ta\u015f\u0131nmas\u0131 y\u00f6n\u00fcndeki ad\u0131mlar\u0131m\u0131z\u0131 de\u011ferlendirdik. Bakanl\u0131k olarak ihracat\u0131m\u0131z\u0131 art\u0131ran, \u00fcreticimizi ve yat\u0131r\u0131mc\u0131m\u0131z\u0131 g\u00fc\u00e7lendiren, tedarik zincirlerini sa\u011flamla\u015ft\u0131ran politikalar\u0131m\u0131z\u0131 kararl\u0131l\u0131kla s\u00fcrd\u00fcrecek, \u00fclkemizin rekabet g\u00fcc\u00fcn\u00fc y\u00fckselten her ad\u0131m\u0131n g\u00fc\u00e7l\u00fc bir payda\u015f\u0131 olmaya devam edece\u011fiz. T\u00fcrkiye ekonomisinin direncini art\u0131ran, \u00fcretim ve ticaretle b\u00fcy\u00fcyen &#8216;G\u00fc\u00e7l\u00fc T\u00fcrkiye&#8217; hedefi do\u011frultusunda, Cumhurba\u015fkan\u0131m\u0131z Say\u0131n Recep Tayyip Erdo\u011fan&#8217;\u0131n T\u00fcrkiye Y\u00fczy\u0131l\u0131 vizyonu \u00e7er\u00e7evesinde, \u00e7al\u0131\u015fmalar\u0131m\u0131z\u0131 azim ve kararl\u0131l\u0131kla s\u00fcrd\u00fcr\u00fcyoruz.&#8221;<\/p>\n\n\n\n<p>Kaynak: AA<\/p>\n","protected":false},"excerpt":{"rendered":"<p>Ekonomi Koordinasyon Kurulu (EKK), Cumhurba\u015fkan\u0131 Yard\u0131mc\u0131s\u0131 Cevdet Y\u0131lmaz ba\u015fkanl\u0131\u011f\u0131nda topland\u0131. Cumhurba\u015fkanl\u0131\u011f\u0131 K\u00fclliyesi&#8217;ndeki toplant\u0131ya, Hazine ve Maliye Bakan\u0131 Mehmet \u015eim\u015fek, \u00c7al\u0131\u015fma ve Sosyal G\u00fcvenlik Bakan\u0131 Vedat I\u015f\u0131khan, Enerji ve Tabii Kaynaklar Bakan\u0131 Alparslan Bayraktar, K\u00fclt\u00fcr ve Turizm Bakan\u0131 Mehmet Nuri Ersoy, Sanayi ve Teknoloji Bakan\u0131 Mehmet Fatih Kac\u0131r, Tar\u0131m ve Orman Bakan\u0131 \u0130brahim Yumakl\u0131, Ticaret Bakan\u0131 [&hellip;]<\/p>\n","protected":false},"author":1,"featured_media":10834,"comment_status":"open","ping_status":"open","sticky":false,"template":"","format":"standard","meta":{"footnotes":""},"categories":[1],"tags":[562,1067,634,4634,4633,4635,2873,1125,597,1110,970],"class_list":["post-10833","post","type-post","status-publish","format-standard","has-post-thumbnail","hentry","category-gundem","tag-ak-parti","tag-alparslan-bayraktar","tag-cevdet-yilmaz","tag-ekk","tag-ekonomi-koordinasyon-kurulu","tag-ibrahim-yumakli","tag-mehmet-fatih-kacir","tag-mehmet-nuri-ersoy","tag-mehmet-simsek","tag-omer-bolat","tag-vedat-isikhan"],"_links":{"self":[{"href":"https:\/\/www.trabzonmanset.com\/index.php\/wp-json\/wp\/v2\/posts\/10833","targetHints":{"allow":["GET"]}}],"collection":[{"href":"https:\/\/www.trabzonmanset.com\/index.php\/wp-json\/wp\/v2\/posts"}],"about":[{"href":"https:\/\/www.trabzonmanset.com\/index.php\/wp-json\/wp\/v2\/types\/post"}],"author":[{"embeddable":true,"href":"https:\/\/www.trabzonmanset.com\/index.php\/wp-json\/wp\/v2\/users\/1"}],"replies":[{"embeddable":true,"href":"https:\/\/www.trabzonmanset.com\/index.php\/wp-json\/wp\/v2\/comments?post=10833"}],"version-history":[{"count":1,"href":"https:\/\/www.trabzonmanset.com\/index.php\/wp-json\/wp\/v2\/posts\/10833\/revisions"}],"predecessor-version":[{"id":10835,"href":"https:\/\/www.trabzonmanset.com\/index.php\/wp-json\/wp\/v2\/posts\/10833\/revisions\/10835"}],"wp:featuredmedia":[{"embeddable":true,"href":"https:\/\/www.trabzonmanset.com\/index.php\/wp-json\/wp\/v2\/media\/10834"}],"wp:attachment":[{"href":"https:\/\/www.trabzonmanset.com\/index.php\/wp-json\/wp\/v2\/media?parent=10833"}],"wp:term":[{"taxonomy":"category","embeddable":true,"href":"https:\/\/www.trabzonmanset.com\/index.php\/wp-json\/wp\/v2\/categories?post=10833"},{"taxonomy":"post_tag","embeddable":true,"href":"https:\/\/www.trabzonmanset.com\/index.php\/wp-json\/wp\/v2\/tags?post=10833"}],"curies":[{"name":"wp","href":"https:\/\/api.w.org\/{rel}","templated":true}]}}