{"id":10830,"date":"2026-03-24T19:23:00","date_gmt":"2026-03-24T16:23:00","guid":{"rendered":"https:\/\/www.trabzonmanset.com\/?p=10830"},"modified":"2026-03-24T22:27:18","modified_gmt":"2026-03-24T19:27:18","slug":"cumhurbaskani-erdogan-bolgemizde-sevginin-barisin-kardesligin-evrensel-dilini-yuceltmeye-devam-edecegiz","status":"publish","type":"post","link":"https:\/\/www.trabzonmanset.com\/index.php\/2026\/03\/24\/cumhurbaskani-erdogan-bolgemizde-sevginin-barisin-kardesligin-evrensel-dilini-yuceltmeye-devam-edecegiz\/","title":{"rendered":"Cumhurba\u015fkan\u0131 Erdo\u011fan: B\u00f6lgemizde sevginin, bar\u0131\u015f\u0131n, karde\u015fli\u011fin evrensel dilini y\u00fcceltmeye devam edece\u011fiz"},"content":{"rendered":"\n<p>Cumhurba\u015fkan\u0131 Erdo\u011fan, &#8220;\u015eiddetin, kinin, nefretin diline teslim olmayacak, b\u00f6lgemizde sevginin, bar\u0131\u015f\u0131n, karde\u015fli\u011fin evrensel dilini y\u00fcceltmeye devam edece\u011fiz.\u201d dedi.<\/p>\n\n\n\n<p>Cumhurba\u015fkan\u0131 <strong>Recep Tayyip Erdo\u011fan<\/strong>, Cumhurba\u015fkanl\u0131\u011f\u0131 K\u00fclliyesi&#8217;ndeki Kabine Toplant\u0131s\u0131&#8217;n\u0131n ard\u0131ndan millete seslendi.<\/p>\n\n\n\n<p>Milletin ve t\u00fcm \u0130slam aleminin ge\u00e7mi\u015f Ramazan Bayram\u0131&#8217;n\u0131 tebrik eden Erdo\u011fan, her sene oldu\u011fu gibi bu y\u0131l da Ramazan-\u0131 \u015eerif&#8217;i anlam\u0131na ve ruhuna uygun bir \u015fekilde idrak etmeye \u00e7al\u0131\u015ft\u0131klar\u0131n\u0131 dile getirdi.<\/p>\n\n\n\n<p>Ramazan boyunca iyilik, payla\u015fma ve yard\u0131mla\u015fma duygular\u0131n\u0131 en \u00fcst seviyede ya\u015famaya ihtimam g\u00f6sterdiklerini anlatan Erdo\u011fan, \u015funlar\u0131 s\u00f6yledi:<\/p>\n\n\n\n<p>&#8220;Ramazan sevincimize g\u00f6lge d\u00fc\u015f\u00fcrmeye \u00e7al\u0131\u015fanlara ra\u011fmen 86 milyon olarak hamdolsun birbirimizin derdine derman olman\u0131n, birbirimize dost, karde\u015f, kom\u015fu ve arkada\u015f olman\u0131n s\u0131cakl\u0131\u011f\u0131n\u0131 kalplerimizde hissettik. Gen\u00e7lerimizden e\u011fitimcilerimize, emniyet g\u00fc\u00e7lerimizden cemaat vak\u0131flar\u0131n\u0131n temsilcilerine, emek\u00e7ilerimizden \u015fehit yak\u0131nlar\u0131m\u0131za kadar \u00e7ok geni\u015f bir yelpazeden vatanda\u015f\u0131m\u0131zla ayn\u0131 sofra etraf\u0131nda bulu\u015ftuk.&#8221;<\/p>\n\n\n\n<figure class=\"wp-block-image\"><img decoding=\"async\" src=\"https:\/\/www.aa.com.tr\/uploads\/userFiles\/40b5e6df-807a-4c96-8fee-5e91cbea23a3\/2026%2FMart%2Fdsdsfgt1.jpg\" alt=\"\"\/><\/figure>\n\n\n\n<h3 class=\"wp-block-heading\">&#8220;K\u00fclliyede Ramazan program\u0131 Ankara&#8217;da \u00e7ok \u00f6nemli bir ihtiyac\u0131 giderdi&#8221;<\/h3>\n\n\n\n<p>Cumhurba\u015fkan\u0131 Erdo\u011fan, ikincisini bu y\u0131l tertip ettikleri &#8220;K\u00fclliyede Ramazan&#8221; program\u0131n\u0131n halk\u0131n \u00e7ok b\u00fcy\u00fck ilgisine mazhar oldu\u011funu ifade ederek, &#8220;\u00c7o\u011fu \u00e7ocuk ve gen\u00e7 olmak \u00fczere 592 bin vatanda\u015f\u0131m\u0131z bu vesileyle K\u00fclliyemizi ziyaret etti. \u00d6zellikle \u00e7ocuklar\u0131m\u0131z kendileri i\u00e7in haz\u0131rlanan 12 bin metrekarelik alanda ramazan sevincini doyas\u0131ya ya\u015fad\u0131lar, e\u011flendiler, \u00f6\u011frendiler. Konferanslar, konserler, s\u00f6yle\u015filer, imza g\u00fcnleri dahil 8 binin \u00fczerinde etkinli\u011fin d\u00fczenlendi\u011fi &#8216;K\u00fclliyede Ramazan&#8217; program\u0131n\u0131n Ankara&#8217;da \u00e7ok \u00f6nemli bir ihtiyac\u0131 giderdi\u011fini memnuniyetle m\u00fc\u015fahede ettik.&#8221; diye konu\u015ftu.<\/p>\n\n\n\n<p>Milletle ve milletin de\u011ferleriyle kavgal\u0131 \u00e7evrelerin hedef ald\u0131\u011f\u0131 &#8220;Maarifin Kalbinde Ramazan&#8221; program\u0131n\u0131n da benzer \u015fekilde okullarda ramazan\u0131n \u00e7ok farkl\u0131 bir atmosferde teneff\u00fcs edilmesine katk\u0131 sa\u011flad\u0131\u011f\u0131n\u0131 vurgulayan Erdo\u011fan, \u015funlar\u0131 kaydetti:<\/p>\n\n\n\n<p>&#8220;Okul bah\u00e7elerini ne\u015feyle dolduran \u00e7ocuklar\u0131m\u0131z\u0131n ramazan co\u015fkusunu g\u00f6rmekten b\u00fcy\u00fck mutluluk duyduk. Ramazanda bir kere daha tan\u0131k olduk ki kim ne derse desin, millet\u00e7e etle t\u0131rnak gibiyiz. 86 milyon biriz, beraberiz; ezelden ebede kadar karde\u015fiz. \u0130n\u015fallah bu topraklarda ya\u015fad\u0131\u011f\u0131m\u0131z m\u00fcddet\u00e7e s\u0131k\u0131lm\u0131\u015f bir yumruk misali tek y\u00fcrek, tek bilek olmaya devam edece\u011fiz. Buradan Ramazan-\u0131 \u015eerif&#8217;i ve Ramazan Bayram\u0131&#8217;n\u0131 karde\u015flik, muhabbet ve dayan\u0131\u015fma seferberli\u011fine d\u00f6n\u00fc\u015ft\u00fcren t\u00fcm vatanda\u015flar\u0131ma, d\u00fczenledikleri etkinliklerle \u00f6\u011frencilerimize milli ve manevi de\u011ferlerimizi a\u015f\u0131layan t\u00fcm \u00f6\u011fretmenlerimize, \u00fclkemizdeki ihtiya\u00e7 sahipleriyle birlikte d\u00fcnyadaki mazlum ve ma\u011fdurlara da el uzatan vak\u0131f, dernek ve hay\u0131rseverlerimize, bayram s\u00fcresince vatanda\u015flar\u0131m\u0131z\u0131n g\u00fcvenli bir \u015fekilde seyahat etmelerini sa\u011flayan emniyet g\u00fc\u00e7lerimize te\u015fekk\u00fcr ediyorum. Rabb&#8217;imden niyaz\u0131m, bizleri b\u00f6lgemizde silah seslerinin duyulmad\u0131\u011f\u0131, bomba ve f\u00fcze g\u00fcr\u00fclt\u00fclerinin yerini \u00e7ocuklar\u0131n sevin\u00e7 \u00e7\u0131\u011fl\u0131klar\u0131n\u0131n ald\u0131\u011f\u0131, bayramlar\u0131n bayram gibi ya\u015fand\u0131\u011f\u0131 o mu\u015ftulu g\u00fcnlere kavu\u015fturmas\u0131d\u0131r.&#8221;<\/p>\n\n\n\n<figure class=\"wp-block-image\"><img decoding=\"async\" src=\"https:\/\/www.aa.com.tr\/uploads\/userFiles\/40b5e6df-807a-4c96-8fee-5e91cbea23a3\/2026%2FMart%2Fdsdswq1.jpg\" alt=\"\"\/><\/figure>\n\n\n\n<h3 class=\"wp-block-heading\">&#8220;Nevruz&#8217;u bahane ederek sinir u\u00e7lar\u0131yla oynayan al\u00e7aklarla ilgili gerekeni yap\u0131yoruz&#8221;<\/h3>\n\n\n\n<p>Bayram\u0131n \u00fc\u00e7\u00fcnc\u00fc g\u00fcn\u00fc Katar-T\u00fcrk Birle\u015fik M\u00fc\u015fterek Kuvvet Komutanl\u0131\u011f\u0131 b\u00fcnyesinde e\u011fitim faaliyetleri icra eden helikopterin kaza k\u0131r\u0131ma u\u011framas\u0131n\u0131n herkesin y\u00fcre\u011fini da\u011flad\u0131\u011f\u0131na i\u015faret eden Erdo\u011fan, &#8220;Helikopterin kaza k\u0131r\u0131ma u\u011framas\u0131 sebebiyle 4&#8217;\u00fc Katarl\u0131 olmak \u00fczere 7 personel \u015fehit oldu. Kazada \u015fehit olan Hava Savunma Binba\u015f\u0131 Sinan Ta\u015ftekin, ASELSAN teknisyenleri S\u00fcleyman Cemre Kahraman ve \u0130smail Enes Can ile Katar Silahl\u0131 Kuvvetleri mensuplar\u0131na Cenab\u0131allah&#8217;tan rahmet niyaz ediyorum. Katarl\u0131 karde\u015flerimizin ac\u0131s\u0131n\u0131 payla\u015f\u0131yor, \u015fehitlerimizin kederli ailelerine, yak\u0131nlar\u0131na, arkada\u015flar\u0131na ba\u015fsa\u011fl\u0131\u011f\u0131 dileklerimi iletiyorum. Rabb&#8217;im \u015fehitlerimizin ruhlar\u0131n\u0131 \u015fad, mekanlar\u0131n\u0131 in\u015fallah cennet eylesin.&#8221; \u015feklinde konu\u015ftu.<\/p>\n\n\n\n<p>Cumhurba\u015fkan\u0131 Erdo\u011fan, bahar\u0131n m\u00fcjdecisi, tabiat\u0131n yeniden dirili\u015finin sembol\u00fc olan Nevruz G\u00fcn\u00fc&#8217;n\u00fcn bu y\u0131l Ramazan Bayram\u0131&#8217;n\u0131n ikinci g\u00fcn\u00fc denk geldi\u011fini an\u0131msatarak, \u015f\u00f6yle konu\u015ftu:<\/p>\n\n\n\n<p>&#8220;Nevruz, Anadolu&#8217;dan Kafkaslar&#8217;a, Orta Asya&#8217;dan Orta Do\u011fu&#8217;ya pek \u00e7ok yerde karde\u015f halklar taraf\u0131ndan as\u0131rlard\u0131r bayram havas\u0131nda kutlan\u0131yor. Daha \u00f6nceki y\u0131llarda Nevruz&#8217;un ruhuna hi\u00e7 yak\u0131\u015fmayan tats\u0131z hadiseler ya\u015fanmakla birlikte, Ter\u00f6rs\u00fcz T\u00fcrkiye s\u00fcrecimizin de etkisiyle son iki y\u0131ld\u0131r bu olaylar\u0131n ciddi \u015fekilde azald\u0131\u011f\u0131n\u0131 g\u00f6r\u00fcyoruz. Diyarbak\u0131r ve \u0130stanbul&#8217;da oldu\u011fu gibi Nevruz&#8217;u bahane ederek milletimizin sinir u\u00e7lar\u0131yla oynayan al\u00e7aklarla ilgili de gerekeni yap\u0131yoruz. Nevruz&#8217;un temsil etti\u011fi de\u011ferlere g\u00f6lge d\u00fc\u015f\u00fcren hi\u00e7bir provokasyona izin vermeyiz. Bug\u00fcnlerde stratejik \u00f6nemi daha iyi anla\u015f\u0131lan Ter\u00f6rs\u00fcz T\u00fcrkiye s\u00fcrecimizi baltalamay\u0131 ama\u00e7layan bu tarz tahrikler bizden gereken cevab\u0131 alacakt\u0131r. T\u00fcrkiye&#8217;yi girdi\u011fi bu hay\u0131rl\u0131 yoldan d\u00f6nd\u00fcrmeye ne provokat\u00f6rlerin ne de onlar\u0131n \u00f6zellikle ipini ellerinde tutan a\u011fababalar\u0131n\u0131n g\u00fcc\u00fc yetmeyecektir. \u00d6n\u00fcm\u00fcze \u00e7\u0131kan \u00e7e\u015fitli engellere ra\u011fmen 17 ayd\u0131r b\u00fcy\u00fck bir sa\u011fduyu ile y\u00fcr\u00fctt\u00fc\u011f\u00fcm\u00fcz s\u00fcreci in\u015fallah menziline ula\u015ft\u0131raca\u011f\u0131z. Yolumuz yoku\u015f olabilir ama \u00fclkemizin \u00f6n\u00fc a\u00e7\u0131kt\u0131r, ufku a\u00e7\u0131kt\u0131r, Allah&#8217;\u0131n izniyle yar\u0131nlar\u0131 ayd\u0131nl\u0131kt\u0131r.&#8221;<\/p>\n\n\n\n<figure class=\"wp-block-image\"><img decoding=\"async\" src=\"https:\/\/www.aa.com.tr\/uploads\/userFiles\/40b5e6df-807a-4c96-8fee-5e91cbea23a3\/2026%2FMart%2Ficdfs1.jpg\" alt=\"\"\/><\/figure>\n\n\n\n<h3 class=\"wp-block-heading\">&#8220;B\u00f6lgemizde sevginin, bar\u0131\u015f\u0131n, karde\u015fli\u011fin evrensel dilini y\u00fcceltmeye devam edece\u011fiz&#8221;<\/h3>\n\n\n\n<p>&#8220;Ter\u00f6rs\u00fcz T\u00fcrkiye s\u00fcrecimiz nas\u0131l yar\u0131m as\u0131rl\u0131k kanl\u0131 bir oyunu bozuyorsa, Ter\u00f6rs\u00fcz B\u00f6lge idealimiz de T\u00fcrkler, K\u00fcrtler, Araplar ve Farslar aras\u0131na nifak duvarlar\u0131 \u00f6rmek isteyenlerin planlar\u0131na set \u00e7ekmektedir.&#8221; diyen Erdo\u011fan, konu\u015fmas\u0131na \u015fu s\u00f6zlerle devam etti:<\/p>\n\n\n\n<p>&#8220;Bunu \u00f6nce Suriye&#8217;nin kuzeyindeki geli\u015fmelerde g\u00f6rd\u00fck; son olarak bunu \u0130ran&#8217;a y\u00f6nelik kotar\u0131lmak istenen kirli planda g\u00f6rd\u00fck. Sadece bu iki b\u00f6lgesel geli\u015fmeye bakmak bile bizim 1,5 sene \u00f6nce ortaya koydu\u011fumuz vizyonun isabetini ve stratejik de\u011ferini anlamak i\u00e7in kafidir. Birlik ve beraberli\u011fimiz g\u00fc\u00e7lendik\u00e7e, karde\u015fli\u011fimiz peki\u015ftik\u00e7e, silah ve \u015fiddetin devri kapand\u0131k\u00e7a, bunu \u00f6zellikle s\u00f6yl\u00fcyorum, kazanan\u0131 hep s\u00f6yledi\u011fimiz gibi \u00fclkemiz olacak, milletimiz olacak, b\u00f6lgemizdeki karde\u015f halklar olacakt\u0131r. Bundan hi\u00e7bir vatanda\u015f\u0131m\u0131z\u0131n \u015f\u00fcphesi olmas\u0131n. Bak\u0131n\u0131z biz bu co\u011frafyada bin y\u0131ld\u0131r beraber ya\u015f\u0131yoruz. B\u00f6lgenin kadim sakinleri olarak h\u00fczn\u00fcm\u00fcz de sevincimiz de hep bir oldu. Bug\u00fcn de kalbimiz birlikte at\u0131yor, g\u00f6zya\u015flar\u0131m\u0131z birlikte ak\u0131yor. \u015eiddetin, kinin, nefretin diline teslim olmayacak; b\u00f6lgemizde sevginin, bar\u0131\u015f\u0131n, karde\u015fli\u011fin evrensel dilini y\u00fcceltmeye in\u015fallah devam edece\u011fiz.&#8221;<\/p>\n\n\n\n<p>Erdo\u011fan, &#8220;Maalesef sava\u015flar\u0131n g\u00f6lgesinde ge\u00e7irdi\u011fimiz Nevruz&#8217;un ba\u015fta milletimiz olmak \u00fczere, b\u00f6lge halklar\u0131na bar\u0131\u015f, huzur, bereket getirmesini diliyorum. Milletimizin Nevruz Bayram\u0131&#8217;n\u0131 bir kez daha tebrik ediyor, bu anlaml\u0131 g\u00fcn\u00fcn aram\u0131zdaki muhabbet ba\u011flar\u0131n\u0131 g\u00fc\u00e7lendirmesini temenni ediyorum.&#8221; ifadesini kulland\u0131.<\/p>\n\n\n\n<p>Kabine olarak ramazan boyunca ve bayram s\u00fcresince \u00e7al\u0131\u015fmalara h\u0131z kesmeden devam ettiklerini belirten Erdo\u011fan, gerek halkla bulu\u015fma ve kucakla\u015fma, gerekse d\u0131\u015f politik temaslar ba\u011flam\u0131nda olduk\u00e7a yo\u011fun ge\u00e7en iki haftay\u0131 daha geride b\u0131rakt\u0131klar\u0131n\u0131 s\u00f6yledi.<\/p>\n\n\n\n<p>Birle\u015fmi\u015f Milletler Genel Sekreteri Antonio Guterres&#8217;i 12 Mart&#8217;ta Cumhurba\u015fkanl\u0131\u011f\u0131 K\u00fclliyesi&#8217;nde a\u011f\u0131rlad\u0131klar\u0131n\u0131 ve kendisine Atat\u00fcrk Uluslararas\u0131 Bar\u0131\u015f \u00d6d\u00fcl\u00fc&#8217;n\u00fc takdim ettiklerini anlatan Erdo\u011fan, Gazze&#8217;deki soyk\u0131r\u0131m ba\u015fta olmak \u00fczere insani krizlere kar\u015f\u0131 en ba\u015f\u0131ndan beri ilkeli ve tutarl\u0131 bir tav\u0131r ortaya koyan Guterres&#8217;e te\u015fekk\u00fcr etti.<\/p>\n\n\n\n<p>Cerrahpa\u015fa T\u0131p Fak\u00fcltesinin birinci etab\u0131n\u0131n temelinin 13 Mart&#8217;ta at\u0131ld\u0131\u011f\u0131n\u0131 ve yap\u0131m\u0131 tamamlanan 16 hizmet binas\u0131n\u0131n resmi a\u00e7\u0131l\u0131\u015f\u0131n\u0131 ger\u00e7ekle\u015ftirdiklerini hat\u0131rlatan Erdo\u011fan, ayn\u0131 ak\u015fam Milli \u0130rade Platformu taraf\u0131ndan tertip edilen iftar program\u0131na i\u015ftirak ettiklerini s\u00f6yledi.<\/p>\n\n\n\n<p>T\u0131p Bayram\u0131&#8217;n\u0131n kutland\u0131\u011f\u0131 14 Mart&#8217;ta ise sa\u011fl\u0131k \u00e7al\u0131\u015fanlar\u0131yla ayn\u0131 iftar sofras\u0131n\u0131 payla\u015ft\u0131klar\u0131n\u0131 belirten Erdo\u011fan, &#8220;Bin aydan daha hay\u0131rl\u0131 olan Kadir Gecesi&#8217;ni idrak etti\u011fimiz 16 Mart&#8217;ta Kur&#8217;an-\u0131 Kerim&#8217;i g\u00fczel okuma yar\u0131\u015fmas\u0131 b\u00fcy\u00fck finaline kat\u0131larak hocalar\u0131m\u0131zla, haf\u0131zlar\u0131m\u0131zla ayn\u0131 manevi havay\u0131 soluduk. Tilavetleriyle g\u00f6nl\u00fcm\u00fcze ferahl\u0131k veren Kur&#8217;an b\u00fclb\u00fcl\u00fc karde\u015flerimi bir kez daha tebrik ediyor, bu g\u00fczel program\u0131 tam 10 y\u0131ld\u0131r ba\u015far\u0131yla ekranlara ta\u015f\u0131yan TRT ailemize ve Diyanet \u0130\u015fleri Ba\u015fkanl\u0131\u011f\u0131m\u0131za \u015fahs\u0131m, milletim ad\u0131na te\u015fekk\u00fcr ediyorum.&#8221; diye konu\u015ftu.<\/p>\n\n\n\n<p>Cumhurba\u015fkan\u0131 Erdo\u011fan, 17 Mart&#8217;ta Ankara&#8217;da Hac\u0131 \u0130brahim Demir Camisini ibadete a\u00e7t\u0131klar\u0131n\u0131 kaydederek, &#8220;Y\u0131llarca yer alt\u0131 mescitlerine mahkum ve mecbur edilen ba\u015fkentimize hem Sel\u00e7uklu hem de Osmanl\u0131 mimarisinden izler ta\u015f\u0131yan yeni bir camiyi daha b\u00f6ylelikle kazand\u0131rm\u0131\u015f olduk. Baya\u011f\u0131 g\u00fczel oldu ma\u015fallah.&#8221; dedi.<\/p>\n\n\n\n<p>Ayn\u0131 g\u00fcn gazeteci ve yazarlar\u0131 milletin evinde misafir ettiklerini hat\u0131rlatan Erdo\u011fan, \u015funlar\u0131 s\u00f6yledi:<\/p>\n\n\n\n<p>&#8220;Tarihimizin en \u015fanl\u0131 zaferlerinden biri olan 18 Mart \u00c7anakkale Destan\u0131&#8217;n\u0131n 111&#8217;inci y\u0131l d\u00f6n\u00fcm\u00fcnde hem e\u011fitim ailemizle bulu\u015ftuk hem de K\u00fclliyemizde sahnelenen &#8216;\u015e\u00fcheda 1915&#8217; tiyatro oyununu izledik. Ramazan Bayram\u0131&#8217;n\u0131n ilk g\u00fcn\u00fcnde Rize&#8217;de vatanda\u015flar\u0131m\u0131zla bir araya geldik. Devam\u0131nda G\u00fcneysu Tenzile Erdo\u011fan Devlet Hastanemizin resmi a\u00e7\u0131l\u0131\u015f t\u00f6renini icra ettik. Hem G\u00fcneysu il\u00e7emize hem de Rize&#8217;mize sa\u011fl\u0131k alan\u0131nda \u00e7ok \u00f6nemli bir de\u011fer katan hastanemizin hay\u0131rl\u0131 u\u011furlu olmas\u0131n\u0131 temenni ediyorum.&#8221;<\/p>\n\n\n\n<h3 class=\"wp-block-heading\">&#8220;Meselelerin \u00f6z\u00fc ve \u00f6zeti bu sorulara verilecek cevaplarda mahfuzdur&#8221;<\/h3>\n\n\n\n<p>K\u00fcresel sistemin, 2008 krizinden bu yana sanc\u0131l\u0131 ve sars\u0131nt\u0131l\u0131 oldu\u011fu kadar k\u00f6kl\u00fc bir de\u011fi\u015fim ve d\u00f6n\u00fc\u015f\u00fcm ge\u00e7irdi\u011fini dile getiren Erdo\u011fan, \u015f\u00f6yle devam etti:<\/p>\n\n\n\n<p>&#8220;S\u00f6z konusu de\u011fi\u015fim, d\u00f6rt ana eksende akt\u00f6rler aras\u0131ndaki rekabeti ciddi manada k\u0131z\u0131\u015ft\u0131rmaktad\u0131r. Uluslararas\u0131 sistem temelde \u015fu sorular\u0131n cevab\u0131n\u0131 aramaktad\u0131r: Teknolojiye kim y\u00f6n verecek? Veriyi ve yapay zekay\u0131 kim y\u00f6netecek? \u00dcretim, tedarik ve t\u00fcketim zincirlerini kim domine edecek? Enerji kaynaklar\u0131n\u0131 ve ticaret yollar\u0131n\u0131 kim kontrol edecek? \u00c7ok kutuplulu\u011fa do\u011fru evrilen d\u00fcnya d\u00fczeninde yeni kutup ba\u015flar\u0131 kimler ve hangi \u00fclkeler olacak? Evet, can yak\u0131c\u0131 sonu\u00e7lar\u0131yla bir s\u00fcredir y\u00fczle\u015fti\u011fimiz meselelerin \u00f6z\u00fc ve \u00f6zeti bu sorulara verilecek cevaplarda mahfuzdur.<\/p>\n\n\n\n<p>T\u0131pk\u0131 bir as\u0131r \u00f6nce oldu\u011fu gibi yeni d\u00fcnya d\u00fczeninin m\u00fccadele sahas\u0131 olarak bir kere daha b\u00f6lgemiz belirlenmi\u015ftir. Klasik ittifaklar \u00e7\u00f6z\u00fcl\u00fcrken, benzer tehdit ve tehlikelerle kar\u015f\u0131 kar\u015f\u0131ya olan \u00fclkeler aras\u0131nda yeni ittifaklar kurulmaktad\u0131r. Yine bu s\u00fcre\u00e7te b\u00f6lgesel i\u015f birli\u011finin daha \u00f6nce hi\u00e7 olmad\u0131\u011f\u0131 kadar \u00f6ne \u00e7\u0131kt\u0131\u011f\u0131n\u0131 g\u00f6rmekteyiz. D\u00fcnyan\u0131n bu yeni \u00e7at\u0131\u015fma ve sava\u015f konjonkt\u00fcr\u00fcne T\u00fcrkiye olarak, iktidar olarak hamdolsun \u00e7ok iyi haz\u0131rland\u0131k. T\u00fcrkiye&#8217;nin enerji arz g\u00fcvenli\u011fini g\u00fc\u00e7lendirecek ad\u0131mlar att\u0131k. Hem kaynak \u00e7e\u015fitlendirmesine hem de kendi yeralt\u0131 kaynaklar\u0131m\u0131z\u0131 devreye alacak projeleri hayata ge\u00e7irdik.&#8221;<\/p>\n\n\n\n<h3 class=\"wp-block-heading\">&#8220;\u0130n\u015fa etti\u011fimiz demir yollar\u0131, k\u00f6pr\u00fcler, t\u00fcneller sayesinde&#8221;<\/h3>\n\n\n\n<p>&#8220;Ula\u015ft\u0131rma alan\u0131nda zaten \u00fclkemizin k\u0131sa s\u00fcrede yazd\u0131\u011f\u0131 destan ortadad\u0131r.&#8221; diyen Erdo\u011fan, &#8220;\u015eayet Londra&#8217;dan \u00c7in&#8217;e kadar kesintisiz demir yoluyla gidilebiliyorsa bu \u00fclkemizde in\u015fa etti\u011fimiz demir yollar\u0131, k\u00f6pr\u00fcler, t\u00fcneller sayesindedir.&#8221; dedi.<\/p>\n\n\n\n<p>Ana muhalefetin &#8220;Ku\u015flar\u0131n g\u00f6\u00e7 yolunu engelliyor&#8221; diyerek kar\u015f\u0131 \u00e7\u0131kt\u0131\u011f\u0131 \u0130stanbul Havaliman\u0131&#8217;n\u0131n bayram boyunca 5 bin 871 u\u00e7u\u015fla toplam 874 bin yolcuya hizmet verdi\u011fine dikkati \u00e7eken Erdo\u011fan, havalimanlar\u0131n\u0131n tamam\u0131nda 16 bin 851 u\u00e7ak trafi\u011fiyle 2 milyon 531 bin yolcuya hizmet sunuldu\u011funu, demir yollar\u0131n\u0131 da 2 milyon 490 bin ki\u015finin kulland\u0131\u011f\u0131n\u0131 bildirdi.<\/p>\n\n\n\n<p>&#8220;Bankac\u0131l\u0131k sistemimiz ba\u015fta olmak \u00fczere finansal yap\u0131m\u0131z\u0131 beklenmedik \u015foklara kar\u015f\u0131 dayan\u0131kl\u0131 hale getirdik.&#8221; diyen Cumhurba\u015fkan\u0131 Erdo\u011fan, konu\u015fmas\u0131n\u0131 \u015f\u00f6yle s\u00fcrd\u00fcrd\u00fc:<\/p>\n\n\n\n<p>&#8220;Toplam 47 \u00fclke ile y\u00fcksek d\u00fczeyli i\u015f birli\u011fi konseyleri tesis ettik. Afrika ve Latin Amerika gibi ili\u015fkilerimizin k\u0131s\u0131tl\u0131 oldu\u011fu co\u011frafyalarla ticari ve be\u015feri m\u00fcnasebetlerimizi ilerlettik. Sanayi ve \u00fcretimde 182 yeni organize sanayi b\u00f6lgesi, 85 yeni teknopark kurarak altyap\u0131m\u0131z\u0131 tahkim ettik. Savunma sanayisinde katetti\u011fimiz mesafe ise akademik \u00e7al\u0131\u015fmalara konu olan b\u00fcy\u00fck bir ba\u015far\u0131 hikayesidir. Kar\u015f\u0131la\u015ft\u0131\u011f\u0131m\u0131z onca engele, gizli, a\u00e7\u0131k ambargoya ra\u011fmen hamdolsun pek \u00e7ok alanda kendi kendine yeten bir \u00fclke konumuna geldik. \u0130nsans\u0131z hava ara\u00e7lar\u0131ndan f\u00fcze ve roketlere, elektronik harp sistemlerinden hava savunma yeteneklerine, sava\u015f gemilerinden top, tank, helikopter, z\u0131rhl\u0131 ara\u00e7 ve ob\u00fcslere kadar \u00e7ok geni\u015f bir skalada yerli, milli imkanlarla b\u00fcy\u00fck i\u015fler ba\u015fard\u0131k. Bir ba\u015fka devrimi \u00fclkemizin g\u00fcvenlik paradigmas\u0131nda ger\u00e7ekle\u015ftirdik. T\u00fcrkiye&#8217;nin g\u00fcvenlik \u00e7emberini hudutlar\u0131m\u0131z\u0131n \u00f6tesine kadar geni\u015flettik. Aziz milletim, ilim ve hikmet p\u0131nar\u0131 koca Yunus&#8217;un o g\u00fczel ifadesiyle e\u011fer s\u00f6yleyecek olursak; &#8216;Dirildik, p\u0131nar olduk \/ \u0130rkildik, \u0131rmak olduk \/ Art\u0131k denize dolduk \/ Ta\u015ft\u0131k, elhamd\u00fclillah.&#8217; Biz de tam olarak bunu yapt\u0131k.&#8221;<\/p>\n\n\n\n<p>Yollar\u0131na konulan takozlar\u0131 tek tek kald\u0131rarak, \u00f6nlerine \u00f6r\u00fclen duvarlar\u0131 bir bir y\u0131karak bug\u00fcnlere geldiklerini belirten Erdo\u011fan, darbe giri\u015fiminden sokak olaylar\u0131na, ter\u00f6r sald\u0131r\u0131lar\u0131ndan salg\u0131na, depremden b\u00f6lgesel \u00e7at\u0131\u015fmalara kadar tek ba\u015f\u0131na bir \u00fclkeyi yere serecek badireleri, olabilecek en az hasarla atlatt\u0131klar\u0131n\u0131 ifade etti.<\/p>\n\n\n\n<p>Erdo\u011fan, &#8220;Bug\u00fcn kendi \u00f6nceliklerimiz do\u011frultusunda kendi kararlar\u0131m\u0131z\u0131 veriyor ve bunlar\u0131 uygulayabiliyorsak, gerisinde i\u015fte bu vizyoner hamleler bulunuyor.&#8221; diye konu\u015ftu.<\/p>\n\n\n\n<p>T\u00fcrkiye&#8217;nin, b\u00fcy\u00fckl\u00fc\u011f\u00fcn\u00fcn bilincinde bir \u00fclke olarak, b\u00f6lgesinde ve d\u00fcnyada duru\u015fuyla, tutumuyla, s\u00f6ylem ve icraatlar\u0131yla temay\u00fcz etti\u011fini dile getiren Erdo\u011fan, &#8220;T\u00fcrkiye, do\u011fruya do\u011fru, yanl\u0131\u015fa yanl\u0131\u015f diyebilme cesareti g\u00f6steren nadir \u00fclkelerden biridir. 28 \u015eubat&#8217;ta kom\u015fumuz \u0130ran&#8217;a y\u00f6nelik \u0130srail&#8217;in bask\u0131s\u0131yla ba\u015flayan sald\u0131r\u0131lar sonras\u0131nda \u00fclkemizin bu vasf\u0131 daha \u00e7ok konu\u015fulmaya ba\u015fland\u0131. T\u00fcrkiye, b\u00f6lgemizi kan ve barut kokusuna bo\u011fan bu s\u00fcreci ilk g\u00fcnden itibaren do\u011fru okuyan, do\u011fru analiz eden devlet akl\u0131n\u0131n temsilcisi olarak ad\u0131ndan \u00f6vg\u00fcyle s\u00f6z ettiren \u00fclkelerin en ba\u015f\u0131nda yer al\u0131yor.&#8221; ifadelerini kulland\u0131.<\/p>\n\n\n\n<h3 class=\"wp-block-heading\">&#8220;Birilerinin bizi \u00e7ekmek istedi\u011fi tuzaklara d\u00fc\u015fm\u00fcyoruz&#8221;<\/h3>\n\n\n\n<p>Cumhurba\u015fkan\u0131 Erdo\u011fan, tarihlerinin hi\u00e7bir d\u00f6neminde oyuna gelmediklerine dikkati \u00e7ekerek, &#8220;Bug\u00fcn de birilerinin bizi \u00e7ekmek istedi\u011fi tuzaklara d\u00fc\u015fm\u00fcyoruz. Tedbirli, temkinli ve so\u011fukkanl\u0131 bir \u015fekilde, s\u00fckuneti elden b\u0131rakmadan, karde\u015flik ve kom\u015fuluk hukukuna riayet ederek bu s\u00fcreci y\u00f6netiyoruz.&#8221; dedi.<\/p>\n\n\n\n<p>Erdo\u011fan, s\u00f6zlerini \u015f\u00f6yle s\u00fcrd\u00fcrd\u00fc:<\/p>\n\n\n\n<p>&#8220;Tekrar ediyorum, \u00fclkemizi bu ate\u015f \u00e7emberinin d\u0131\u015f\u0131nda tutmakta kararl\u0131y\u0131z. Sava\u015f\u0131n b\u00f6lge \u00fclkeleri aras\u0131nda bir y\u0131pratma sava\u015f\u0131na d\u00f6n\u00fc\u015fmesini asla istemiyoruz. \u015euras\u0131 bir ger\u00e7ek ki sava\u015f sadece \u015fehirlerde ve \u00fcretim tesislerinde de\u011fil, zihinlerde ve g\u00f6n\u00fcllerde a\u00e7t\u0131\u011f\u0131 tahribatla derin izler b\u0131rakmaktad\u0131r. \u00d6zellikle K\u00f6rfez&#8217;deki \u00fclkelere y\u00f6nelik misillemelerin b\u00f6yle bir riski vard\u0131r. Bunlar kar\u015f\u0131l\u0131kl\u0131 \u00f6fkeyi b\u00fcy\u00fctecek, nefreti k\u00f6r\u00fckleyecek, karde\u015fler aras\u0131na yeni nifak tohumlar\u0131n\u0131n ekilmesine zemin haz\u0131rlayacakt\u0131r. Buna f\u0131rsat verilmemelidir.&#8221;<\/p>\n\n\n\n<p>Sava\u015f uzad\u0131k\u00e7a ba\u015fka komplikasyonlar\u0131n da ortaya \u00e7\u0131kt\u0131\u011f\u0131na i\u015faret eden Erdo\u011fan, &#8220;Bilhassa d\u00fcnya enerji ticaretinin y\u00fczde 20&#8217;sinin ge\u00e7ti\u011fi stratejik H\u00fcrm\u00fcz Bo\u011faz\u0131&#8217;n\u0131n kapanmas\u0131, k\u00fcresel ekonomiyi ciddi bir t\u00fcrb\u00fclansa sokmu\u015ftur. 28 \u015eubat&#8217;tan bu yana Brent petrol\u00fcn varil fiyat\u0131 y\u00fczde 40 artm\u0131\u015ft\u0131r.&#8221; diye konu\u015ftu.<\/p>\n\n\n\n<p>Bunun \u00fczerine baz\u0131 \u00fclkelerin, yak\u0131t t\u00fcketimini d\u00fc\u015f\u00fcrmek amac\u0131yla depolara litre k\u0131s\u0131tlamas\u0131 getirmekten okullar\u0131n tatil edilmesine kadar bir dizi tedbiri devreye ald\u0131\u011f\u0131n\u0131 vurgulayan Erdo\u011fan, \u015funlar\u0131 kaydetti:<\/p>\n\n\n\n<p>&#8220;G\u00fcnden g\u00fcne kabaran ekonomik fatura kar\u015f\u0131s\u0131nda sava\u015f\u0131n bir an \u00f6nce sona erdirilmesine y\u00f6nelik \u00e7a\u011fr\u0131lar h\u0131z kazanm\u0131\u015ft\u0131r. Son 25 g\u00fcn bize \u015funu g\u00f6stermi\u015ftir, sava\u015f, \u0130srail&#8217;in sava\u015f\u0131 olmakla birlikte bedelini t\u00fcm d\u00fcnya \u00f6d\u00fcyor. Sava\u015f, Netanyahu&#8217;nun ikbal sava\u015f\u0131 ama ceremesini 8 milyar \u00e7ekiyor. Netanyahu&#8217;nun ba\u015f\u0131nda oldu\u011fu katliam \u015febekesi, b\u00f6lge bar\u0131\u015f\u0131 ad\u0131na, insanl\u0131k ad\u0131na art\u0131k derhal durdurulmal\u0131, her \u00fclke bu konuda cesur ve \u00f6n al\u0131c\u0131 bir tutum sergilemelidir. Daha fazla y\u0131k\u0131m olmadan, daha fazla kan d\u00f6k\u00fclmeden, araya daha fazla husumet girmeden, t\u00fcm bunlar\u0131n yan\u0131 s\u0131ra k\u00fcresel ekonomide telafisi y\u0131llar alacak tahribat olu\u015fmadan bu anlams\u0131z ve hukuksuz sava\u015f bitmeli, diyalog kap\u0131s\u0131 a\u00e7\u0131lmal\u0131, sonu\u00e7 al\u0131c\u0131 m\u00fczakere s\u00fcrecine s\u00fcratle ba\u015flanmal\u0131d\u0131r. \u0130srail&#8217;in uzla\u015fmaz, maksimalist, radikal tavr\u0131n\u0131n diplomatik \u00e7\u00f6z\u00fcm yollar\u0131n\u0131 kundaklamas\u0131na m\u00fcsaade edilmemelidir. D\u00fcnya bar\u0131\u015f\u0131 ve istikrar\u0131na \u00f6nem veren hi\u00e7bir \u00fclke, bundan b\u00f6yle \u0130srail&#8217;in haks\u0131z yere b\u00f6lgemizde yakt\u0131\u011f\u0131 ate\u015fe odun ta\u015f\u0131mamal\u0131d\u0131r. T\u00fcrkiye t\u00fcm g\u00fcc\u00fcyle, t\u00fcm imkanlar\u0131yla, uhdesinde bulunan t\u00fcm ara\u00e7larla bar\u0131\u015f\u0131n, adaletin, istikrar\u0131n tesisi i\u00e7in \u00e7al\u0131\u015fmaya devam edecektir.&#8221;<\/p>\n\n\n\n<h3 class=\"wp-block-heading\">&#8220;\u0130\u00e7i\u015fleri Bakanl\u0131\u011f\u0131m\u0131z\u0131 talimatland\u0131rd\u0131k&#8221;<\/h3>\n\n\n\n<p>Cumhurba\u015fkan\u0131 Erdo\u011fan, kabinenin 60&#8217;\u0131nc\u0131 toplant\u0131s\u0131nda, trafik g\u00fcvenli\u011finden enerjiye, b\u00f6lgesel geli\u015fmelerden d\u0131\u015f politikaya pek \u00e7ok konuyu enine boyuna de\u011ferlendirdiklerini belirterek, &#8220;Son g\u00fcnlerde ara\u00e7 sahiplerinin serzeni\u015flerine sebep olan plaka, g\u00f6r\u00fcnt\u00fc ve ses sistemleriyle ilgili uygulama s\u00fcrecinin vatanda\u015flar\u0131m\u0131zda yeni ma\u011fduriyetlere yol a\u00e7madan \u00e7ok dikkatli y\u00f6netilmesi noktas\u0131nda \u0130\u00e7i\u015fleri Bakanl\u0131\u011f\u0131m\u0131z\u0131 talimatland\u0131rd\u0131k.&#8221; dedi.<\/p>\n\n\n\n<p>\u0130ran&#8217;daki sava\u015f\u0131n piyasalarda sebep oldu\u011fu dalgalanmalar\u0131 yak\u0131ndan takip ettiklerini belirten Erdo\u011fan, \u015fu ifadeleri kulland\u0131:<\/p>\n\n\n\n<p>&#8220;Petrol fiyatlar\u0131n\u0131 aniden y\u00fckselten bu k\u00fcresel \u015fokun hi\u00e7 ku\u015fkusuz T\u00fcrkiye ekonomisine de yans\u0131malar\u0131 olmaktad\u0131r. T\u00fcm d\u00fcnyay\u0131 olumsuz etkileyen bu s\u00fcre\u00e7ten vatanda\u015flar\u0131m\u0131z\u0131 korumak i\u00e7in E\u015fel Mobil gibi farkl\u0131 tedbirleri devreye al\u0131yoruz. \u015eu ger\u00e7e\u011fi bug\u00fcn bir kez daha t\u00fcm samimiyetimle ifade etmek isterim, bu t\u00fcr beklenmedik \u015foklar kar\u015f\u0131s\u0131nda T\u00fcrkiye ekonomisinin diren\u00e7 e\u015fi\u011fi \u015fu an tarihinin en y\u00fcksek seviyesindedir. Bundan hi\u00e7 kimsenin teredd\u00fcd\u00fc olmas\u0131n. Milletim \u015fu hususu da l\u00fctfen akl\u0131ndan \u00e7\u0131karmas\u0131n, T\u00fcrkiye&#8217;nin bug\u00fcnk\u00fc seviyelerine gelmesinin temelinde siyasette istikrar ve g\u00fcven ortam\u0131n\u0131n k\u00f6kle\u015fmesi vard\u0131r. Siyasette g\u00fcveni ve istikrar\u0131 korudu\u011fumuz s\u00fcrece Allah&#8217;\u0131n izniyle her t\u00fcrl\u00fc engeli a\u015far, her t\u00fcrl\u00fc s\u0131k\u0131nt\u0131n\u0131n \u00fcstesinden kolayca geliriz. Ancak burada bir zafiyet olu\u015fursa bu sefer hep beraber zorluk \u00e7ekeriz. Biz as\u0131rlara sari tarihinde fele\u011fin \u00e7emberinden ge\u00e7mi\u015f, akrebin k\u0131skac\u0131nda yo\u011frulmu\u015f bir milletiz.&#8221;<\/p>\n\n\n\n<p>Erdo\u011fan, Alev Alatl\u0131&#8217;n\u0131n, &#8220;T\u00fcrkiye&#8217;yi ille de bir \u015feye benzetecekseniz, her buda\u011f\u0131ndan s\u00fcrg\u00fcn atan salk\u0131m sa\u00e7ak bir asmaya benzeteceksiniz. Bir s\u00fcrg\u00fcn\u00fc \u00e7i\u00e7e\u011fe dururken di\u011ferinin kurumakta, \u00f6tekinin ise \u00fcz\u00fcm vermekte oldu\u011funu g\u00f6receksiniz.&#8221; tespitinin ne kadar \u00f6nemli oldu\u011funu anlad\u0131klar\u0131 g\u00fcnlerden ge\u00e7tiklerini s\u00f6yledi.<\/p>\n\n\n\n<p>Devlet ve millet olarak bu d\u00f6nemden de g\u00fc\u00e7lenerek \u00e7\u0131kacaklar\u0131ndan en k\u00fc\u00e7\u00fck bir \u015f\u00fcphe duymad\u0131\u011f\u0131n\u0131 vurgulayan Erdo\u011fan, &#8220;Rabb&#8217;im T\u00fcrkiye&#8217;nin yolunu, baht\u0131n\u0131, ufkunu a\u00e7\u0131k etsin diyorum. Bu d\u00fc\u015f\u00fcncelerle Kabinemizde ald\u0131\u011f\u0131m\u0131z kararlar\u0131n her bir vatanda\u015f\u0131m\u0131za hay\u0131rl\u0131, u\u011furlu olmas\u0131n\u0131 diliyorum. Hepinizi tekrar sevgiyle, sayg\u0131yla selaml\u0131yorum. Kal\u0131n sa\u011fl\u0131cakla.&#8221; diye konu\u015ftu.<\/p>\n\n\n\n<p>Kaynak: AA<\/p>\n","protected":false},"excerpt":{"rendered":"<p>Cumhurba\u015fkan\u0131 Erdo\u011fan, &#8220;\u015eiddetin, kinin, nefretin diline teslim olmayacak, b\u00f6lgemizde sevginin, bar\u0131\u015f\u0131n, karde\u015fli\u011fin evrensel dilini y\u00fcceltmeye devam edece\u011fiz.\u201d dedi. Cumhurba\u015fkan\u0131 Recep Tayyip Erdo\u011fan, Cumhurba\u015fkanl\u0131\u011f\u0131 K\u00fclliyesi&#8217;ndeki Kabine Toplant\u0131s\u0131&#8217;n\u0131n ard\u0131ndan millete seslendi. Milletin ve t\u00fcm \u0130slam aleminin ge\u00e7mi\u015f Ramazan Bayram\u0131&#8217;n\u0131 tebrik eden Erdo\u011fan, her sene oldu\u011fu gibi bu y\u0131l da Ramazan-\u0131 \u015eerif&#8217;i anlam\u0131na ve ruhuna uygun bir \u015fekilde [&hellip;]<\/p>\n","protected":false},"author":1,"featured_media":10831,"comment_status":"open","ping_status":"open","sticky":false,"template":"","format":"standard","meta":{"footnotes":""},"categories":[11],"tags":[846,550,1697,620],"class_list":["post-10830","post","type-post","status-publish","format-standard","has-post-thumbnail","hentry","category-manset","tag-cumhurbaskani-erdogan","tag-gundem","tag-kabine-toplantisi","tag-recep-tayyip-erdogan"],"_links":{"self":[{"href":"https:\/\/www.trabzonmanset.com\/index.php\/wp-json\/wp\/v2\/posts\/10830","targetHints":{"allow":["GET"]}}],"collection":[{"href":"https:\/\/www.trabzonmanset.com\/index.php\/wp-json\/wp\/v2\/posts"}],"about":[{"href":"https:\/\/www.trabzonmanset.com\/index.php\/wp-json\/wp\/v2\/types\/post"}],"author":[{"embeddable":true,"href":"https:\/\/www.trabzonmanset.com\/index.php\/wp-json\/wp\/v2\/users\/1"}],"replies":[{"embeddable":true,"href":"https:\/\/www.trabzonmanset.com\/index.php\/wp-json\/wp\/v2\/comments?post=10830"}],"version-history":[{"count":1,"href":"https:\/\/www.trabzonmanset.com\/index.php\/wp-json\/wp\/v2\/posts\/10830\/revisions"}],"predecessor-version":[{"id":10832,"href":"https:\/\/www.trabzonmanset.com\/index.php\/wp-json\/wp\/v2\/posts\/10830\/revisions\/10832"}],"wp:featuredmedia":[{"embeddable":true,"href":"https:\/\/www.trabzonmanset.com\/index.php\/wp-json\/wp\/v2\/media\/10831"}],"wp:attachment":[{"href":"https:\/\/www.trabzonmanset.com\/index.php\/wp-json\/wp\/v2\/media?parent=10830"}],"wp:term":[{"taxonomy":"category","embeddable":true,"href":"https:\/\/www.trabzonmanset.com\/index.php\/wp-json\/wp\/v2\/categories?post=10830"},{"taxonomy":"post_tag","embeddable":true,"href":"https:\/\/www.trabzonmanset.com\/index.php\/wp-json\/wp\/v2\/tags?post=10830"}],"curies":[{"name":"wp","href":"https:\/\/api.w.org\/{rel}","templated":true}]}}