{"id":10714,"date":"2026-03-17T16:12:00","date_gmt":"2026-03-17T13:12:00","guid":{"rendered":"https:\/\/www.trabzonmanset.com\/?p=10714"},"modified":"2026-03-18T00:14:54","modified_gmt":"2026-03-17T21:14:54","slug":"samsunda-feci-kaza","status":"publish","type":"post","link":"https:\/\/www.trabzonmanset.com\/index.php\/2026\/03\/17\/samsunda-feci-kaza\/","title":{"rendered":"Samsun&#8217;da feci kaza!"},"content":{"rendered":"\n<p>Vakaya giden ambulans kaza yapt\u0131: 1 \u00f6l\u00fc, 3 yaral\u0131<\/p>\n\n\n\n<figure class=\"wp-block-video\"><video controls src=\"https:\/\/www.trabzonmanset.com\/wp-content\/uploads\/2026\/03\/samsun.mp4\"><\/video><\/figure>\n\n\n\n<p>Samsun\u2019da vakaya giden ambulans ile f\u0131nd\u0131k y\u00fckl\u00fc kamyonun \u00e7arp\u0131\u015fmas\u0131 sonucu 1 sa\u011fl\u0131k \u00e7al\u0131\u015fan\u0131 hayat\u0131n\u0131 kaybetti, 3 ki\u015fi yaraland\u0131.<\/p>\n\n\n\n<p>Edinilen bilgilere g\u00f6re, \u00c7ar\u015famba il\u00e7esi Samsun-Ordu Karayolu \u00fczerinde seyir halinde olan Cemal \u00dcre idaresindeki 55 AHY 556 plakal\u0131 f\u0131nd\u0131k y\u00fckl\u00fc kamyon ile vakaya gitmekte olan Recep Sa\u011f\u0131ro\u011flu idaresindeki 55 ATY 154 plakal\u0131 ambulans \u00e7arp\u0131\u015ft\u0131. Kazan\u0131n ard\u0131ndan olay yerine \u00e7ok say\u0131da sa\u011fl\u0131k ve polis ekibi sevk edildi.<\/p>\n\n\n\n<p>Kazada a\u011f\u0131r yaralanan ambulans s\u00fcr\u00fcc\u00fcs\u00fc Recep Sa\u011f\u0131ro\u011flu kald\u0131r\u0131ld\u0131\u011f\u0131 \u00c7ar\u015famba Devlet Hastanesi\u2019nde hayat\u0131n\u0131 kaybetti. Ambulansta bulunan sa\u011fl\u0131k \u00e7al\u0131\u015fanlar\u0131 Tu\u011fba Ardal ve O\u011fuzhan K\u00fclle ve kamyon s\u00fcr\u00fcc\u00fcs\u00fc Cemal \u00dcre yaraland\u0131.<\/p>\n\n\n\n<p>Kazayla ilgili soru\u015fturma ba\u015flat\u0131ld\u0131.<\/p>\n\n\n\n<p>Kaynak: \u0130HA<\/p>\n","protected":false},"excerpt":{"rendered":"<p>Vakaya giden ambulans kaza yapt\u0131: 1 \u00f6l\u00fc, 3 yaral\u0131 Samsun\u2019da vakaya giden ambulans ile f\u0131nd\u0131k y\u00fckl\u00fc kamyonun \u00e7arp\u0131\u015fmas\u0131 sonucu 1 sa\u011fl\u0131k \u00e7al\u0131\u015fan\u0131 hayat\u0131n\u0131 kaybetti, 3 ki\u015fi yaraland\u0131. Edinilen bilgilere g\u00f6re, \u00c7ar\u015famba il\u00e7esi Samsun-Ordu Karayolu \u00fczerinde seyir halinde olan Cemal \u00dcre idaresindeki 55 AHY 556 plakal\u0131 f\u0131nd\u0131k y\u00fckl\u00fc kamyon ile vakaya gitmekte olan Recep Sa\u011f\u0131ro\u011flu idaresindeki [&hellip;]<\/p>\n","protected":false},"author":1,"featured_media":10715,"comment_status":"open","ping_status":"open","sticky":false,"template":"","format":"standard","meta":{"footnotes":""},"categories":[1,9],"tags":[1831,4583,4582,606,4581],"class_list":["post-10714","post","type-post","status-publish","format-standard","has-post-thumbnail","hentry","category-gundem","category-video-galeri","tag-ambulans","tag-carsamba-devlet-hastanesi","tag-recep-sagiroglu","tag-samsun","tag-samsun-kaza"],"_links":{"self":[{"href":"https:\/\/www.trabzonmanset.com\/index.php\/wp-json\/wp\/v2\/posts\/10714","targetHints":{"allow":["GET"]}}],"collection":[{"href":"https:\/\/www.trabzonmanset.com\/index.php\/wp-json\/wp\/v2\/posts"}],"about":[{"href":"https:\/\/www.trabzonmanset.com\/index.php\/wp-json\/wp\/v2\/types\/post"}],"author":[{"embeddable":true,"href":"https:\/\/www.trabzonmanset.com\/index.php\/wp-json\/wp\/v2\/users\/1"}],"replies":[{"embeddable":true,"href":"https:\/\/www.trabzonmanset.com\/index.php\/wp-json\/wp\/v2\/comments?post=10714"}],"version-history":[{"count":1,"href":"https:\/\/www.trabzonmanset.com\/index.php\/wp-json\/wp\/v2\/posts\/10714\/revisions"}],"predecessor-version":[{"id":10717,"href":"https:\/\/www.trabzonmanset.com\/index.php\/wp-json\/wp\/v2\/posts\/10714\/revisions\/10717"}],"wp:featuredmedia":[{"embeddable":true,"href":"https:\/\/www.trabzonmanset.com\/index.php\/wp-json\/wp\/v2\/media\/10715"}],"wp:attachment":[{"href":"https:\/\/www.trabzonmanset.com\/index.php\/wp-json\/wp\/v2\/media?parent=10714"}],"wp:term":[{"taxonomy":"category","embeddable":true,"href":"https:\/\/www.trabzonmanset.com\/index.php\/wp-json\/wp\/v2\/categories?post=10714"},{"taxonomy":"post_tag","embeddable":true,"href":"https:\/\/www.trabzonmanset.com\/index.php\/wp-json\/wp\/v2\/tags?post=10714"}],"curies":[{"name":"wp","href":"https:\/\/api.w.org\/{rel}","templated":true}]}}