{"id":10557,"date":"2026-03-13T20:25:00","date_gmt":"2026-03-13T17:25:00","guid":{"rendered":"https:\/\/www.trabzonmanset.com\/?p=10557"},"modified":"2026-03-14T01:27:52","modified_gmt":"2026-03-13T22:27:52","slug":"cumhurbaskani-erdogan-ulkemizi-bu-ates-cukurundan-uzakta-tutmak-birinci-onceligimizdir","status":"publish","type":"post","link":"https:\/\/www.trabzonmanset.com\/index.php\/2026\/03\/13\/cumhurbaskani-erdogan-ulkemizi-bu-ates-cukurundan-uzakta-tutmak-birinci-onceligimizdir\/","title":{"rendered":"Cumhurba\u015fkan\u0131 Erdo\u011fan: \u00dclkemizi bu ate\u015f \u00e7ukurundan uzakta tutmak birinci \u00f6nceli\u011fimizdir"},"content":{"rendered":"\n<p>Cumhurba\u015fkan\u0131 Recep Tayyip Erdo\u011fan, &#8220;\u00dclkemizi bu ate\u015f \u00e7ukurundan uzakta tutmak birinci \u00f6nceli\u011fimizdir.&#8221; dedi.<\/p>\n\n\n\n<p>Cumhurba\u015fkan\u0131 Erdo\u011fan, bu y\u0131l 10&#8217;uncusu Bak\u0131rk\u00f6y&#8217;de bir otelde ger\u00e7ekle\u015ftirilen Milli \u0130rade \u0130ftar Program\u0131&#8217;ndaki konu\u015fmas\u0131nda kat\u0131l\u0131mc\u0131lar\u0131 selamlarken, geleneksel iftar bulu\u015fmas\u0131n\u0131n ba\u015fta platform b\u00fcnyesinde g\u00fc\u00e7lerini birle\u015ftiren sivil toplum kurulu\u015flar\u0131 olmak \u00fczere millet, co\u011frafya ve t\u00fcm insanl\u0131k i\u00e7in hay\u0131rlara vesile olmas\u0131n\u0131 diledi.<\/p>\n\n\n\n<p>G\u00f6n\u00fcll\u00fc te\u015fekk\u00fcllerin temsilcileriyle bir arada olmaktan duydu\u011fu memnuniyeti dile getiren Erdo\u011fan, bu anlaml\u0131 birlikteli\u011fe vesile olan herkese ve kat\u0131l\u0131mc\u0131lara te\u015fekk\u00fcr etti.<\/p>\n\n\n\n<p>Milli \u0130rade Platformu&#8217;nun t\u00fcm \u00fcyelerinin Ramazan-\u0131 \u015eerifi&#8217;ni tebrik eden Erdo\u011fan, ramazanda tutulan oru\u00e7lar\u0131n, yap\u0131lan ibadetlerin, T\u00fcrkiye&#8217;de ve d\u00fcnyan\u0131n farkl\u0131 k\u00f6\u015felerinde yap\u0131lan hay\u0131r ve hasenat\u0131n kabul olmas\u0131n\u0131 Allah&#8217;tan niyaz etti.<\/p>\n\n\n\n<p>Platform \u00fcyelerinin Kadir Gecesi&#8217;ni de tebrik eden Erdo\u011fan, &#8220;\u0130n\u015fallah ard\u0131ndan eri\u015fece\u011fimiz Ramazan Bayram\u0131&#8217;n\u0131n da sizlere ve ailelerinize hay\u0131rlar getirmesini temenni ediyorum. Burada hepimizin hissiyat\u0131na terc\u00fcman olaca\u011f\u0131na inand\u0131\u011f\u0131m \u015fu duaya, sizlerin de y\u00fcrekten amin diyece\u011finize inan\u0131yorum. &#8216;Devam\u0131 devlet, nasibi cennet, bekay\u0131 iman, r\u0131zay\u0131 Rahman.&#8217; Cenab\u0131allah hepimize bu \u015fekilde ya\u015famay\u0131, son nefesimize kadar iman \u00fczere, istikamet \u00fczere olmay\u0131, s\u0131rat\u0131 m\u00fcstakim \u00fczere bir hayat s\u00fcrmeyi, ruzi mah\u015ferde de Peygamber Efendimizin liva\u00fc&#8217;l-hamd sanca\u011f\u0131 alt\u0131nda ha\u015fru cem olmay\u0131 bizlere nasip eylesin diyorum.&#8221; ifadelerini kulland\u0131.<\/p>\n\n\n\n<figure class=\"wp-block-image\"><img decoding=\"async\" src=\"https:\/\/www.aa.com.tr\/uploads\/userFiles\/22220d73-6a42-44f6-b78b-67c3b89fff93\/2026%2F03%2F13%2FAA-40816941.jpg\" alt=\"\"\/><\/figure>\n\n\n\n<h3 class=\"wp-block-heading\">&#8220;\u0130slam co\u011frafyas\u0131n\u0131n bu m\u00fcbarek g\u00fcnlerde ac\u0131yla g\u00f6zya\u015f\u0131yla an\u0131lmas\u0131 bizleri m\u00fcteessir ediyor&#8221;<\/h3>\n\n\n\n<p>Ramazan\u0131n bar\u0131\u015f\u0131n, dayan\u0131\u015fman\u0131n, karde\u015fli\u011fin ve merhametin ay\u0131 oldu\u011funu vurgulayan Erdo\u011fan, \u015funlar\u0131 kaydetti:<\/p>\n\n\n\n<p>&#8220;Ancak \u0130slam co\u011frafyas\u0131n\u0131n bu m\u00fcbarek g\u00fcnlerde ac\u0131yla g\u00f6zya\u015f\u0131yla \u00e7at\u0131\u015fmalarla sava\u015flarla an\u0131lmas\u0131 bizleri ger\u00e7ekten m\u00fcteessir ediyor. 72 bin \u015fehit verdi\u011fimiz Gazze, ate\u015fkese ra\u011fmen huzura hasret kal\u0131rken, bir de buna \u0130srail&#8217;in Bat\u0131 \u015eeria&#8217;daki insanl\u0131k d\u0131\u015f\u0131 i\u015fgal politikalar\u0131 eklendi. Bat\u0131 \u015eeria ve Do\u011fu Kud\u00fcs&#8217;te 1120&#8217;yi a\u015fk\u0131n Filistinli sivil, son iki y\u0131lda \u0130srail g\u00fc\u00e7leri veya yerle\u015fimci ter\u00f6ristler taraf\u0131ndan hayattan kopar\u0131ld\u0131. 10 Ekim&#8217;den bu yana Gazze&#8217;de \u015fehit edilenlerin say\u0131s\u0131 640&#8217;\u0131 buluyor. Katledilenlerin kahir ekseriyetini \u00e7ocuklar, kad\u0131nlar ve ya\u015fl\u0131lar olu\u015fturuyor. Annelerinin yanaklar\u0131na bir g\u00fcl kondurarak okula g\u00f6nderdi\u011fi \u00e7ocuklar\u0131m\u0131z ya f\u00fczelerin ya bombalar\u0131n ya da kur\u015funlar\u0131n hedefi oluyor.&#8221;<\/p>\n\n\n\n<figure class=\"wp-block-image\"><img decoding=\"async\" src=\"https:\/\/www.aa.com.tr\/uploads\/userFiles\/22220d73-6a42-44f6-b78b-67c3b89fff93\/2026%2F03%2F13%2FAA-40817037.jpg\" alt=\"\"\/><\/figure>\n\n\n\n<p>T\u00fcrkiye&#8217;nin kom\u015fusu \u0130ran&#8217;dan Yemen&#8217;e, Sudan&#8217;dan Somali&#8217;ye kadar co\u011frafyan\u0131n d\u00f6rt bir yan\u0131nda ayn\u0131 \u00fcz\u00fcnt\u00fc verici manzarayla kar\u015f\u0131 kar\u015f\u0131ya kal\u0131nd\u0131\u011f\u0131na i\u015faret eden Erdo\u011fan, s\u00f6zlerine \u015f\u00f6yle devam etti:<\/p>\n\n\n\n<p>&#8220;\u00c7ocuklar\u0131 \u00fcrk\u00fct\u00fclm\u00fc\u015f bir d\u00fcnyan\u0131n t\u00fcm denizleri mavi olsa ne yazar, olmasa ne yazar? B\u00fct\u00fcn bu hakl\u0131 itiraza her g\u00fcn muhatap oluyoruz. Elimizi vicdan\u0131m\u0131za koyup l\u00fctfen samimiyetle cevap verelim. Sabah g\u00fcle oynaya okula giden yavrular\u0131n ak\u015fam evlerine d\u00f6nemedi\u011fi bir d\u00fcnyan\u0131n t\u00fcm denizleri mavi olsa ne olur, olmasa ne olur? Hen\u00fcz 6 ya\u015f\u0131ndaki k\u0131z \u00e7ocuklar\u0131n\u0131n 335 kur\u015fun s\u0131k\u0131larak \u00f6ld\u00fcr\u00fcld\u00fc\u011f\u00fc bir d\u00fcnyan\u0131n t\u00fcm denizleri mavi olsa ne olur, olmasa ne olur? Oyuncaklar\u0131n kana buland\u0131\u011f\u0131, hayallerin yar\u0131m kald\u0131\u011f\u0131, \u00e7ocuklar\u0131n o cennet y\u00fczlerinde a\u00e7an tebess\u00fcm \u00e7i\u00e7eklerinin vakitsiz soldu\u011fu bir d\u00fcnyan\u0131n t\u00fcm denizleri mavi olsa ne olur, olmasa ne olur? \u00c7ocuklar\u0131n, \u00e7ocuklar\u0131 b\u00fcy\u00fctmek zorunda kald\u0131\u011f\u0131 bir d\u00fcnyan\u0131n -soruyorum- t\u00fcm denizleri mavi olsa ne olur, olmasa ne olur? Daha \u00fcz\u00fcc\u00fc olan bu tabloya d\u00fcnyan\u0131n sessiz kalmas\u0131, duyars\u0131z kalmas\u0131, ya\u015fanan ac\u0131lar\u0131 adeta yok saymas\u0131d\u0131r.&#8221;<\/p>\n\n\n\n<h3 class=\"wp-block-heading\">&#8220;\u00dclkemizi sava\u015f\u0131n i\u00e7ine \u00e7ekmek isteyen tertip, tuzak ve tahriklere kar\u015f\u0131 \u00e7ok dikkatli hareket ediyoruz&#8221;<\/h3>\n\n\n\n<p>&nbsp;Cumhurba\u015fkan\u0131 Recep Tayyip Erdo\u011fan, &#8220;Biz h\u00fck\u00fcmet olarak \u00fclkemizi sava\u015f\u0131n i\u00e7ine \u00e7ekmek isteyen tertip, tuzak ve tahriklere kar\u015f\u0131 \u00e7ok dikkatli hareket ediyoruz. Bu s\u00fcre\u00e7te d\u00fcn gece oldu\u011fu gibi hava saham\u0131z\u0131 ihlal eden her t\u00fcrl\u00fc tehdide y\u00f6nelik gerekli \u00f6nleme faaliyetlerinde de bulunuyoruz. \u00dclkemizi bu ate\u015f \u00e7ukurundan uzakta tutmak birinci \u00f6nceli\u011fimizdir.&#8221; dedi.<\/p>\n\n\n\n<p>Cumhurba\u015fkan\u0131 Erdo\u011fan, bu y\u0131l 10&#8217;uncusu Bak\u0131rk\u00f6y&#8217;de bir otelde ger\u00e7ekle\u015ftirilen Milli \u0130rade \u0130ftar Program\u0131&#8217;ndaki konu\u015fmas\u0131nda, bir\u00e7ok \u00fclkede ya\u015fanan zulme d\u00fcnyan\u0131n sessiz ve duyars\u0131z kald\u0131\u011f\u0131n\u0131 belirtti.<\/p>\n\n\n\n<p>Erdo\u011fan, &#8220;Suriye&#8217;de 13 bu\u00e7uk y\u0131l s\u00fcren zul\u00fcmde bunu g\u00f6rd\u00fck. Somali&#8217;de insanlar a\u00e7l\u0131ktan k\u0131r\u0131l\u0131rken bunu g\u00f6rd\u00fck. Hocal\u0131&#8217;da karde\u015flerimiz katledilirken bunu g\u00f6rd\u00fck. \u00d6ncesinde Srebrenitsa&#8217;da, o soyk\u0131r\u0131mda bunu g\u00f6rd\u00fck. En son bunu Gazze mezaliminde hem de \u00e7ok ac\u0131 bir \u015fekilde g\u00f6rd\u00fck.&#8221; ifadelerini kulland\u0131.<\/p>\n\n\n\n<p>Halklar tepki g\u00f6sterirken, \u00fcniversiteler birer direni\u015f merkezine d\u00f6nerken, meydanlar vicdan sahipleriyle dolup ta\u015farken ne yaz\u0131k ki y\u00f6netimlerin kimi zaman bask\u0131ya kimi zaman \u015fantaja boyun e\u011fdi\u011fini dile getiren Erdo\u011fan, \u015f\u00f6yle konu\u015ftu:<\/p>\n\n\n\n<p>&#8220;Baz\u0131 \u00fclkeler zulm\u00fc ve soyk\u0131r\u0131m\u0131 g\u00f6rmezden geldi. Baz\u0131 \u00fclkeler, \u0130srail gibi soyk\u0131r\u0131mc\u0131lara destek verdi. Bir avu\u00e7 vicdan sahibi, ilke sahibi, t\u00fcm bunlarla birlikte cesaret sahibi \u00fclke, kurum ve kurulu\u015f d\u0131\u015f\u0131nda co\u011frafyam\u0131zdaki zul\u00fcmlere tepki g\u00f6steren, dahas\u0131 bunlar\u0131 durdurmak i\u00e7in didinen neredeyse \u00e7\u0131kmad\u0131. Aileleri tamamen yok edilen on binlerce Gazzeli, Suriyeli \u00e7ocu\u011fun dram\u0131, sanal alemin sahte vicdan\u0131 sayesinde s\u00fcr\u00fcs\u00fcnden ayr\u0131lan bir penguen kadar bile g\u00fcndeme gelmedi. Vicdan tutulmas\u0131na u\u011fram\u0131\u015f i\u015fte b\u00f6yle bir d\u00fcnyada T\u00fcrkiye olarak sizlerin de destekleriyle insanl\u0131\u011f\u0131n vicdan\u0131 olman\u0131n m\u00fccadelesini hep birlikte veriyoruz.&#8221;<\/p>\n\n\n\n<figure class=\"wp-block-image\"><img decoding=\"async\" src=\"https:\/\/cdnuploads.aa.com.tr\/uploads\/userFiles\/22220d73-6a42-44f6-b78b-67c3b89fff93\/2026%2F03%2F13%2FAA-40817040.jpg\" alt=\"\"\/><\/figure>\n\n\n\n<h3 class=\"wp-block-heading\">&#8220;Sinmiyoruz, susmuyoruz, Filistin&#8217;i unutmuyoruz&#8221;<\/h3>\n\n\n\n<p>Bug\u00fcn T\u00fcrkiye&#8217;nin Anadolu merkezli yakt\u0131\u011f\u0131 \u00e7oban ate\u015finin, g\u00f6n\u00fcl ve k\u00fclt\u00fcr co\u011frafyas\u0131n\u0131n her yan\u0131nda milyonlarca mazlumun y\u00fcre\u011fini \u0131s\u0131tt\u0131\u011f\u0131n\u0131 ifade eden Erdo\u011fan, &#8220;Filistin&#8217;den Arakan&#8217;a, Afrika&#8217;dan Latin Amerika&#8217;ya, uluslararas\u0131 toplumun s\u0131rt\u0131n\u0131 d\u00f6nd\u00fc\u011f\u00fc yerlerde sizlerle var\u0131z, resmi kurumlar\u0131m\u0131zla var\u0131z, sivil toplum kurulu\u015flar\u0131m\u0131zla var\u0131z. Bir garibin elinden tutmak, bir mazlumun g\u00f6zya\u015f\u0131n\u0131 silmek, bir yetimin, \u00f6ks\u00fcz\u00fcn ba\u015f\u0131n\u0131 ok\u015famak i\u00e7in hep beraber seferber olmu\u015f durumday\u0131z.&#8221; dedi.<\/p>\n\n\n\n<p>Cumhurba\u015fkan\u0131 Erdo\u011fan, Gazze&#8217;deki karde\u015fleri ba\u015fta olmak \u00fczere d\u00fcnyadaki t\u00fcm mazlumlarla dayan\u0131\u015fma halinde olduklar\u0131n\u0131n alt\u0131n\u0131 \u00e7izerek, &#8220;Milli \u0130rade Platformu \u00f6nc\u00fcl\u00fc\u011f\u00fcnde 1 Ocak&#8217;ta Galata K\u00f6pr\u00fcs\u00fc&#8217;nde bir araya gelen y\u00fcz binlerin hayk\u0131rd\u0131\u011f\u0131 gibi sinmiyoruz, susmuyoruz, Filistin&#8217;i unutmuyoruz. \u015eunu da bug\u00fcn a\u00e7\u0131k a\u00e7\u0131k ilan etmek istiyorum. Bu can bu tende oldu\u011fu m\u00fcddet\u00e7e mazlumlar\u0131n yan\u0131nda duracak, zulme r\u0131za g\u00f6stermeyece\u011fiz, bask\u0131lar kar\u015f\u0131s\u0131nda sinmeyecek ve susmayaca\u011f\u0131z.&#8221; diye konu\u015ftu.<\/p>\n\n\n\n<p>\u015eimdiye kadar milyonlar\u0131n kat\u0131l\u0131m\u0131yla d\u00fczenledi\u011fi 4 Gazze mitingiyle hakk\u0131n ve hakl\u0131n\u0131n taraf\u0131nda duran Milli \u0130rade Platformu&#8217;nu tebrik ederek, &#8220;Cenab\u0131allah sizlerden raz\u0131 olsun.&#8221; diyen Erdo\u011fan, \u015funlar\u0131 kaydetti:<\/p>\n\n\n\n<p>&#8220;Sadece mazlum ve m\u00fcstazaflar\u0131n de\u011fil yakla\u015f\u0131k 13 y\u0131ld\u0131r milli iradenin ve milletin yan\u0131nda saf tuttu\u011funuz i\u00e7in sizlere dua ediyorum, te\u015fekk\u00fcr ediyorum. 100&#8217;\u00fc sivil toplum kurulu\u015fu olmak \u00fczere 312 aktif \u00fcyeye sahip bu platform, 5 Aral\u0131k 2013&#8217;ten beri isminin hakk\u0131n\u0131 ziyadesiyle vermektedir. Aram\u0131zdaki dayan\u0131\u015fma ve dostlu\u011fu diri tuttu\u011fumuz s\u00fcrece demokrasimizi tehdit ve tehlikelerden koruyabiliriz. T\u0131pk\u0131 bir duvar\u0131n tu\u011flalar\u0131 gibi, b\u00fcnyanun mersus h\u00fckm\u00fc var ya, o h\u00fck\u00fcmde oldu\u011fu gibi. Birbirimize s\u0131k\u0131ca kenetlendi\u011fimiz s\u00fcrece istiklal ve istikbalimize uzanan namahrem ellerini k\u0131rabiliriz. Ramazan-\u0131 \u015eerif&#8217;ten bir g\u00fcn \u00f6nce yay\u0131nlad\u0131klar\u0131 bildirilerle millete hakaret eden g\u00fcruhun ideolojik dayatmalar\u0131na ancak bu \u015fekilde kar\u015f\u0131 koyabiliriz. Allah&#8217;\u0131n izniyle bug\u00fcne kadar aram\u0131za mesafe koymad\u0131k. \u0130n\u015fallah bundan sonra da tek y\u00fcrek, tek bilek olarak m\u00fccadelemizi s\u00fcrd\u00fcrece\u011fiz.&#8221;<\/p>\n\n\n\n<h3 class=\"wp-block-heading\">&#8220;Mezhep ve etnik k\u00f6ken temelli k\u0131\u015fk\u0131rtmalara kar\u015f\u0131 \u00e7ok dikkatli olman\u0131z\u0131 istiyorum&#8221;<\/h3>\n\n\n\n<p>Cumhurba\u015fkan\u0131 Erdo\u011fan, b\u00f6lgenin i\u00e7inde bulundu\u011fu konjonkt\u00fcrde hem karde\u015fli\u011fi g\u00fc\u00e7lendirmeye hem de sa\u011fduyuyu korumaya ihtiya\u00e7lar\u0131 oldu\u011funu belirterek, &#8220;Bak\u0131n\u0131z, biz h\u00fck\u00fcmet olarak \u00fclkemizi sava\u015f\u0131n i\u00e7ine \u00e7ekmek isteyen tertip, tuzak ve tahriklere kar\u015f\u0131 \u00e7ok dikkatli hareket ediyoruz. Olaylar\u0131n sadece g\u00f6r\u00fcnen k\u0131sm\u0131na de\u011fil, as\u0131l perdenin arkas\u0131nda gizlenen k\u0131sm\u0131na odaklan\u0131yor, hi\u00e7bir ihtimali, hi\u00e7bir senaryoyu d\u0131\u015flam\u0131yor, her \u015feyi en ince detay\u0131na kadar tahlil ve tetkik ediyoruz. Yine bu s\u00fcre\u00e7te d\u00fcn gece oldu\u011fu gibi hava saham\u0131z\u0131 ihlal eden her t\u00fcrl\u00fc tehdide y\u00f6nelik gerekli \u00f6nleme faaliyetlerinde de bulunuyoruz. T\u00fcrkiye&#8217;nin binlerce y\u0131ll\u0131k kadim devlet akl\u0131 ve h\u00fck\u00fcmetimizin 23 y\u0131ll\u0131k kriz y\u00f6netim tecr\u00fcbesi \u00e7evremizdeki karma\u015f\u0131k hadiseleri okuma, anlama, bunlara do\u011fru ve \u00f6l\u00e7\u00fcl\u00fc tepkiler vermede en b\u00fcy\u00fck k\u0131lavuzumuzdur. \u00dclkemizi bu ate\u015f \u00e7ukurundan uzakta tutmak birinci \u00f6nceli\u011fimizdir. Sizlerden de \u0130ran&#8217;a sald\u0131r\u0131larla e\u015f zamanl\u0131 olarak k\u00f6p\u00fcrt\u00fclen mezhep ve etnik k\u00f6ken temelli k\u0131\u015fk\u0131rtmalara kar\u015f\u0131 \u00e7ok dikkatli olman\u0131z\u0131 istiyorum.&#8221; diye konu\u015ftu.<\/p>\n\n\n\n<p>Uzun ince bir yola revan olduklar\u0131n\u0131, uzun soluklu bir m\u00fccadele i\u00e7in kollar\u0131n\u0131 s\u0131vad\u0131klar\u0131n\u0131 dile getiren Erdo\u011fan, &#8220;T\u00fcm \u00e7abam\u0131z, \u00dcstat Necip Faz\u0131l&#8217;\u0131n &#8216;\u0130nsand\u0131r san\u0131yordum mukaddes y\u00fcke hamal. Hamall\u0131k ki sonunda ne r\u00fctbe var ne de mal. Yaln\u0131z ac\u0131 bir lokma, zehirle pi\u015fmi\u015f a\u015ftan. Ve ayr\u0131l\u0131k, anneden, vatandan, arkada\u015ftan.&#8221; dedi\u011fi mukaddes ve muazzez davam\u0131z\u0131n muzaffer olmas\u0131 i\u00e7indir.&#8221; ifadelerini kulland\u0131.<\/p>\n\n\n\n<h3 class=\"wp-block-heading\">&#8220;Daha \u00e7evik, at\u0131lgan olmam\u0131z gereken yeni bir d\u00f6neme gidiyoruz&#8221;<\/h3>\n\n\n\n<p>Cumhurba\u015fkan\u0131 Erdo\u011fan, s\u00f6zlerine \u015f\u00f6yle devam etti:<\/p>\n\n\n\n<p>&#8220;Bizden \u00f6ncekilerin b\u00fcy\u00fck bir fedakarl\u0131kla u\u011fruna a\u011f\u0131r bedeller \u00f6deyerek surda a\u00e7t\u0131\u011f\u0131 gedi\u011fi b\u00fcy\u00fctmek i\u00e7in biz bu m\u00fccadeleyi veriyoruz. Bunu \u00f6zellikle \u015funun i\u00e7in s\u00f6yl\u00fcyorum, tempomuzu art\u0131rmam\u0131z, daha \u00e7evik, daha at\u0131lgan olmam\u0131z gereken yeni bir d\u00f6neme gidiyoruz. Bu yeni d\u00f6nemde siz sivil toplum kurulu\u015flar\u0131m\u0131z\u0131n daha \u00f6nce hi\u00e7 olmad\u0131\u011f\u0131 kadar g\u00fc\u00e7l\u00fc, insicaml\u0131, daha g\u00f6r\u00fcn\u00fcr olmas\u0131 gerekiyor. \u015euras\u0131 bir ger\u00e7ek ki sivil toplum kurulu\u015flar\u0131m\u0131z\u0131n as\u0131l g\u00fc\u00e7 kayna\u011f\u0131 maddi imkanlar\u0131 de\u011fil, samimiyetleri ve gayretleridir. Bizi g\u00fc\u00e7l\u00fc k\u0131lan y\u00fcksek binalar\u0131m\u0131z, \u015fa\u015fal\u0131 t\u00f6renlerimiz de\u011fil, dik duru\u015fumuz, tavr\u0131m\u0131z, ideallerimiz i\u00e7in verdi\u011fimiz yi\u011fit\u00e7e m\u00fccadelemizdir. Maddi imkanlar\u0131 samimiyetle harmanlad\u0131\u011f\u0131m\u0131z \u00f6l\u00e7\u00fcde hedeflerimize vas\u0131l olabiliriz. Gayemiz yine \u00dcstat&#8217;\u0131n ifadesiyle &#8216;Zifiri karanl\u0131kta ak s\u00fct\u00fcn i\u00e7indeki ak k\u0131l\u0131 fark edecek kadar g\u00f6z\u00fc keskin bir gen\u00e7lik yeti\u015ftirmektir.&#8217; Bayra\u011f\u0131 bizden devralacak, davay\u0131 bizden sonra s\u0131rtlayacak, bizim a\u00e7t\u0131\u011f\u0131m\u0131z yoldan, bizim aralad\u0131\u011f\u0131m\u0131z kap\u0131dan y\u00fcr\u00fcyecek, nitelikli, ahlakl\u0131, \u015fuurlu, \u00f6zg\u00fcven sahibi gen\u00e7leri yeti\u015ftiriyorsak, i\u015fte o zaman g\u00f6revimizi lay\u0131k\u0131yla yap\u0131yor, emanetin hakk\u0131n\u0131 veriyoruz demektir.&#8221;<\/p>\n\n\n\n<p>Sivil toplum kurulu\u015flar\u0131ndan gen\u00e7lere sahip \u00e7\u0131kmalar\u0131n\u0131 beklediklerini ifade eden Erdo\u011fan, &#8220;Hayat\u0131 anlamland\u0131rma, d\u00fcnyaya bak\u0131\u015flar\u0131n\u0131 belirleme noktas\u0131nda onlara yard\u0131mc\u0131 olman\u0131z\u0131, rehberlik ve yolda\u015fl\u0131k etmenizi sizlerden rica ediyorum.&#8221; dedi.<\/p>\n\n\n\n<p>Cumhurba\u015fkan\u0131 Erdo\u011fan, &#8220;Bug\u00fcn vefat haberini almaktan b\u00fcy\u00fck \u00fcz\u00fcnt\u00fc duydu\u011fum Prof. Dr. \u0130lber Ortayl\u0131 hocam\u0131za Cenab\u0131allah&#8217;tan rahmetler niyaz ediyorum. Entelekt\u00fcel ki\u015fili\u011fi, engin bilgi birikimi, kitaplar\u0131, ara\u015ft\u0131rmalar\u0131 ve akademik \u00e7al\u0131\u015fmalar\u0131yla milletimizin sayg\u0131s\u0131na ve sevgisine mazhar olan merhum hocam\u0131z\u0131n ailesine ve \u00f6\u011frencilerine de burada ba\u015fsa\u011fl\u0131\u011f\u0131 diliyorum.&#8221; ifadelerini kulland\u0131.<\/p>\n\n\n\n<p>\u0130ftar sofras\u0131nda ekmeklerini payla\u015fanlara te\u015fekk\u00fcr eden Erdo\u011fan&#8217;a, konu\u015fmas\u0131n\u0131n ard\u0131ndan g\u00fcn\u00fcn an\u0131s\u0131na hediye takdim edildi.<\/p>\n\n\n\n<h3 class=\"wp-block-heading\">\u0130leti\u015fim Ba\u015fkan\u0131 Duran: &#8220;Cumhurba\u015fkan\u0131&#8217;m\u0131z, T\u00fcrkiye&#8217;nin bu karma\u015f\u0131k s\u00fcreci dikkatle takip etti\u011fini s\u00f6yledi&#8221;<\/h3>\n\n\n\n<p>Cumhurba\u015fkanl\u0131\u011f\u0131 \u0130leti\u015fim Ba\u015fkan\u0131 Burhanettin Duran, NSosyal hesab\u0131ndaki payla\u015f\u0131m\u0131nda, Erdo\u011fan&#8217;\u0131n Gazze ba\u015fta olmak \u00fczere b\u00f6lgede ya\u015fanan geli\u015fmelere ili\u015fkin \u00f6nemli mesajlar verdi\u011fine dikkati \u00e7ekerek, \u015funlar\u0131 kaydetti:<\/p>\n\n\n\n<p>&#8220;Cumhurba\u015fkan\u0131&#8217;m\u0131z, Gazze&#8217;de ate\u015fkese ra\u011fmen sivillerin hedef olmaya devam etti\u011fini, Bat\u0131 \u015eeria ve Do\u011fu Kud\u00fcs&#8217;te ise Filistinlilere y\u00f6nelik bask\u0131 ve \u015fiddetin artt\u0131\u011f\u0131n\u0131 belirtti. Kad\u0131nlar\u0131n, \u00e7ocuklar\u0131n ve ya\u015fl\u0131lar\u0131n katledildi\u011fi bu tabloya kar\u015f\u0131 uluslararas\u0131 toplumun daha g\u00fc\u00e7l\u00fc bir vicdani ve siyasi tutum ortaya koymas\u0131 gerekti\u011fini ifade etti. B\u00f6lgemizde \u0130ran&#8217;dan Yemen&#8217;e, Sudan&#8217;dan Somali&#8217;ye kadar uzanan geni\u015f bir co\u011frafyada gerilim ve istikrars\u0131zl\u0131\u011f\u0131n artt\u0131\u011f\u0131na i\u015faret eden Cumhurba\u015fkan\u0131&#8217;m\u0131z, T\u00fcrkiye&#8217;nin bu karma\u015f\u0131k s\u00fcreci dikkatle takip etti\u011fini, \u00fclkemizi sava\u015f\u0131n i\u00e7ine \u00e7ekmek isteyen her t\u00fcrl\u00fc tertip ve tahrike kar\u015f\u0131 b\u00fcy\u00fck bir hassasiyetle hareket edildi\u011fini s\u00f6yledi.<\/p>\n\n\n\n<p>Cumhurba\u015fkan\u0131&#8217;m\u0131z, T\u00fcrkiye&#8217;nin k\u00f6kl\u00fc devlet tecr\u00fcbesi ve h\u00fck\u00fcmetin uzun y\u0131llara dayanan kriz y\u00f6netimi birikimi sayesinde b\u00f6lgedeki geli\u015fmeleri so\u011fukkanl\u0131l\u0131kla de\u011ferlendirdi\u011fini belirterek, \u00fclkemizi bu ate\u015f \u00e7emberinden uzak tutman\u0131n en temel \u00f6ncelik oldu\u011funu dile getirdi. Ayn\u0131 zamanda mezhep ve etnik k\u00f6ken \u00fczerinden y\u00fcr\u00fct\u00fclmek istenen provokasyonlara kar\u015f\u0131 da dikkatli olunmas\u0131 gerekti\u011fini vurgulad\u0131.&#8221;<\/p>\n\n\n\n<p>Duran, payla\u015f\u0131m\u0131nda, Cumhurba\u015fkan\u0131 Erdo\u011fan&#8217;\u0131n konu\u015fmas\u0131ndan baz\u0131 b\u00f6l\u00fcmlere de yer verdi.<\/p>\n\n\n\n<p>Kaynak: AA<\/p>\n","protected":false},"excerpt":{"rendered":"<p>Cumhurba\u015fkan\u0131 Recep Tayyip Erdo\u011fan, &#8220;\u00dclkemizi bu ate\u015f \u00e7ukurundan uzakta tutmak birinci \u00f6nceli\u011fimizdir.&#8221; dedi. Cumhurba\u015fkan\u0131 Erdo\u011fan, bu y\u0131l 10&#8217;uncusu Bak\u0131rk\u00f6y&#8217;de bir otelde ger\u00e7ekle\u015ftirilen Milli \u0130rade \u0130ftar Program\u0131&#8217;ndaki konu\u015fmas\u0131nda kat\u0131l\u0131mc\u0131lar\u0131 selamlarken, geleneksel iftar bulu\u015fmas\u0131n\u0131n ba\u015fta platform b\u00fcnyesinde g\u00fc\u00e7lerini birle\u015ftiren sivil toplum kurulu\u015flar\u0131 olmak \u00fczere millet, co\u011frafya ve t\u00fcm insanl\u0131k i\u00e7in hay\u0131rlara vesile olmas\u0131n\u0131 diledi. G\u00f6n\u00fcll\u00fc te\u015fekk\u00fcllerin temsilcileriyle [&hellip;]<\/p>\n","protected":false},"author":1,"featured_media":10558,"comment_status":"open","ping_status":"open","sticky":false,"template":"","format":"standard","meta":{"footnotes":""},"categories":[1],"tags":[846,4522,620],"class_list":["post-10557","post","type-post","status-publish","format-standard","has-post-thumbnail","hentry","category-gundem","tag-cumhurbaskani-erdogan","tag-ramazan-i-serif","tag-recep-tayyip-erdogan"],"_links":{"self":[{"href":"https:\/\/www.trabzonmanset.com\/index.php\/wp-json\/wp\/v2\/posts\/10557","targetHints":{"allow":["GET"]}}],"collection":[{"href":"https:\/\/www.trabzonmanset.com\/index.php\/wp-json\/wp\/v2\/posts"}],"about":[{"href":"https:\/\/www.trabzonmanset.com\/index.php\/wp-json\/wp\/v2\/types\/post"}],"author":[{"embeddable":true,"href":"https:\/\/www.trabzonmanset.com\/index.php\/wp-json\/wp\/v2\/users\/1"}],"replies":[{"embeddable":true,"href":"https:\/\/www.trabzonmanset.com\/index.php\/wp-json\/wp\/v2\/comments?post=10557"}],"version-history":[{"count":1,"href":"https:\/\/www.trabzonmanset.com\/index.php\/wp-json\/wp\/v2\/posts\/10557\/revisions"}],"predecessor-version":[{"id":10560,"href":"https:\/\/www.trabzonmanset.com\/index.php\/wp-json\/wp\/v2\/posts\/10557\/revisions\/10560"}],"wp:featuredmedia":[{"embeddable":true,"href":"https:\/\/www.trabzonmanset.com\/index.php\/wp-json\/wp\/v2\/media\/10558"}],"wp:attachment":[{"href":"https:\/\/www.trabzonmanset.com\/index.php\/wp-json\/wp\/v2\/media?parent=10557"}],"wp:term":[{"taxonomy":"category","embeddable":true,"href":"https:\/\/www.trabzonmanset.com\/index.php\/wp-json\/wp\/v2\/categories?post=10557"},{"taxonomy":"post_tag","embeddable":true,"href":"https:\/\/www.trabzonmanset.com\/index.php\/wp-json\/wp\/v2\/tags?post=10557"}],"curies":[{"name":"wp","href":"https:\/\/api.w.org\/{rel}","templated":true}]}}