{"id":10544,"date":"2026-03-12T22:52:17","date_gmt":"2026-03-12T19:52:17","guid":{"rendered":"https:\/\/www.trabzonmanset.com\/?p=10544"},"modified":"2026-03-12T22:52:17","modified_gmt":"2026-03-12T19:52:17","slug":"samsunspor-ceyrek-final-sansini-zora-soktu","status":"publish","type":"post","link":"https:\/\/www.trabzonmanset.com\/index.php\/2026\/03\/12\/samsunspor-ceyrek-final-sansini-zora-soktu\/","title":{"rendered":"Samsunspor \u00e7eyrek final \u015fans\u0131n\u0131 zora soktu"},"content":{"rendered":"\n<p>UEFA Konferans Ligi son 16 turu ilk ma\u00e7\u0131nda Samsunspor sahas\u0131nda Rayo Vallecano&#8217;ya 3-1 ma\u011flup oldu.<\/p>\n\n\n\n<p>UEFA Konferans Ligi son 16 turu ilk ma\u00e7\u0131nda temsilcimiz Samsunspor sahas\u0131nda \u0130spanyol ekibi Rayo Vallecano&#8217;yu konuk etti. Samsun Yeni 19 May\u0131s Stad\u0131&#8217;nda oynanan kar\u015f\u0131la\u015fmay\u0131 konuk ekip 3-1 kazand\u0131.<\/p>\n\n\n\n<p>Rayo Vallecano&#8217;ya galibiyeti getiren golleri 15 ve 78. dakikalarda Alemao ile 40. dakikada Alvaro Garcia kaydetti. Samsunspor&#8217;un tek gol\u00fcn\u00fc 21. dakikada Mouandilmadji att\u0131.<\/p>\n\n\n\n<p>Bu sonucun ard\u0131ndan Samsunspor, \u00e7eyrek finale y\u00fckselme \u015fans\u0131n\u0131 zora soktu. Kar\u015f\u0131la\u015fman\u0131n r\u00f6van\u015f\u0131 19 Mart Per\u015fembe g\u00fcn\u00fc \u0130spanya&#8217;da oynanacak.<br><br><img decoding=\"async\" src=\"https:\/\/i12.haber7.net\/\/haber\/haber7\/photos\/2026\/11\/eFRp1_1773344415_888.jpg\"><\/p>\n","protected":false},"excerpt":{"rendered":"<p>UEFA Konferans Ligi son 16 turu ilk ma\u00e7\u0131nda Samsunspor sahas\u0131nda Rayo Vallecano&#8217;ya 3-1 ma\u011flup oldu. UEFA Konferans Ligi son 16 turu ilk ma\u00e7\u0131nda temsilcimiz Samsunspor sahas\u0131nda \u0130spanyol ekibi Rayo Vallecano&#8217;yu konuk etti. Samsun Yeni 19 May\u0131s Stad\u0131&#8217;nda oynanan kar\u015f\u0131la\u015fmay\u0131 konuk ekip 3-1 kazand\u0131. Rayo Vallecano&#8217;ya galibiyeti getiren golleri 15 ve 78. dakikalarda Alemao ile 40. [&hellip;]<\/p>\n","protected":false},"author":1,"featured_media":10545,"comment_status":"open","ping_status":"open","sticky":false,"template":"","format":"standard","meta":{"footnotes":""},"categories":[14],"tags":[4521,1274,2159],"class_list":["post-10544","post","type-post","status-publish","format-standard","has-post-thumbnail","hentry","category-spor","tag-rayo-vallecano","tag-samsunspor","tag-uefa-konferans-ligi"],"_links":{"self":[{"href":"https:\/\/www.trabzonmanset.com\/index.php\/wp-json\/wp\/v2\/posts\/10544","targetHints":{"allow":["GET"]}}],"collection":[{"href":"https:\/\/www.trabzonmanset.com\/index.php\/wp-json\/wp\/v2\/posts"}],"about":[{"href":"https:\/\/www.trabzonmanset.com\/index.php\/wp-json\/wp\/v2\/types\/post"}],"author":[{"embeddable":true,"href":"https:\/\/www.trabzonmanset.com\/index.php\/wp-json\/wp\/v2\/users\/1"}],"replies":[{"embeddable":true,"href":"https:\/\/www.trabzonmanset.com\/index.php\/wp-json\/wp\/v2\/comments?post=10544"}],"version-history":[{"count":1,"href":"https:\/\/www.trabzonmanset.com\/index.php\/wp-json\/wp\/v2\/posts\/10544\/revisions"}],"predecessor-version":[{"id":10546,"href":"https:\/\/www.trabzonmanset.com\/index.php\/wp-json\/wp\/v2\/posts\/10544\/revisions\/10546"}],"wp:featuredmedia":[{"embeddable":true,"href":"https:\/\/www.trabzonmanset.com\/index.php\/wp-json\/wp\/v2\/media\/10545"}],"wp:attachment":[{"href":"https:\/\/www.trabzonmanset.com\/index.php\/wp-json\/wp\/v2\/media?parent=10544"}],"wp:term":[{"taxonomy":"category","embeddable":true,"href":"https:\/\/www.trabzonmanset.com\/index.php\/wp-json\/wp\/v2\/categories?post=10544"},{"taxonomy":"post_tag","embeddable":true,"href":"https:\/\/www.trabzonmanset.com\/index.php\/wp-json\/wp\/v2\/tags?post=10544"}],"curies":[{"name":"wp","href":"https:\/\/api.w.org\/{rel}","templated":true}]}}