{"id":10541,"date":"2026-03-12T17:47:00","date_gmt":"2026-03-12T14:47:00","guid":{"rendered":"https:\/\/www.trabzonmanset.com\/?p=10541"},"modified":"2026-03-12T20:49:15","modified_gmt":"2026-03-12T17:49:15","slug":"disisleri-bakani-fidan-iranda-ic-savas-planlarina-sonuna-kadar-karsiyiz","status":"publish","type":"post","link":"https:\/\/www.trabzonmanset.com\/index.php\/2026\/03\/12\/disisleri-bakani-fidan-iranda-ic-savas-planlarina-sonuna-kadar-karsiyiz\/","title":{"rendered":"D\u0131\u015fi\u015fleri Bakan\u0131 Fidan: &#8220;\u0130ran\u2019da i\u00e7 sava\u015f planlar\u0131na sonuna kadar kar\u015f\u0131y\u0131z&#8221;"},"content":{"rendered":"\n<p>D\u0131\u015fi\u015fleri Bakan\u0131 Hakan Fidan, &#8220;\u0130ran\u2019da i\u015f sava\u015f \u00e7\u0131karmay\u0131 ve etnik veya din\u00ee fay hatlar\u0131 \u00fczerinden \u00e7at\u0131\u015fmalar\u0131 k\u00f6r\u00fcklemeyi hedefleyen her t\u00fcrl\u00fc plana sonuna kadar kar\u015f\u0131y\u0131z. Bu tip maceralara kar\u0131\u015fmak isteyenleri \u015fimdiden uyar\u0131yoruz&#8221; dedi.<\/p>\n\n\n\n<p>D\u0131\u015fi\u015fleri Bakan\u0131 Hakan Fidan, Alman mevkida\u015f\u0131 Johann Wadephul ile ger\u00e7ekle\u015ftirdi\u011fi g\u00f6r\u00fc\u015fmenin ard\u0131ndan d\u00fczenlenen ortak bas\u0131n toplant\u0131s\u0131nda iki \u00fclke ili\u015fkilerinden Orta Do\u011fu\u2019daki \u00e7at\u0131\u015fmalara, T\u00fcrkiye\u2019nin Avrupa Birli\u011fi (AB) \u00fcyelik s\u00fcrecinden NATO\u2019nun hava savunma sistemlerine kadar bir\u00e7ok ba\u015fl\u0131kta de\u011ferlendirmelerde bulundu.<\/p>\n\n\n\n<p>Alman mevkida\u015f\u0131 ile iki \u00fclke aras\u0131ndaki ili\u015fkilerin yan\u0131 s\u0131ra, T\u00fcrkiye\u2019nin AB\u2019ye \u00fcyelik s\u00fcrecini ve Orta Do\u011fu\u2019da devam eden sava\u015f ba\u015fta olmak \u00fczere b\u00f6lgesel ve k\u00fcresel geli\u015fmeleri ele ald\u0131klar\u0131n\u0131 aktaran Bakan Fidan, ikili ticaret hacminin 2025\u2019te 52 milyar dolar seviyesini a\u015ft\u0131\u011f\u0131n\u0131 belirtti.<\/p>\n\n\n\n<figure class=\"wp-block-image\"><img decoding=\"async\" src=\"https:\/\/cdn.iha.com.tr\/Contents\/26-03\/12\/aw660817_01.jpg\" alt=\"D\u0131\u015fi\u015fleri Bakan\u0131 Fidan: \"\/><\/figure>\n\n\n\n<p><strong>Savunma sanayiinde i\u015f birli\u011fi vurgusu<\/strong><\/p>\n\n\n\n<p>Almanya ile ekonomik i\u015f birli\u011fini daha \u00fcst seviyeleri ta\u015f\u0131yacak sekt\u00f6rlerden birinin de savunma sanayii alan\u0131 oldu\u011funa dikkati \u00e7eken Bakan Fidan, &#8220;Avrupa ve Orta Do\u011fu\u2019da ya\u015fanmakta olan geli\u015fmeler, m\u00fcttefikler aras\u0131ndaki dayan\u0131\u015fman\u0131n ne denli \u00f6nemli oldu\u011funu bir kez daha g\u00f6stermi\u015ftir. Eurofighter Typhoon sava\u015f u\u00e7ar\u0131 tedariki konusunda Almanya\u2019n\u0131n sergiledi\u011fi olumlu tutumdan da ayr\u0131ca memnuniyet duymaktay\u0131z. Bu politikan\u0131n savunma sanayi alan\u0131ndaki di\u011fer i\u015fbirli\u011fi ba\u015fl\u0131klar\u0131nda da s\u00fcrmesini a\u00e7\u0131k\u00e7as\u0131 umut ediyoruz&#8221; ifadelerini kulland\u0131.<\/p>\n\n\n\n<p><strong>&#8220;T\u00fcrkiye\u2019nin AB \u00fcyeli\u011fi Avrupa i\u00e7in stratejik kazan\u0131m&#8221;<\/strong><\/p>\n\n\n\n<p>Alman mevkida\u015f\u0131 ile Avrupa Birli\u011fi\u2019ne (AB) \u00fcyelik hedefinin de ele ald\u0131\u011f\u0131n\u0131 dile getiren Bakan Fidan, &#8220;B\u00f6lgesel ve k\u00fcresel geli\u015fmeler T\u00fcrkiye\u2019nin \u00fcye olmas\u0131n\u0131n AB\u2019ye sa\u011flayaca\u011f\u0131 stratejik kazan\u0131mlar\u0131 g\u00f6zler \u00f6n\u00fcne sermektedir. Unutulmamal\u0131d\u0131r ki \u00fcyelik s\u00fcreci sadece \u00fclkemize de\u011fil iki tarafa birden sorumluluk y\u00fcklemektedir&#8221; dedi.<\/p>\n\n\n\n<p><strong>&#8220;T\u00fcrkiye olarak sava\u015f\u0131n bitmesi i\u00e7in yo\u011fun bir \u00e7aba i\u00e7erisindeyiz&#8221;<\/strong><\/p>\n\n\n\n<p>ABD-\u0130srail ile \u0130ran aras\u0131ndaki \u00e7at\u0131\u015fmalar\u0131n da g\u00f6r\u00fc\u015fmede ele al\u0131nd\u0131\u011f\u0131n\u0131 aktaran Bakan Fidan, &#8220;Bu sava\u015f bir an \u00f6nce sona ermelidir. T\u00fcrkiye olarak sava\u015f\u0131n bitmesi i\u00e7in yo\u011fun bir \u00e7aba i\u00e7erisindeyiz. Cumhurba\u015fkan\u0131m\u0131z (Recep Tayyip Erdo\u011fan) \u00e7ok say\u0131da liderle g\u00f6r\u00fc\u015ft\u00fc, g\u00f6r\u00fc\u015fmeye devam ediyor. Biz de yo\u011fun bir diplomasi trafi\u011fi y\u00fcr\u00fctmekteyiz. \u00c7at\u0131\u015fman\u0131n sonland\u0131r\u0131lmas\u0131 ve gerilimin azalt\u0131lmas\u0131 i\u00e7in kom\u015fular\u0131m\u0131z ve ortaklar\u0131m\u0131zla fikir al\u0131\u015fveri\u015finde bulunmaya devam ediyoruz. Memnuniyetle g\u00f6r\u00fcyoruz ki asl\u0131nda \u00e7o\u011funluk olarak hem do\u011fuda hem bat\u0131da b\u00fct\u00fcn \u00fclkeler hemen hemen ayn\u0131 perspektifte hareket etmekte ayn\u0131 \u015feyi d\u00fc\u015f\u00fcnmekte&#8221; diye konu\u015ftu.<\/p>\n\n\n\n<p><strong>&#8220;\u0130ran\u2019da i\u00e7 sava\u015f planlar\u0131na sonuna kadar kar\u015f\u0131y\u0131z&#8221;<\/strong><\/p>\n\n\n\n<p>Ayr\u0131l\u0131k\u00e7\u0131 senaryolar\u0131n bu kez \u0130ran i\u00e7in g\u00fcndeme getirilmesi i\u00e7in planlar yap\u0131ld\u0131\u011f\u0131n\u0131 aktaran Fidan, \u015fu ifadeleri kulland\u0131: &#8220;\u0130ran\u2019da i\u015f sava\u015f \u00e7\u0131karmay\u0131 ve etnik veya din\u00ee fay hatlar\u0131 \u00fczerinden \u00e7at\u0131\u015fmalar\u0131 k\u00f6r\u00fcklemeyi hedefleyen her t\u00fcrl\u00fc plana sonuna kadar kar\u015f\u0131y\u0131z. Bu tip maceralara kar\u0131\u015fmak isteyenleri \u015fimdiden uyar\u0131yoruz. Hi\u00e7 kimse b\u00f6yle bir hayalin i\u00e7erisine girmesin. Yanl\u0131\u015f bir ad\u0131m at\u0131lmas\u0131na izin vermemiz m\u00fcmk\u00fcn de\u011fil. Sava\u015f\u0131n gidi\u015fat\u0131na ve sonras\u0131na dair her t\u00fcr senaryoya haz\u0131rl\u0131kl\u0131 durumday\u0131z.&#8221;<\/p>\n\n\n\n<p><strong>\u0130srail\u2019in L\u00fcbnan ve Gazze politikalar\u0131na tepki<\/strong><\/p>\n\n\n\n<p>Orta Do\u011fu\u2019daki ya\u015fanan krizlerin merkezinde Netanyahu h\u00fck\u00fcmetinin yer ald\u0131\u011f\u0131n\u0131n alt\u0131n\u0131 \u00e7izen Bakan Fidan, &#8220;Uluslararas\u0131 hukuku ve insani de\u011ferlerimizi korumak istiyorsak bu ger\u00e7e\u011fi kabul etmeli ve a\u00e7\u0131k\u00e7a dile getirebilmeliyiz. Yay\u0131lmac\u0131 politika izleyen \u0130srail mevcut sava\u015ftan istifadeyle kirli sava\u015f\u0131 L\u00fcbnan\u2019\u0131 da ta\u015f\u0131makta. Bir milyona yak\u0131n ki\u015finin evlerinden s\u00fcr\u00fclmesi asla kabul edilemez. L\u00fcbnan devleti y\u0131k\u0131lma noktas\u0131na gelmeden \u0130srail\u2019in sald\u0131r\u0131lar\u0131 sona ermeli. L\u00fcbnan\u2019\u0131n \u00e7\u00f6kmesi ba\u015fta kom\u015fu \u00fclkeler olmak \u00fczere t\u00fcm b\u00f6lgeyi derinden etkileyecektir. Ayr\u0131ca uluslararas\u0131 toplumun dikkati Gazze\u2019den uzakla\u015fmamal\u0131d\u0131r. Netanyahu\u2019nun Gazze ve Bat\u0131 \u015eeria\u2019da i\u015fgal ve y\u0131ld\u0131rma politikalar\u0131n\u0131 hayata ge\u00e7irmesine g\u00f6z yumulmamal\u0131d\u0131r. M\u00fcbarek Ramazan ay\u0131nda ve so\u011fuklar\u0131n devam etti\u011fi bu d\u00f6nemde Gazzelilerin ya\u015fam \u015fartlar\u0131n\u0131n daha da k\u00f6t\u00fcle\u015fmemesi \u00f6ncelikli bir meseledir. Bar\u0131\u015f kurunun ve ba\u011fl\u0131 mekanizma alan\u0131n\u0131n Gazze\u2019de etkin \u015fekilde faaliyete ge\u00e7mesi istikrar ve bar\u0131\u015f\u0131n tesisi i\u00e7in hayat\u0131 \u00f6nem ta\u015f\u0131maktad\u0131r. Bar\u0131\u015f \u00e7abalar\u0131 devam ederken \u0130srail\u2019in kutsal mekanlara y\u00f6nelik hukuka ayk\u0131r\u0131 ve provokatif eylemlerine de devam etti\u011fini g\u00f6r\u00fcyoruz. B\u00f6lgedeki geli\u015fmeleri bahan ederek M\u00fcsl\u00fcmanlar\u0131n Mescidi Aksa\u2019da ibadet etmelerine k\u0131s\u0131tlamalar getirmesi de hukuksuzdur, izans\u0131zd\u0131r. \u0130srail\u2019in H\u0131ristiyanlar\u0131n ibadet mekanlar\u0131na y\u00f6nelik k\u0131s\u0131tlamalar\u0131n\u0131 keza son derece yanl\u0131\u015f buldu\u011fumuzda ayr\u0131ca vurgulamak isterim&#8221; ifadelerine yer verdi.<\/p>\n\n\n\n<figure class=\"wp-block-image\"><img decoding=\"async\" src=\"https:\/\/cdn.iha.com.tr\/Contents\/26-03\/12\/aw660817_02.jpg\" alt=\"D\u0131\u015fi\u015fleri Bakan\u0131 Fidan: \"\/><\/figure>\n\n\n\n<p><strong>Sava\u015f\u0131n sona erdirilmesinde T\u00fcrkiye\u2019nin rol\u00fc<\/strong><\/p>\n\n\n\n<p>ABD-\u0130srail ve \u0130ran aras\u0131ndaki \u00e7at\u0131\u015fmalar\u0131n endi\u015fe verici oldu\u011funu belirten Wadephul, &#8220;Bu konuda ortak bir perspektif bulmam\u0131z gerekiyor ki buradaki sava\u015f sona erdirilebilsin. Bu konudaki imkanlar\u0131 kullanarak da tabii ki bir sava\u015f\u0131n sona erdirilmesini g\u00f6relim. T\u00fcrkiye san\u0131yorum burada \u00e7ok \u00f6nemli bir rol oynayabilir. Biz birlikte koordinasyon i\u00e7erisinde \u00e7al\u0131\u015fmak istiyoruz \u00f6n\u00fcm\u00fczdeki g\u00fcnlerde. Federal h\u00fck\u00fcmet ad\u0131na da gelecek i\u00e7in tabii ki \u0130ran\u2019dan herhangi bir tehlike gelmemesi gerekiyor. Kom\u015fular\u0131na y\u00f6nelik Avrupa i\u00e7in de tehlike olu\u015fturmamas\u0131 gerekiyor ve b\u00f6lgesel rol\u00fcn\u00fc \u0130ran olumlu anlamda tan\u0131mlamas\u0131 gerekiyor. Bu n\u00fckleer program\u0131 ve balistik f\u00fcze program\u0131n\u0131n da tabii sonland\u0131r\u0131lmas\u0131 gerekiyor ki bir tehdit olu\u015fturuyor&#8221; dedi.<\/p>\n\n\n\n<p><strong>&#8220;Almanya kendi k\u0131tas\u0131n\u0131n \u00f6tesinde sorumluluk almaya haz\u0131r&#8221;<\/strong><\/p>\n\n\n\n<p>K\u00f6rfez \u00fclkelerine ger\u00e7ekle\u015ftirdi\u011fi ziyaret sonras\u0131 ba\u015fta b\u00f6lge \u00fclkeleri olmak \u00fczer H\u00fcrm\u00fcz Bo\u011faz\u0131\u2019n\u0131n durumuna ili\u015fkin &#8220;Bu seyahati ben Avrupa D\u0131\u015fi\u015fleri Bakan\u0131 seyahati olarak g\u00f6r\u00fcyorum. Ben \u015funu da \u00f6zellikle ortaya koymaya \u00e7al\u0131\u015ft\u0131m. Almanya kendi k\u0131tas\u0131n\u0131n \u00f6tesinde sorumluluk almaya haz\u0131r ve Almanya\u2019dan her defas\u0131nda zaten bu talep edilmi\u015ftir. Sorumluluk almas\u0131 y\u00f6n\u00fcnde bir talepte bulunmu\u015ftur. Ben bunu da biraz daha a\u00e7\u0131klamak ve netle\u015ftirmek istedim. G\u00f6r\u00fc\u015fmelerde de elde etti\u011fim iznin Avrupa \u00e7\u0131kar\u0131n\u0131n, bu y\u00f6ndeki \u00e7\u0131kar\u0131n \u00e7ok b\u00fcy\u00fck bir talep oldu\u011funu ve \u00f6n\u00fcm\u00fczdeki g\u00fcnlerde de Avrupa Birli\u011fi i\u00e7erisindeki arkada\u015flar\u0131mla tekrar bu konuyu g\u00f6r\u00fc\u015fece\u011fim&#8221; dedi.<\/p>\n\n\n\n<p>\u0130ran taraf\u0131ndan ate\u015flenen ve NATO hava savunma ve f\u00fcze sistemleri ile etkisiz hale getirilmesine ili\u015fkin Bakan Fidan, &#8220;NATO hava savunma sistemlerinin devreye girmesi, asl\u0131nda bizim par\u00e7as\u0131 oldu\u011fumuz ve b\u00fcy\u00fck bir destek verdi\u011fimiz NATO\u2019nun kollektif savunma konseptiyle \u00e7ok yak\u0131ndan uyumlu bir hareket tarz\u0131 oldu. Zaten y\u0131llard\u0131r NATO b\u00fct\u00fcn \u00fcyeleriyle ve \u00fcniteleriyle bu t\u00fcrden senaryolara g\u00f6re haz\u0131rl\u0131k yapmakta. Hem b\u00f6lgede olan geli\u015fmeler hem de son sald\u0131r\u0131lar g\u00f6sterdi ki hava savunma sistemleri ger\u00e7ekten \u00e7ok \u00f6nemli. Bunun \u00e7ok farkl\u0131 \u00e7e\u015fitleri var. \u00d6zellikle balistik f\u00fczelerle ilgili olan k\u0131s\u0131mlarda kollektif yar\u0131 savunma i\u00e7erisinde olmam\u0131z gerekiyor. Burada T\u00fcrkiye NATO \u00fcyesi \u00fclkelerden gerekli deste\u011fi g\u00f6rme konusunda gerekli taahh\u00fctleri alm\u0131\u015f durumda. \u00d6zellikle Milli Savunma Bakanl\u0131\u011f\u0131m\u0131z\u0131n bu konuda y\u00fcr\u00fctt\u00fc\u011f\u00fc koordinasyon \u00e7al\u0131\u015fmalar\u0131 var. Almanya\u2019da bu konuda yak\u0131ndan \u00e7al\u0131\u015ft\u0131\u011f\u0131m\u0131z ortaklar\u0131m\u0131zdan birisi. T\u00fcrkiye\u2019ye y\u00f6nelik g\u00f6nderilen f\u00fcze havada imha edildikten sonra ben a\u00e7\u0131k\u00e7as\u0131 neredeyse b\u00fct\u00fcn NATO \u00fcyesi \u00fclkelerin d\u0131\u015fi\u015fleri bakanlar\u0131ndan ya bizzat telefon ald\u0131m \u00e7o\u011fundan ya da mesaj g\u00f6nderdiler. Asl\u0131nda bu son derece k\u0131ymetli, \u00f6nemli bir mesaj&#8221; \u015feklinde konu\u015ftu.<\/p>\n\n\n\n<figure class=\"wp-block-image\"><img decoding=\"async\" src=\"https:\/\/cdn.iha.com.tr\/Contents\/26-03\/12\/aw660817_04.jpg\" alt=\"D\u0131\u015fi\u015fleri Bakan\u0131 Fidan: \"\/><\/figure>\n\n\n\n<p>Kaynak: \u0130HA<\/p>\n","protected":false},"excerpt":{"rendered":"<p>D\u0131\u015fi\u015fleri Bakan\u0131 Hakan Fidan, &#8220;\u0130ran\u2019da i\u015f sava\u015f \u00e7\u0131karmay\u0131 ve etnik veya din\u00ee fay hatlar\u0131 \u00fczerinden \u00e7at\u0131\u015fmalar\u0131 k\u00f6r\u00fcklemeyi hedefleyen her t\u00fcrl\u00fc plana sonuna kadar kar\u015f\u0131y\u0131z. Bu tip maceralara kar\u0131\u015fmak isteyenleri \u015fimdiden uyar\u0131yoruz&#8221; dedi. D\u0131\u015fi\u015fleri Bakan\u0131 Hakan Fidan, Alman mevkida\u015f\u0131 Johann Wadephul ile ger\u00e7ekle\u015ftirdi\u011fi g\u00f6r\u00fc\u015fmenin ard\u0131ndan d\u00fczenlenen ortak bas\u0131n toplant\u0131s\u0131nda iki \u00fclke ili\u015fkilerinden Orta Do\u011fu\u2019daki \u00e7at\u0131\u015fmalara, T\u00fcrkiye\u2019nin [&hellip;]<\/p>\n","protected":false},"author":1,"featured_media":10542,"comment_status":"open","ping_status":"open","sticky":false,"template":"","format":"standard","meta":{"footnotes":""},"categories":[1],"tags":[868,181,900,546],"class_list":["post-10541","post","type-post","status-publish","format-standard","has-post-thumbnail","hentry","category-gundem","tag-hakan-fidan","tag-iran","tag-nato","tag-orta-dogu"],"_links":{"self":[{"href":"https:\/\/www.trabzonmanset.com\/index.php\/wp-json\/wp\/v2\/posts\/10541","targetHints":{"allow":["GET"]}}],"collection":[{"href":"https:\/\/www.trabzonmanset.com\/index.php\/wp-json\/wp\/v2\/posts"}],"about":[{"href":"https:\/\/www.trabzonmanset.com\/index.php\/wp-json\/wp\/v2\/types\/post"}],"author":[{"embeddable":true,"href":"https:\/\/www.trabzonmanset.com\/index.php\/wp-json\/wp\/v2\/users\/1"}],"replies":[{"embeddable":true,"href":"https:\/\/www.trabzonmanset.com\/index.php\/wp-json\/wp\/v2\/comments?post=10541"}],"version-history":[{"count":1,"href":"https:\/\/www.trabzonmanset.com\/index.php\/wp-json\/wp\/v2\/posts\/10541\/revisions"}],"predecessor-version":[{"id":10543,"href":"https:\/\/www.trabzonmanset.com\/index.php\/wp-json\/wp\/v2\/posts\/10541\/revisions\/10543"}],"wp:featuredmedia":[{"embeddable":true,"href":"https:\/\/www.trabzonmanset.com\/index.php\/wp-json\/wp\/v2\/media\/10542"}],"wp:attachment":[{"href":"https:\/\/www.trabzonmanset.com\/index.php\/wp-json\/wp\/v2\/media?parent=10541"}],"wp:term":[{"taxonomy":"category","embeddable":true,"href":"https:\/\/www.trabzonmanset.com\/index.php\/wp-json\/wp\/v2\/categories?post=10541"},{"taxonomy":"post_tag","embeddable":true,"href":"https:\/\/www.trabzonmanset.com\/index.php\/wp-json\/wp\/v2\/tags?post=10541"}],"curies":[{"name":"wp","href":"https:\/\/api.w.org\/{rel}","templated":true}]}}