{"id":10538,"date":"2026-03-12T18:05:00","date_gmt":"2026-03-12T15:05:00","guid":{"rendered":"https:\/\/www.trabzonmanset.com\/?p=10538"},"modified":"2026-03-12T20:45:17","modified_gmt":"2026-03-12T17:45:17","slug":"eski-bakan-bahattin-sekere-ait-akaryakit-istasyonunda-kavga-1-polis-agir-yarali","status":"publish","type":"post","link":"https:\/\/www.trabzonmanset.com\/index.php\/2026\/03\/12\/eski-bakan-bahattin-sekere-ait-akaryakit-istasyonunda-kavga-1-polis-agir-yarali\/","title":{"rendered":"Eski Bakan Bahattin \u015eeker&#8217;e ait akaryak\u0131t istasyonunda kavga: 1 polis a\u011f\u0131r yaral\u0131"},"content":{"rendered":"\n<p>Bilecik&#8217;in Boz\u00fcy\u00fck il\u00e7esinde eski Bakan Bahattin \u015eeker&#8217;e ait akaryak\u0131t istasyonunda koruma polisi ile 2 karde\u015f aras\u0131nda kavga \u00e7\u0131kt\u0131. Kavgada defalarca b\u0131\u00e7aklanan koruma polisi a\u011f\u0131r yaralan\u0131rken, 2 karde\u015f ise bacaklar\u0131ndan vuruldu.<\/p>\n\n\n\n<p><strong>Boz\u00fcy\u00fck<\/strong> il\u00e7esinde 20&#8217;nci d\u00f6nem milletvekili ve eski Spordan Sorumlu Devlet Bakan\u0131 Bahattin \u015eeker&#8217;e ait akaryak\u0131t istasyonunun otopark\u0131nda park meselesi nedeniyle karde\u015fler M\u00fcnir T. ve R\u0131dvan T. ile \u00e7al\u0131\u015fanlar aras\u0131nda tart\u0131\u015fma \u00e7\u0131kt\u0131.<\/p>\n\n\n\n<h3 class=\"wp-block-heading\">BAKANIN KORUMA POL\u0130S\u0130N\u0130 BI\u00c7AKLADILAR<\/h3>\n\n\n\n<p>\u00c7\u0131kan tart\u0131\u015fmay\u0131 engellemek istedi\u011fi belirtilen bakan koruma polisi Y\u00fcksel T. ile karde\u015fler aras\u0131nda arbede ya\u015fand\u0131. Arbedede polis memuru Y\u00fcksel T. v\u00fccudunun \u00e7e\u015fitli yerinden b\u0131\u00e7akland\u0131. Y\u00fcksel T. de 2 karde\u015fi bacaklar\u0131ndan vurup, yaralad\u0131.<\/p>\n\n\n\n<figure class=\"wp-block-image\"><img decoding=\"async\" src=\"https:\/\/foto.haberler.com\/crop\/640x704\/haber\/2026\/03\/12\/eski-bakan-bahattin-seker-e-ait-akaryakit-19651556_9292_m.jpg\" alt=\"Eski Bakan Bahattin \u015eeker'e ait akaryak\u0131t istasyonunda kavga: 1 polis a\u011f\u0131r yaral\u0131\"\/><\/figure>\n\n\n\n<h3 class=\"wp-block-heading\">POL\u0130S MEMURUNUN DURUMU A\u011eIR<\/h3>\n\n\n\n<p>\u0130hbar \u00fczerine akaryak\u0131t istasyonuna \u00e7ok say\u0131da polis ve sa\u011fl\u0131k ekibi sevk edildi. A\u011f\u0131r yaraland\u0131\u011f\u0131 belirtilen polis memuru Y\u00fcksel T., sa\u011fl\u0131k ekiplerinin m\u00fcdahalesinin ard\u0131ndan Bilecik E\u011fitim ve Ara\u015ft\u0131rma Hastanesi&#8217;ne, 2 karde\u015f ise Boz\u00fcy\u00fck Devlet Hastanesi&#8217;ne kald\u0131r\u0131larak tedaviye al\u0131nd\u0131. Eski Bakan \u015eeker&#8217;in olay s\u0131ras\u0131nda akaryak\u0131t istasyonunda oldu\u011fu ve kavgay\u0131 ay\u0131rmaya \u00e7al\u0131\u015ft\u0131\u011f\u0131 \u00f6\u011frenildi.<\/p>\n\n\n\n<p>Kaynak: Demir\u00f6ren Haber Ajans\u0131<\/p>\n\n\n\n<p><\/p>\n","protected":false},"excerpt":{"rendered":"<p>Bilecik&#8217;in Boz\u00fcy\u00fck il\u00e7esinde eski Bakan Bahattin \u015eeker&#8217;e ait akaryak\u0131t istasyonunda koruma polisi ile 2 karde\u015f aras\u0131nda kavga \u00e7\u0131kt\u0131. Kavgada defalarca b\u0131\u00e7aklanan koruma polisi a\u011f\u0131r yaralan\u0131rken, 2 karde\u015f ise bacaklar\u0131ndan vuruldu. Boz\u00fcy\u00fck il\u00e7esinde 20&#8217;nci d\u00f6nem milletvekili ve eski Spordan Sorumlu Devlet Bakan\u0131 Bahattin \u015eeker&#8217;e ait akaryak\u0131t istasyonunun otopark\u0131nda park meselesi nedeniyle karde\u015fler M\u00fcnir T. ve R\u0131dvan [&hellip;]<\/p>\n","protected":false},"author":1,"featured_media":10539,"comment_status":"open","ping_status":"open","sticky":false,"template":"","format":"standard","meta":{"footnotes":""},"categories":[1371,1],"tags":[4519,4518,4520],"class_list":["post-10538","post","type-post","status-publish","format-standard","has-post-thumbnail","hentry","category-asayis","category-gundem","tag-akaryakit-istasyonu","tag-bahattin-seker","tag-bozuyuk"],"_links":{"self":[{"href":"https:\/\/www.trabzonmanset.com\/index.php\/wp-json\/wp\/v2\/posts\/10538","targetHints":{"allow":["GET"]}}],"collection":[{"href":"https:\/\/www.trabzonmanset.com\/index.php\/wp-json\/wp\/v2\/posts"}],"about":[{"href":"https:\/\/www.trabzonmanset.com\/index.php\/wp-json\/wp\/v2\/types\/post"}],"author":[{"embeddable":true,"href":"https:\/\/www.trabzonmanset.com\/index.php\/wp-json\/wp\/v2\/users\/1"}],"replies":[{"embeddable":true,"href":"https:\/\/www.trabzonmanset.com\/index.php\/wp-json\/wp\/v2\/comments?post=10538"}],"version-history":[{"count":1,"href":"https:\/\/www.trabzonmanset.com\/index.php\/wp-json\/wp\/v2\/posts\/10538\/revisions"}],"predecessor-version":[{"id":10540,"href":"https:\/\/www.trabzonmanset.com\/index.php\/wp-json\/wp\/v2\/posts\/10538\/revisions\/10540"}],"wp:featuredmedia":[{"embeddable":true,"href":"https:\/\/www.trabzonmanset.com\/index.php\/wp-json\/wp\/v2\/media\/10539"}],"wp:attachment":[{"href":"https:\/\/www.trabzonmanset.com\/index.php\/wp-json\/wp\/v2\/media?parent=10538"}],"wp:term":[{"taxonomy":"category","embeddable":true,"href":"https:\/\/www.trabzonmanset.com\/index.php\/wp-json\/wp\/v2\/categories?post=10538"},{"taxonomy":"post_tag","embeddable":true,"href":"https:\/\/www.trabzonmanset.com\/index.php\/wp-json\/wp\/v2\/tags?post=10538"}],"curies":[{"name":"wp","href":"https:\/\/api.w.org\/{rel}","templated":true}]}}