{"id":10535,"date":"2026-03-12T14:13:00","date_gmt":"2026-03-12T11:13:00","guid":{"rendered":"https:\/\/www.trabzonmanset.com\/?p=10535"},"modified":"2026-03-12T20:15:38","modified_gmt":"2026-03-12T17:15:38","slug":"ekrem-imamoglu-suc-orgutu-davasinda-agac-a-s-satin-alma-muduru-umit-polat-savunma-yapti","status":"publish","type":"post","link":"https:\/\/www.trabzonmanset.com\/index.php\/2026\/03\/12\/ekrem-imamoglu-suc-orgutu-davasinda-agac-a-s-satin-alma-muduru-umit-polat-savunma-yapti\/","title":{"rendered":"Ekrem \u0130mamo\u011flu Su\u00e7 \u00d6rg\u00fct\u00fc\u2019 davas\u0131nda A\u011fa\u00e7 A.\u015e. Sat\u0131n Alma M\u00fcd\u00fcr\u00fc \u00dcmit Polat savunma yapt\u0131"},"content":{"rendered":"\n<p>\u2018Ekrem \u0130mamo\u011flu \u00c7\u0131kar Ama\u00e7l\u0131 Su\u00e7 \u00d6rg\u00fct\u00fc\u2019 duru\u015fmas\u0131nda savunma yapan \u0130BB i\u015ftiraklerinden A\u011fa\u00e7 A.\u015e. Sat\u0131n Alma M\u00fcd\u00fcr\u00fc san\u0131k \u00dcmit Polat &#8220;A\u011fa\u00e7 A.\u015e. Genel M\u00fcd\u00fcr\u00fc Ali Sukas 2024\u2019\u00fcn ba\u015flar\u0131nda bir g\u00fcn \u00e7a\u011f\u0131rd\u0131 beni. \u2018Bir liste var. Bu listeden yapt\u0131\u011f\u0131m\u0131z al\u0131\u015fveri\u015fler \u00fczerinden y\u00fczde 10 alaca\u011f\u0131z\u2019 dedi. \u2018Ve bunu sen isteyeceksin\u2019 dedi. B\u00f6yle bir \u015feyin olmayaca\u011f\u0131n\u0131 s\u00f6yledim neyin paras\u0131 diye sordum. Neyi istiyoruz yani? \u0130nsanlardan neyin paras\u0131n\u0131 istiyorsunuz? \u2018Ben istemiyorum, yukar\u0131 istiyor\u2019 dedi.<\/p>\n\n\n\n<p><strong>&#8220;Ali Sukas \u2018al\u0131\u015fveri\u015fler \u00fczerinden y\u00fczde 10 alaca\u011f\u0131z\u2019 dedi&#8221;<\/strong><\/p>\n\n\n\n<p>Duru\u015fmada \u0130BB i\u015ftiraklerinden A\u011fa\u00e7 A.\u015e. Sat\u0131n Alma M\u00fcd\u00fcr\u00fc san\u0131k \u00dcmit Polat savunma yapt\u0131. Polat savunmas\u0131nda &#8220;2019 y\u0131l\u0131nda Ali Sukas\u2019\u0131n g\u00f6reve gelmesiyle birlikte 2020 y\u0131l\u0131n\u0131n ba\u015flar\u0131nda \u00fcretim planlama m\u00fcd\u00fcr\u00fc olarak beni atad\u0131. 5-6 ay sonra 2020\u2019nin ortalar\u0131na do\u011fru sat\u0131n almada problemler \u00e7\u0131kmaya ba\u015flad\u0131. Pandeminin yo\u011fun oldu\u011fu d\u00f6nemdi. O d\u00f6nemde ilgili m\u00fcd\u00fcr arkada\u015f g\u00f6revden ayr\u0131lmak durumunda kald\u0131. Birimi bana verdiler. Y\u0131l\u0131n sonuna do\u011fru da asaleten sat\u0131n alma m\u00fcd\u00fcr\u00fc oldum. 2023 sonlar\u0131na kadar herhangi bir s\u0131k\u0131nt\u0131 yoktu. A\u011fa\u00e7 A.\u015e. Genel M\u00fcd\u00fcr\u00fc Ali Sukas 2024\u2019\u00fcn ba\u015flar\u0131nda bir g\u00fcn \u00e7a\u011f\u0131rd\u0131 beni. \u2018Bir liste var. Bu listeden yapt\u0131\u011f\u0131m\u0131z al\u0131\u015fveri\u015fler \u00fczerinden y\u00fczde 10 alaca\u011f\u0131z\u2019 dedi. \u2018Ve bunu sen isteyeceksin\u2019 dedi. B\u00f6yle bir \u015feyin olmayaca\u011f\u0131n\u0131 s\u00f6yledim neyin paras\u0131 diye sordum. Neyi istiyoruz yani? \u0130nsanlardan neyin paras\u0131n\u0131 istiyorsunuz? \u2018Ben istemiyorum, yukar\u0131 istiyor\u2019 dedi. Yukar\u0131s\u0131 kimse gelsin kendi istesin muhabbeti yapt\u0131k. Devam\u0131nda bunu bir kez daha tekrar etti kendisi bana. B\u00f6yle bir \u015feyin olmayaca\u011f\u0131n\u0131, kesinlikle b\u00f6yle bir \u015feye bula\u015fmayaca\u011f\u0131m\u0131 s\u00f6yledim. Devam\u0131ndaki s\u00fcre\u00e7te m\u00fcteahhitler yava\u015f yava\u015f gelip dertlenmeye ba\u015flad\u0131. 25 y\u0131ld\u0131r ayn\u0131 kurumday\u0131m. M\u00fcteahhitler ile belli bir samimiyet olu\u015fmu\u015f oluyor. \u2018Bizden \u015fu kadar para istiyor\u2019 diyorlard\u0131. Oradan haberdar olmaya ba\u015flad\u0131m. Bir, iki, \u00fc\u00e7 derken rahats\u0131zl\u0131k artt\u0131. Ben ilk ba\u015fta kendisi i\u00e7in toplad\u0131\u011f\u0131n\u0131 d\u00fc\u015f\u00fcn\u00fcyordum. Yukar\u0131y\u0131 bahane ederek kendisine al\u0131yor diye d\u00fc\u015f\u00fcn\u00fcyordum. Bunu yukar\u0131s\u0131 dedi\u011fi yere \u015fikayet edece\u011fim diye d\u00fc\u015f\u00fcnd\u00fcm&#8221; dedi.<\/p>\n\n\n\n<p><strong>&#8220;Ortada bir kamu zarar\u0131 s\u00f6z konusu, ama bir \u015fey yapam\u0131yorum&#8221;<\/strong><\/p>\n\n\n\n<p>Polat savunmas\u0131n\u0131n devam\u0131nda &#8220;Duygu \u00c7ebi bizde \u00fcretim planlama m\u00fcd\u00fcr\u00fcyd\u00fc. Duygu \u00c7ebi kimdir? Ertan Y\u0131ld\u0131z\u2019\u0131n kuzeni. Yeni atanm\u0131\u015ft\u0131. Ertan Y\u0131ld\u0131z\u2019a yak\u0131nl\u0131\u011f\u0131ndan dolay\u0131 onunla ilk ba\u015fta payla\u015ft\u0131m durumu. B\u00f6yle b\u00f6yle bir \u015fey vard\u0131 dedim. \u2018Bak m\u00fcteahhitlerden para istiyor bu rahats\u0131z ediyor\u2019 dedim. \u2018\u0130lgilenece\u011fim\u2019 dedi ama sonra ses \u00e7\u0131kmad\u0131. Bunun \u00fczerine Ekrem Ba\u015fkan\u2019\u0131n kendisine iletece\u011fim diye karar verdim kafamda. Murat Da\u011fdeviren diye bir m\u00fcteahhitimiz vard\u0131. Ba\u015fkana yak\u0131n g\u00f6r\u00fc\u015febilen biriydi kendisiyle. Onunla payla\u015ft\u0131m. B\u00f6yle b\u00f6yle bir \u015fey var dedim. O \u2018ben kesinlikle iletece\u011fim\u2019 dedi. Aradan biraz daha zaman ge\u00e7ti, bir g\u00fcn geldi tekrar Murat Da\u011fdeviren dedi ki, \u2018ben ilettim ama ayak\u00fcst\u00fc gibi konu\u015ftuk, sonra Fatih Kele\u015f\u2019e de bahsettim\u2019 dedi. Yine beklemeye girdik. Yine herhangi bir \u015fey olmad\u0131. Sonra Murat Da\u011fdeviren\u2019le yine konu\u015furken dedi ki, \u2018benim kay\u0131npederim ba\u015fkan\u0131mla daha rahat g\u00f6r\u00fc\u015f\u00fcr\u2019 dedi. Ona gittik. Kendisine aktard\u0131m b\u00f6yle b\u00f6yle diye. \u2018Ben ilgilenece\u011fim\u2019 dedi. Bir geli\u015fme olmad\u0131. \u00c7\u00fcnk\u00fc bir \u015fey olmamas\u0131 rahats\u0131z ediyordu. Ortada bir kamu zarar\u0131 s\u00f6z konusu, ciddi s\u0131k\u0131nt\u0131lar ya\u015fan\u0131yor ama herhangi bir \u015fey yapam\u0131yorum. 25 y\u0131l hizmet verdi\u011fim bir yer, savc\u0131l\u0131\u011fa gitsem, su\u00e7 duyurusunda bulunsam kendi \u015firketini \u015fikayet eden eleman pozisyonuna d\u00fc\u015fmek istemedim. Bir \u015fekilde \u00e7\u00f6z\u00fcl\u00fcr diye umdum&#8221; \u015feklinde konu\u015ftu.<\/p>\n\n\n\n<p><strong>&#8220;Lale so\u011fan\u0131 ile ilgili bir yolsuzluk vard\u0131 onu verdim savc\u0131ya&#8221;<\/strong><\/p>\n\n\n\n<p>Polat &#8220;Ali Sukas kendisi i\u00e7in yap\u0131yor. Kendisi de siyasi, kar\u0131s\u0131 da siyasi. Bir dahaki se\u00e7imlere daha sa\u011flam haz\u0131rlanmak i\u00e7in. \u00c7\u00fcnk\u00fc kendi belediyede ba\u015fkan aday\u0131 olarak konu\u015fulmu\u015ftu. Herhalde o niyetle diye d\u00fc\u015f\u00fcnd\u00fcm. Muhtemelen g\u00f6revden alacaklar diye d\u00fc\u015f\u00fcn\u00fcyordum. Gider ayak ne yaparsam kard\u0131r mant\u0131\u011f\u0131yla y\u00fcr\u00fcyor diye d\u00fc\u015f\u00fcnd\u00fcm. 19 Mart\u2019ta Ekrem \u0130mamo\u011flu\u2019nun tutuklanmas\u0131 ile s\u00fcre\u00e7 ba\u015flad\u0131. Sonra m\u00fcteahitler tutuklanmaya ba\u015flad\u0131. Sonra ben kendim giderek savc\u0131l\u0131\u011fa ifademi verdim. Tutuklu olan m\u00fcteahhitlerden hi\u00e7birinin ifadesinde ben yokum. Tutuklanma s\u00fcre\u00e7lerinde gizli tan\u0131klardan birinin ben oldu\u011fumu d\u00fc\u015f\u00fcnm\u00fc\u015fler. Lale so\u011fan\u0131 ile ilgili bir yolsuzluk vard\u0131. Onu verdim savc\u0131ya. Onlarla ilgili \u015f\u00fcpheliler al\u0131n\u0131nca benim ismimi vermi\u015fler etkin pi\u015fmanl\u0131ktan serbest kalm\u0131\u015flar. Sonra yurtd\u0131\u015f\u0131na ka\u00e7t\u0131lar. O ifadelerden dolay\u0131 ben tutukluyum \u015fu anda. Ali Sukas birka\u00e7 ki\u015fi bir araya geldi\u011finde bile toplant\u0131larda telefonlar\u0131 d\u0131\u015far\u0131 b\u0131rakt\u0131ran biriydi&#8221; dedi. \u00dcmit Polat savunmas\u0131n\u0131n devam\u0131nda tutukluyken kendisini CHP\u2019li G\u00f6khan Zeybek\u2019in ziyarete geldi\u011fini s\u00f6yledi. Polat, Zeybek\u2019in olay\u0131n tamamen kumpas oldu\u011funu kendisine s\u00f6yledi\u011fini belirterek k\u0131z\u0131n\u0131n e\u011fitim masraflar\u0131n\u0131 kar\u015f\u0131layaca\u011f\u0131n\u0131 da s\u00f6yledi\u011fini aktard\u0131. Polat &#8220;G\u00f6khan Zeybek bana bu ziyaret esnas\u0131nda sus i\u015fareti de yapt\u0131&#8221; dedi.<\/p>\n\n\n\n<p>San\u0131k savunmas\u0131n\u0131n ard\u0131ndan cumhuriyet savc\u0131s\u0131 &#8220;Yukar\u0131dan para isteyen \u015fah\u0131slar var demi\u015ftin. Bunlar kimler?&#8221; \u015feklinde soru sordu. San\u0131k Polat &#8220;Ali Sukas\u2019la d\u0131\u015far\u0131da g\u00f6r\u00fc\u015ft\u00fcm. \u201825 y\u0131ll\u0131k eme\u011fin var ama seni g\u00f6revden alaca\u011f\u0131m. \u00c7ok konu\u015fuyorsun, dikkat et. Bu i\u015flerden Ertan Y\u0131ld\u0131z ve Fatih Kele\u015f\u2019in haberi var\u2019 dedi. Daha sonraki s\u00fcre\u00e7te, Ali Sukas\u2019\u0131n talimat\u0131yla darp edildim. \u015eikayette bulunmad\u0131m \u00e7\u00fcnk\u00fc korktum. Sonraki g\u00fcn de Ekrem \u0130mamo\u011flu tutukland\u0131 zaten&#8221; yan\u0131t\u0131n\u0131 verdi. Savc\u0131 &#8220;Ama savc\u0131l\u0131ktaki ifadende, Sukas\u2019\u0131n sana \u2018bu sald\u0131r\u0131 sana de\u011fil bize yap\u0131ld\u0131\u2019 dedi\u011fini s\u00f6ylemi\u015fsin&#8221; sorusu \u00fczerine san\u0131k &#8220;\u0130\u015fleyi\u015f olarak bunu Sukas\u2019\u0131n yapt\u0131rd\u0131\u011f\u0131n\u0131 d\u00fc\u015f\u00fcn\u00fcyorum&#8221; cevab\u0131n\u0131 verdi.<\/p>\n\n\n\n<p><strong>Ekrem \u0130mamo\u011flu\u2019ndan tablo tepkisi: &#8220;L\u00fctfen yalana m\u00fcsaade etmeyin&#8221;<\/strong><\/p>\n\n\n\n<p>Duru\u015fmada MASAK taraf\u0131ndan haz\u0131rlanan ve iddianamede yer alan y\u0131llara g\u00f6re A\u011fa\u00e7 A.\u015e.\u2019ye giren para miktar\u0131n\u0131 g\u00f6steren bir tablo yans\u0131t\u0131ld\u0131. Duru\u015fma savc\u0131s\u0131 &#8220;\u0130mamo\u011flu ile Ali Sukas g\u00f6r\u00fc\u015ft\u00fc demi\u015fsin. \u0130mamo\u011flu\u2019nun Ali Sukas\u2019a se\u00e7im i\u00e7in yeterince para toplayamad\u0131\u011f\u0131 i\u00e7in k\u0131zd\u0131\u011f\u0131n\u0131 s\u00f6ylemi\u015fsin. Bundan sonra da Sukas\u2019\u0131n para toplama h\u0131z\u0131n\u0131n art\u0131rd\u0131\u011f\u0131n\u0131 s\u00f6ylemi\u015fsin. 2023-2024 aras\u0131nda A\u011fa\u00e7 A.\u015e.\u2019deki bu y\u00fckselen para giri\u015finin bu g\u00f6r\u00fc\u015fmeyle ilgisi var m\u0131?&#8221; sorusunu y\u00f6neltti. Polat ise &#8220;Para topland\u0131 ama se\u00e7im i\u00e7in topland\u0131 diye duydum&#8221; yan\u0131t\u0131n\u0131 verdi. Bu esnada aya\u011fa kalkan Ekrem \u0130mamo\u011flu &#8220;Say\u0131n hakim l\u00fctfen yalana m\u00fcsaade etmeyin. \u0130ddia makam\u0131 yalan bir tablo yans\u0131tt\u0131&#8221; dedi.<\/p>\n\n\n\n<p><strong>Ekrem \u0130mamo\u011flu savc\u0131l\u0131\u011fa iftira makam\u0131 dedi, savc\u0131l\u0131k i\u015flem yap\u0131lmas\u0131n\u0131 istedi<\/strong><\/p>\n\n\n\n<p>San\u0131k \u00dcmit Polat\u2019a, Cumhuriyet Savc\u0131s\u0131 iddianamede yer alan bir tablonun ne anlama geldi\u011fini sordu. Soruya san\u0131k Ekrem \u0130mamo\u011flu itiraz etti\u011fini belirterek, &#8220;\u0130ddia makam\u0131n\u0131n yalan bir tabloyu yans\u0131tmas\u0131na kar\u015f\u0131y\u0131m. \u0130ddia makam\u0131, iftira makam\u0131 yalan konu\u015fuyor, say\u0131n hakim, l\u00fctfen yalana m\u00fcsaade etmeyin&#8221; dedi. Bunun \u00fczerine Cumhuriyet savc\u0131s\u0131, CMK h\u00fck\u00fcmleri gere\u011fi \u0130mamo\u011flu\u2019nun makama ve kendisine y\u00f6nelik hakarette bulundu\u011funu belirterek, hakk\u0131nda i\u015flem yap\u0131lmas\u0131n\u0131 istedi. Bunun \u00fczerine \u0130mamo\u011flu s\u00f6z almak istedi. Mahkeme ba\u015fkan\u0131, \u0130mamo\u011flu\u2019na iddialara kar\u015f\u0131 tek tek yan\u0131t hakk\u0131 veremeyece\u011fini, kendisinin savunma yapaca\u011f\u0131 zaman t\u00fcm iddialar hakk\u0131nda savunma yapaca\u011f\u0131n\u0131 belirtti.<\/p>\n\n\n\n<p>Kaynak: \u0130HA<\/p>\n","protected":false},"excerpt":{"rendered":"<p>\u2018Ekrem \u0130mamo\u011flu \u00c7\u0131kar Ama\u00e7l\u0131 Su\u00e7 \u00d6rg\u00fct\u00fc\u2019 duru\u015fmas\u0131nda savunma yapan \u0130BB i\u015ftiraklerinden A\u011fa\u00e7 A.\u015e. Sat\u0131n Alma M\u00fcd\u00fcr\u00fc san\u0131k \u00dcmit Polat &#8220;A\u011fa\u00e7 A.\u015e. Genel M\u00fcd\u00fcr\u00fc Ali Sukas 2024\u2019\u00fcn ba\u015flar\u0131nda bir g\u00fcn \u00e7a\u011f\u0131rd\u0131 beni. \u2018Bir liste var. Bu listeden yapt\u0131\u011f\u0131m\u0131z al\u0131\u015fveri\u015fler \u00fczerinden y\u00fczde 10 alaca\u011f\u0131z\u2019 dedi. \u2018Ve bunu sen isteyeceksin\u2019 dedi. B\u00f6yle bir \u015feyin olmayaca\u011f\u0131n\u0131 s\u00f6yledim neyin paras\u0131 [&hellip;]<\/p>\n","protected":false},"author":1,"featured_media":10536,"comment_status":"open","ping_status":"open","sticky":false,"template":"","format":"standard","meta":{"footnotes":""},"categories":[1371,1],"tags":[4517,1794,506,4516],"class_list":["post-10535","post","type-post","status-publish","format-standard","has-post-thumbnail","hentry","category-asayis","category-gundem","tag-agac-a-s","tag-ekrem-imamoglu","tag-ibb","tag-suc-orgutu-2"],"_links":{"self":[{"href":"https:\/\/www.trabzonmanset.com\/index.php\/wp-json\/wp\/v2\/posts\/10535","targetHints":{"allow":["GET"]}}],"collection":[{"href":"https:\/\/www.trabzonmanset.com\/index.php\/wp-json\/wp\/v2\/posts"}],"about":[{"href":"https:\/\/www.trabzonmanset.com\/index.php\/wp-json\/wp\/v2\/types\/post"}],"author":[{"embeddable":true,"href":"https:\/\/www.trabzonmanset.com\/index.php\/wp-json\/wp\/v2\/users\/1"}],"replies":[{"embeddable":true,"href":"https:\/\/www.trabzonmanset.com\/index.php\/wp-json\/wp\/v2\/comments?post=10535"}],"version-history":[{"count":1,"href":"https:\/\/www.trabzonmanset.com\/index.php\/wp-json\/wp\/v2\/posts\/10535\/revisions"}],"predecessor-version":[{"id":10537,"href":"https:\/\/www.trabzonmanset.com\/index.php\/wp-json\/wp\/v2\/posts\/10535\/revisions\/10537"}],"wp:featuredmedia":[{"embeddable":true,"href":"https:\/\/www.trabzonmanset.com\/index.php\/wp-json\/wp\/v2\/media\/10536"}],"wp:attachment":[{"href":"https:\/\/www.trabzonmanset.com\/index.php\/wp-json\/wp\/v2\/media?parent=10535"}],"wp:term":[{"taxonomy":"category","embeddable":true,"href":"https:\/\/www.trabzonmanset.com\/index.php\/wp-json\/wp\/v2\/categories?post=10535"},{"taxonomy":"post_tag","embeddable":true,"href":"https:\/\/www.trabzonmanset.com\/index.php\/wp-json\/wp\/v2\/tags?post=10535"}],"curies":[{"name":"wp","href":"https:\/\/api.w.org\/{rel}","templated":true}]}}