{"id":10532,"date":"2026-03-12T18:30:00","date_gmt":"2026-03-12T15:30:00","guid":{"rendered":"https:\/\/www.trabzonmanset.com\/?p=10532"},"modified":"2026-03-12T20:12:17","modified_gmt":"2026-03-12T17:12:17","slug":"iranin-yeni-lideri-mucteba-hamaney-oldurulen-kiz-cocuklari-icin-intikam-yemini-etti","status":"publish","type":"post","link":"https:\/\/www.trabzonmanset.com\/index.php\/2026\/03\/12\/iranin-yeni-lideri-mucteba-hamaney-oldurulen-kiz-cocuklari-icin-intikam-yemini-etti\/","title":{"rendered":"\u0130ran&#8217;\u0131n yeni lideri M\u00fccteba Hamaney, \u00f6ld\u00fcr\u00fclen k\u0131z \u00e7ocuklar\u0131 i\u00e7in intikam yemini etti"},"content":{"rendered":"\n<p>\u0130ran&#8217;da, Ali\u00a0Hamaney&#8217;in hayat\u0131n\u0131 kaybetmesinin ard\u0131ndan yeni dini lider se\u00e7ilen M\u00fccteba\u00a0Hamaney, ilk mesaj\u0131n\u0131 yay\u0131mlad\u0131. Hamaney, 28 \u015eubat&#8217;ta ABD ile \u0130srail&#8217;in H\u00fcrm\u00fczgan eyaletine ba\u011fl\u0131\u00a0Minab\u00a0kentindeki \u015eeceret\u00fc&#8217;t-Tayyibe K\u0131z \u0130lkokulu&#8217;na d\u00fczenledi\u011fi sald\u0131r\u0131da ya\u015fam\u0131n\u0131 yitiren 185 \u00e7ocuk ve \u00f6\u011fretmenleri i\u00e7in intikam yemini eden Hamaney, &#8220;\u015eehitlerinizin kan\u0131n\u0131n intikam\u0131ndan, \u00f6zellikle Minab \u015fehitlerinin kan\u0131n\u0131n intikam\u0131ndan asla vazge\u00e7meyece\u011fiz&#8221; dedi.<\/p>\n\n\n\n<ul class=\"wp-block-list\">\n<li>\u0130ran&#8217;\u0131n yeni lideri M\u00fccteba Hamaney, 28 \u015eubat&#8217;ta ABD ve \u0130srail&#8217;in Minab kentindeki bir k\u0131z ilkokuluna d\u00fczenledi\u011fi sald\u0131r\u0131da \u00f6len 185 \u00e7ocuk ve \u00f6\u011fretmen i\u00e7in intikam yemini etti.<\/li>\n\n\n\n<li>M\u00fccteba Hamaney, H\u00fcrm\u00fcz Bo\u011faz\u0131&#8217;n\u0131n kapat\u0131lmas\u0131 kozunun devam ettirilmesi gerekti\u011fini ve ABD \u00fcslerinden sald\u0131r\u0131 geldi\u011fi s\u00fcrece bu \u00fcslere kar\u015f\u0131l\u0131k verilece\u011fini belirtti.<\/li>\n\n\n\n<li>M\u00fccteba Hamaney, d\u00fc\u015fmandan sava\u015f tazminat\u0131 talep edeceklerini, reddedilmesi halinde belirlenen miktarda mal\u0131na el koyacaklar\u0131n\u0131 veya yok edeceklerini ifade etti.<\/li>\n<\/ul>\n\n\n\n<p>Ayetullah Ali Hamaney&#8217;in ABD- <strong>\u0130srail<\/strong> sald\u0131r\u0131s\u0131nda hayat\u0131n\u0131 kaybetmesinin ard\u0131ndan Uzmanlar Meclisi taraf\u0131ndan se\u00e7ilen o\u011flu M\u00fccteba H\u00fcseyni Hamaney, liderlik g\u00f6revine geldikten sonra ilk mesaj\u0131n\u0131 yay\u0131mlad\u0131.<\/p>\n\n\n\n<p>M\u00fccteba Hamaney&#8217;in mesaj\u0131 devlet televizyonunda sunucu taraf\u0131ndan okunurken yeni liderin g\u00f6r\u00fcnt\u00fcs\u00fc ve sesine yer verilmedi.<\/p>\n\n\n\n<h3 class=\"wp-block-heading\">\u00d6LD\u00dcR\u00dcLEN KIZ \u00c7OCUKLARI \u0130\u00c7\u0130N \u0130NT\u0130KAM YEM\u0130N\u0130 ETT\u0130<\/h3>\n\n\n\n<p>Hamaney, 28 \u015eubat&#8217;ta ABD ile \u0130srail&#8217;in H\u00fcrm\u00fczgan eyaletine ba\u011fl\u0131 Minab kentindeki \u015eeceret\u00fc&#8217;t-Tayyibe K\u0131z \u0130lkokulu&#8217;na d\u00fczenledi\u011fi sald\u0131r\u0131da ya\u015fam\u0131n\u0131 yitiren 185 \u00e7ocuk ve \u00f6\u011fretmenleri i\u00e7in intikam yemini etti. &#8220;\u00dclkeyi b\u00f6lme giri\u015fimlerini engelledik&#8221; ifadelerini kulland\u0131. Hamaney, &#8220;\u015eehitlerinizin kan\u0131n\u0131n intikam\u0131ndan, \u00f6zellikle Minab \u015fehitlerinin kan\u0131n\u0131n intikam\u0131ndan asla vazge\u00e7meyece\u011fiz&#8221; dedi.<\/p>\n\n\n\n<figure class=\"wp-block-image\"><img decoding=\"async\" src=\"https:\/\/foto.haberler.com\/crop\/640x426\/haber\/2026\/03\/12\/iran-in-yeni-lideri-mucteba-hamaney-abd-israil-19651712_704_m.jpg\" alt=\"\u0130ran'\u0131n yeni lideri M\u00fccteba Hamaney, ABD-\u0130srail sald\u0131r\u0131s\u0131nda \u00f6ld\u00fcr\u00fclen k\u0131z \u00e7ocuklar\u0131 i\u00e7in intikam yemini etti\"\/><\/figure>\n\n\n\n<h3 class=\"wp-block-heading\">&#8220;H\u00dcRM\u00dcZ BO\u011eAZI&#8217;NIN KAPATILMASI KOZU DA KES\u0130NL\u0130KLE DEVAM ETT\u0130R\u0130LMEL\u0130D\u0130R&#8221;<\/h3>\n\n\n\n<p><a href=\"https:\/\/www.haberler.com\/iran\/\"><strong>\u0130ran<\/strong><\/a> Silahl\u0131 Kuvvetlerine seslenen Hamaney, halk\u0131n &#8220;etkili ve pi\u015fman edici savunmaya&#8221; devam edilmesini istedi\u011fini vurgulayarak, \u015funlar\u0131 kaydetti: &#8220;H\u00fcrm\u00fcz Bo\u011faz\u0131&#8217;n\u0131n kapat\u0131lmas\u0131 kozu da kesinlikle devam ettirilmelidir. D\u00fc\u015fman\u0131n az deneyime sahip oldu\u011fu ve son derece savunmas\u0131z olaca\u011f\u0131 di\u011fer cephelerin a\u00e7\u0131lmas\u0131 konusunda da \u00e7al\u0131\u015fmalar yap\u0131ld\u0131. Sava\u015f durumunun devam etmesi halinde ve \u00e7\u0131karlar\u0131n g\u00f6zetilmesi esas\u0131na g\u00f6re bu cepheler aktif hale getirilecektir.&#8221; Hamaney ayr\u0131ca, toplumsal birli\u011fin sa\u011flanmas\u0131 ad\u0131na ihtilaflardan vazge\u00e7ilmesinin m\u00fcmk\u00fcn oldu\u011funu belirterek, &#8220;Bu koltu\u011fa oturmak \u00e7ok a\u011f\u0131r bir i\u015ftir. Millet birli\u011fini korumal\u0131d\u0131r.&#8221; dedi.<\/p>\n\n\n\n<h3 class=\"wp-block-heading\">&#8220;\u00dcSLERDEN SALDIRI GELD\u0130\u011e\u0130 S\u00dcRECE ABD \u00dcSLER\u0130NE VE HEDEFLER\u0130NE SALDIRILAR DEVAM EDECEK&#8221; MESAJI<\/h3>\n\n\n\n<p><a href=\"https:\/\/www.haberler.com\/iran\/\"><strong>\u0130ran<\/strong><\/a>&#8216;\u0131n b\u00f6lge \u00fclkelerinde yer alan ABD \u00fcslerine sald\u0131r\u0131s\u0131 hakk\u0131nda da de\u011ferlendirmelerde bulunan Hamaney, &#8220;15 \u00fclke ile kom\u015fulu\u011fumuz var ancak d\u00fc\u015fman baz\u0131 \u00fclkelerde askeri \u00fcslere sahip. Bize yap\u0131lan son sald\u0131r\u0131larda bu \u00fcsler kullan\u0131lm\u0131\u015ft\u0131r ve biz de o \u00fcsleri hedef ald\u0131k. E\u011fer o \u00fcsler kullan\u0131lmaya devam ederse ayn\u0131 \u015fekilde kar\u015f\u0131l\u0131k vermeyi s\u00fcrd\u00fcrece\u011fiz. &#8221; ifadelerini kulland\u0131.<\/p>\n\n\n\n<figure class=\"wp-block-image\"><img decoding=\"async\" src=\"https:\/\/foto.haberler.com\/crop\/640x360\/haber\/2026\/03\/12\/iran-in-yeni-lideri-mucteba-hamaney-abd-israil-19651712_3150_m.jpg\" alt=\"\u0130ran'\u0131n yeni lideri M\u00fccteba Hamaney, ABD-\u0130srail sald\u0131r\u0131s\u0131nda \u00f6ld\u00fcr\u00fclen k\u0131z \u00e7ocuklar\u0131 i\u00e7in intikam yemini etti\"\/><\/figure>\n\n\n\n<p>Hamaney, s\u00f6z konusu \u00fclkelere ABD \u00fcslerini kapatma \u00e7a\u011fr\u0131s\u0131 yaparak, \u015f\u00f6yle devam etti: &#8220;Bu \u00fclkeler, sevgili vatan\u0131m\u0131za sald\u0131ranlar ve halk\u0131m\u0131z\u0131n katilleri kar\u015f\u0131s\u0131ndaki tutumlar\u0131n\u0131 a\u00e7\u0131k\u00e7a ortaya koymal\u0131d\u0131r. Onlara tavsiyem, s\u00f6z konusu \u00fcsleri m\u00fcmk\u00fcn olan en k\u0131sa s\u00fcrede kapatmalar\u0131d\u0131r. \u00c7\u00fcnk\u00fc art\u0131k Amerika&#8217;n\u0131n g\u00fcvenlik ve bar\u0131\u015f sa\u011flama iddias\u0131n\u0131n ger\u00e7ekte bir yalandan ibaret oldu\u011funu anlam\u0131\u015f olmalar\u0131 gerekir. Bu ad\u0131m, onlar\u0131n kendi halklar\u0131yla ba\u011flar\u0131n\u0131 g\u00fc\u00e7lendirmelerine de yard\u0131mc\u0131 olacakt\u0131r zira halklar\u0131n\u0131n b\u00fcy\u00fck b\u00f6l\u00fcm\u00fc kibir cephesini ve onun a\u015fa\u011f\u0131lay\u0131c\u0131 davran\u0131\u015flar\u0131n\u0131 desteklemekten memnun de\u011fildir. Ayn\u0131 zamanda bu, \u00fclkelerin zenginli\u011fini ve g\u00fcc\u00fcn\u00fc art\u0131racakt\u0131r.&#8221;<\/p>\n\n\n\n<h3 class=\"wp-block-heading\">&#8220;D\u00dc\u015eMANDAN TAZM\u0130NAT TALEP EDECE\u011e\u0130Z VE E\u011eER REDDEDERSE, BEL\u0130RLED\u0130\u011e\u0130M\u0130Z M\u0130KTARDA MALINA EL KOYACA\u011eIZ&#8221;<\/h3>\n\n\n\n<p><a href=\"https:\/\/www.haberler.com\/iran\/\"><strong>\u0130ran<\/strong><\/a>&#8216;\u0131n yeni lideri Hamaney, sava\u015f tazminat\u0131 olarak &#8220;d\u00fc\u015fmandan&#8221; talepte bulunacaklar\u0131n\u0131 da belirterek, &#8220;D\u00fc\u015fmandan tazminat talep edece\u011fiz ve e\u011fer reddederse, belirledi\u011fimiz miktarda mal\u0131na el koyaca\u011f\u0131z, bu da m\u00fcmk\u00fcn de\u011filse, ayn\u0131 miktarda mal\u0131n\u0131 yok edece\u011fiz.&#8221; diye konu\u015ftu.<\/p>\n\n\n\n<p>Hamaney ayr\u0131ca mesaj\u0131nda, Uzmanlar Meclisi&#8217;nin yeni \u0130ran liderinin se\u00e7ilmesine dair ald\u0131\u011f\u0131 nihai karar\u0131, t\u0131pk\u0131 halk gibi kendisinin de televizyondan \u00f6\u011frendi\u011fini aktard\u0131.<\/p>\n\n\n\n<p><\/p>\n","protected":false},"excerpt":{"rendered":"<p>\u0130ran&#8217;da, Ali\u00a0Hamaney&#8217;in hayat\u0131n\u0131 kaybetmesinin ard\u0131ndan yeni dini lider se\u00e7ilen M\u00fccteba\u00a0Hamaney, ilk mesaj\u0131n\u0131 yay\u0131mlad\u0131. Hamaney, 28 \u015eubat&#8217;ta ABD ile \u0130srail&#8217;in H\u00fcrm\u00fczgan eyaletine ba\u011fl\u0131\u00a0Minab\u00a0kentindeki \u015eeceret\u00fc&#8217;t-Tayyibe K\u0131z \u0130lkokulu&#8217;na d\u00fczenledi\u011fi sald\u0131r\u0131da ya\u015fam\u0131n\u0131 yitiren 185 \u00e7ocuk ve \u00f6\u011fretmenleri i\u00e7in intikam yemini eden Hamaney, &#8220;\u015eehitlerinizin kan\u0131n\u0131n intikam\u0131ndan, \u00f6zellikle Minab \u015fehitlerinin kan\u0131n\u0131n intikam\u0131ndan asla vazge\u00e7meyece\u011fiz&#8221; dedi. Ayetullah Ali Hamaney&#8217;in ABD- \u0130srail sald\u0131r\u0131s\u0131nda [&hellip;]<\/p>\n","protected":false},"author":1,"featured_media":10533,"comment_status":"open","ping_status":"open","sticky":false,"template":"","format":"standard","meta":{"footnotes":""},"categories":[127],"tags":[4514,181,4515],"class_list":["post-10532","post","type-post","status-publish","format-standard","has-post-thumbnail","hentry","category-dunya","tag-ali-hamaney-2","tag-iran","tag-minab"],"_links":{"self":[{"href":"https:\/\/www.trabzonmanset.com\/index.php\/wp-json\/wp\/v2\/posts\/10532","targetHints":{"allow":["GET"]}}],"collection":[{"href":"https:\/\/www.trabzonmanset.com\/index.php\/wp-json\/wp\/v2\/posts"}],"about":[{"href":"https:\/\/www.trabzonmanset.com\/index.php\/wp-json\/wp\/v2\/types\/post"}],"author":[{"embeddable":true,"href":"https:\/\/www.trabzonmanset.com\/index.php\/wp-json\/wp\/v2\/users\/1"}],"replies":[{"embeddable":true,"href":"https:\/\/www.trabzonmanset.com\/index.php\/wp-json\/wp\/v2\/comments?post=10532"}],"version-history":[{"count":1,"href":"https:\/\/www.trabzonmanset.com\/index.php\/wp-json\/wp\/v2\/posts\/10532\/revisions"}],"predecessor-version":[{"id":10534,"href":"https:\/\/www.trabzonmanset.com\/index.php\/wp-json\/wp\/v2\/posts\/10532\/revisions\/10534"}],"wp:featuredmedia":[{"embeddable":true,"href":"https:\/\/www.trabzonmanset.com\/index.php\/wp-json\/wp\/v2\/media\/10533"}],"wp:attachment":[{"href":"https:\/\/www.trabzonmanset.com\/index.php\/wp-json\/wp\/v2\/media?parent=10532"}],"wp:term":[{"taxonomy":"category","embeddable":true,"href":"https:\/\/www.trabzonmanset.com\/index.php\/wp-json\/wp\/v2\/categories?post=10532"},{"taxonomy":"post_tag","embeddable":true,"href":"https:\/\/www.trabzonmanset.com\/index.php\/wp-json\/wp\/v2\/tags?post=10532"}],"curies":[{"name":"wp","href":"https:\/\/api.w.org\/{rel}","templated":true}]}}