{"id":10528,"date":"2026-03-12T19:30:00","date_gmt":"2026-03-12T16:30:00","guid":{"rendered":"https:\/\/www.trabzonmanset.com\/?p=10528"},"modified":"2026-03-12T20:07:05","modified_gmt":"2026-03-12T17:07:05","slug":"cumhurbaskani-erdogan-birlesmis-milletler-genel-sekreteri-guterresi-kabul-etti","status":"publish","type":"post","link":"https:\/\/www.trabzonmanset.com\/index.php\/2026\/03\/12\/cumhurbaskani-erdogan-birlesmis-milletler-genel-sekreteri-guterresi-kabul-etti\/","title":{"rendered":"Cumhurba\u015fkan\u0131 Erdo\u011fan, Birle\u015fmi\u015f Milletler Genel Sekreteri Guterres&#8217;i kabul etti"},"content":{"rendered":"\n<p>Cumhurba\u015fkan\u0131 Recep Tayyip Erdo\u011fan, Birle\u015fmi\u015f Milletler (BM) Genel Sekreteri Antonio Guterres&#8217;i kabul etti.<\/p>\n\n\n\n<p>Cumhurba\u015fkan\u0131 Erdo\u011fan, Guterres&#8217;i Cumhurba\u015fkanl\u0131\u011f\u0131 K\u00fclliyesi&#8217;nin giri\u015f kap\u0131s\u0131nda kar\u015f\u0131lad\u0131.<\/p>\n\n\n\n<p>Erdo\u011fan ve Guterres, tokala\u015farak foto\u011fraf \u00e7ektirdi. Guterres, Muhaf\u0131z Alay\u0131 T\u00f6ren K\u0131tas\u0131&#8217;n\u0131 &#8220;Merhaba asker&#8221; diyerek selamlad\u0131.<\/p>\n\n\n\n<p>Kar\u015f\u0131laman\u0131n ard\u0131ndan, Cumhurba\u015fkan\u0131 Erdo\u011fan ve BM Genel Sekreteri Guterres g\u00f6r\u00fc\u015fmeye ge\u00e7ti.<\/p>\n\n\n\n<p>G\u00f6r\u00fc\u015fmede, D\u0131\u015fi\u015fleri Bakan\u0131 Hakan Fidan ile Cumhurba\u015fkan\u0131 D\u0131\u015f Politika ve G\u00fcvenlik Ba\u015fdan\u0131\u015fman\u0131 Akif \u00c7a\u011fatay K\u0131l\u0131\u00e7 da yer ald\u0131.<\/p>\n\n\n\n<figure class=\"wp-block-image size-full\"><img loading=\"lazy\" decoding=\"async\" width=\"750\" height=\"555\" src=\"https:\/\/www.trabzonmanset.com\/wp-content\/uploads\/2026\/03\/2026_03_12032026_guterres1.jpg?wsr\" alt=\"\" class=\"wp-image-10529\" srcset=\"https:\/\/www.trabzonmanset.com\/wp-content\/uploads\/2026\/03\/2026_03_12032026_guterres1.jpg 750w, https:\/\/www.trabzonmanset.com\/wp-content\/uploads\/2026\/03\/2026_03_12032026_guterres1-300x222.jpg 300w\" sizes=\"auto, (max-width: 750px) 100vw, 750px\" \/><\/figure>\n\n\n\n<p>Cumhurba\u015fkan\u0131 Erdo\u011fan, g\u00f6r\u00fc\u015fmenin ard\u0131ndan Be\u015ftepe Millet Sergi Salonu&#8217;nda BM Genel Sekreteri Guterres&#8217;e Atat\u00fcrk Uluslararas\u0131 Bar\u0131\u015f \u00d6d\u00fcl\u00fc&#8217;n\u00fc takdim edecek.<\/p>\n\n\n\n<p>Kaynak: AA<\/p>\n\n\n\n<p><\/p>\n","protected":false},"excerpt":{"rendered":"<p>Cumhurba\u015fkan\u0131 Recep Tayyip Erdo\u011fan, Birle\u015fmi\u015f Milletler (BM) Genel Sekreteri Antonio Guterres&#8217;i kabul etti. Cumhurba\u015fkan\u0131 Erdo\u011fan, Guterres&#8217;i Cumhurba\u015fkanl\u0131\u011f\u0131 K\u00fclliyesi&#8217;nin giri\u015f kap\u0131s\u0131nda kar\u015f\u0131lad\u0131. Erdo\u011fan ve Guterres, tokala\u015farak foto\u011fraf \u00e7ektirdi. Guterres, Muhaf\u0131z Alay\u0131 T\u00f6ren K\u0131tas\u0131&#8217;n\u0131 &#8220;Merhaba asker&#8221; diyerek selamlad\u0131. Kar\u015f\u0131laman\u0131n ard\u0131ndan, Cumhurba\u015fkan\u0131 Erdo\u011fan ve BM Genel Sekreteri Guterres g\u00f6r\u00fc\u015fmeye ge\u00e7ti. G\u00f6r\u00fc\u015fmede, D\u0131\u015fi\u015fleri Bakan\u0131 Hakan Fidan ile Cumhurba\u015fkan\u0131 D\u0131\u015f [&hellip;]<\/p>\n","protected":false},"author":1,"featured_media":10530,"comment_status":"open","ping_status":"open","sticky":false,"template":"","format":"standard","meta":{"footnotes":""},"categories":[1,11],"tags":[3073,798,816,846,4513],"class_list":["post-10528","post","type-post","status-publish","format-standard","has-post-thumbnail","hentry","category-gundem","category-manset","tag-antonio-guterres","tag-birlesmis-milletler","tag-bm","tag-cumhurbaskani-erdogan","tag-muhafiz-alayi"],"_links":{"self":[{"href":"https:\/\/www.trabzonmanset.com\/index.php\/wp-json\/wp\/v2\/posts\/10528","targetHints":{"allow":["GET"]}}],"collection":[{"href":"https:\/\/www.trabzonmanset.com\/index.php\/wp-json\/wp\/v2\/posts"}],"about":[{"href":"https:\/\/www.trabzonmanset.com\/index.php\/wp-json\/wp\/v2\/types\/post"}],"author":[{"embeddable":true,"href":"https:\/\/www.trabzonmanset.com\/index.php\/wp-json\/wp\/v2\/users\/1"}],"replies":[{"embeddable":true,"href":"https:\/\/www.trabzonmanset.com\/index.php\/wp-json\/wp\/v2\/comments?post=10528"}],"version-history":[{"count":1,"href":"https:\/\/www.trabzonmanset.com\/index.php\/wp-json\/wp\/v2\/posts\/10528\/revisions"}],"predecessor-version":[{"id":10531,"href":"https:\/\/www.trabzonmanset.com\/index.php\/wp-json\/wp\/v2\/posts\/10528\/revisions\/10531"}],"wp:featuredmedia":[{"embeddable":true,"href":"https:\/\/www.trabzonmanset.com\/index.php\/wp-json\/wp\/v2\/media\/10530"}],"wp:attachment":[{"href":"https:\/\/www.trabzonmanset.com\/index.php\/wp-json\/wp\/v2\/media?parent=10528"}],"wp:term":[{"taxonomy":"category","embeddable":true,"href":"https:\/\/www.trabzonmanset.com\/index.php\/wp-json\/wp\/v2\/categories?post=10528"},{"taxonomy":"post_tag","embeddable":true,"href":"https:\/\/www.trabzonmanset.com\/index.php\/wp-json\/wp\/v2\/tags?post=10528"}],"curies":[{"name":"wp","href":"https:\/\/api.w.org\/{rel}","templated":true}]}}