{"id":10525,"date":"2026-03-12T19:00:00","date_gmt":"2026-03-12T16:00:00","guid":{"rendered":"https:\/\/www.trabzonmanset.com\/?p=10525"},"modified":"2026-03-12T20:01:13","modified_gmt":"2026-03-12T17:01:13","slug":"cumhurbaskani-erdogan-iran-merkezli-siddet-sarmalinin-buyumemesi-icin-yogun-diplomasi-trafigi-yurutuyoruz","status":"publish","type":"post","link":"https:\/\/www.trabzonmanset.com\/index.php\/2026\/03\/12\/cumhurbaskani-erdogan-iran-merkezli-siddet-sarmalinin-buyumemesi-icin-yogun-diplomasi-trafigi-yurutuyoruz\/","title":{"rendered":"Cumhurba\u015fkan\u0131 Erdo\u011fan: \u0130ran merkezli \u015fiddet sarmal\u0131n\u0131n b\u00fcy\u00fcmemesi i\u00e7in yo\u011fun diplomasi trafi\u011fi y\u00fcr\u00fct\u00fcyoruz"},"content":{"rendered":"\n<p>Cumhurba\u015fkan\u0131 Erdo\u011fan, &#8220;T\u00fcrkiye olarak co\u011frafyam\u0131z\u0131 topyekun felakete s\u00fcr\u00fckleme riski ta\u015f\u0131yan \u0130ran merkezli \u015fiddet sarmal\u0131n\u0131n b\u00fcy\u00fcmemesi i\u00e7in yo\u011fun diplomasi trafi\u011fi y\u00fcr\u00fct\u00fcyoruz.&#8221; dedi.<\/p>\n\n\n\n<p>Cumhurba\u015fkan\u0131 Erdo\u011fan, BM Genel Sekreteri Guterres\u2019e Atat\u00fcrk Uluslararas\u0131 Bar\u0131\u015f \u00d6d\u00fcl\u00fc Takdim T\u00f6reni\u2019nde konu\u015ftu.<\/p>\n\n\n\n<p>Cumhurba\u015fkan\u0131 Erdo\u011fan, &#8220;Atat\u00fcrk&#8217;ten miras kalan &#8216;yurtta sulh, cihanda sulh&#8217; ilkesini proaktif, at\u0131lgan, giri\u015fimci anlay\u0131\u015fla yo\u011furarak d\u0131\u015f politikam\u0131z\u0131n oda\u011f\u0131nda tutmay\u0131 s\u00fcrd\u00fcr\u00fcyoruz.&#8221; dedi.<\/p>\n\n\n\n<p>Erdo\u011fan, &#8220;Ba\u015fta b\u00f6lgemizdeki \u00e7at\u0131\u015fmalar, sava\u015flar, zul\u00fcmler ve insani krizler olmak \u00fczere nerede bir yang\u0131n varsa s\u00f6nd\u00fcrmek i\u00e7in su ta\u015f\u0131yoruz.&#8221; diye konu\u015ftu.<\/p>\n\n\n\n<p>Cumhurba\u015fkan\u0131 Erdo\u011fan, &#8220;T\u00fcrkiye olarak co\u011frafyam\u0131z\u0131 topyekun felakete s\u00fcr\u00fckleme riski ta\u015f\u0131yan \u0130ran merkezli \u015fiddet sarmal\u0131n\u0131n b\u00fcy\u00fcmemesi i\u00e7in yo\u011fun diplomasi trafi\u011fi y\u00fcr\u00fct\u00fcyoruz.&#8221; ifadelerini kulland\u0131.<\/p>\n\n\n\n<p>Erdo\u011fan, &#8220;(ABD, \u0130srail, \u0130ran diplomasi trafi\u011fi) Umutlar\u0131 k\u0131rmak, bizi m\u00fccadelemizden vazge\u00e7irmek isteyenlere ra\u011fmen sab\u0131rla ve kararl\u0131l\u0131kla \u00e7al\u0131\u015fmaya devam edece\u011fiz.&#8221; dedi.<\/p>\n\n\n\n<p>Cumhurba\u015fkan\u0131 Erdo\u011fan, &#8220;Adalet olmadan kalk\u0131nma, bar\u0131\u015f, istikrar olmayaca\u011f\u0131na inanan bir lider olarak BM&#8217;yi daha kapsay\u0131c\u0131 yap\u0131ya d\u00f6n\u00fc\u015ft\u00fcrme giri\u015fimlerini desteklemeyi s\u00fcrd\u00fcrece\u011fiz.&#8221; diye konu\u015ftu.<\/p>\n\n\n\n<p>Kaynak: AA<\/p>\n","protected":false},"excerpt":{"rendered":"<p>Cumhurba\u015fkan\u0131 Erdo\u011fan, &#8220;T\u00fcrkiye olarak co\u011frafyam\u0131z\u0131 topyekun felakete s\u00fcr\u00fckleme riski ta\u015f\u0131yan \u0130ran merkezli \u015fiddet sarmal\u0131n\u0131n b\u00fcy\u00fcmemesi i\u00e7in yo\u011fun diplomasi trafi\u011fi y\u00fcr\u00fct\u00fcyoruz.&#8221; dedi. Cumhurba\u015fkan\u0131 Erdo\u011fan, BM Genel Sekreteri Guterres\u2019e Atat\u00fcrk Uluslararas\u0131 Bar\u0131\u015f \u00d6d\u00fcl\u00fc Takdim T\u00f6reni\u2019nde konu\u015ftu. Cumhurba\u015fkan\u0131 Erdo\u011fan, &#8220;Atat\u00fcrk&#8217;ten miras kalan &#8216;yurtta sulh, cihanda sulh&#8217; ilkesini proaktif, at\u0131lgan, giri\u015fimci anlay\u0131\u015fla yo\u011furarak d\u0131\u015f politikam\u0131z\u0131n oda\u011f\u0131nda tutmay\u0131 s\u00fcrd\u00fcr\u00fcyoruz.&#8221; dedi. [&hellip;]<\/p>\n","protected":false},"author":1,"featured_media":10526,"comment_status":"open","ping_status":"open","sticky":false,"template":"","format":"standard","meta":{"footnotes":""},"categories":[11],"tags":[160,4512,846,181,172],"class_list":["post-10525","post","type-post","status-publish","format-standard","has-post-thumbnail","hentry","category-manset","tag-abd","tag-bm-genel-sekreteri-guterres","tag-cumhurbaskani-erdogan","tag-iran","tag-israil"],"_links":{"self":[{"href":"https:\/\/www.trabzonmanset.com\/index.php\/wp-json\/wp\/v2\/posts\/10525","targetHints":{"allow":["GET"]}}],"collection":[{"href":"https:\/\/www.trabzonmanset.com\/index.php\/wp-json\/wp\/v2\/posts"}],"about":[{"href":"https:\/\/www.trabzonmanset.com\/index.php\/wp-json\/wp\/v2\/types\/post"}],"author":[{"embeddable":true,"href":"https:\/\/www.trabzonmanset.com\/index.php\/wp-json\/wp\/v2\/users\/1"}],"replies":[{"embeddable":true,"href":"https:\/\/www.trabzonmanset.com\/index.php\/wp-json\/wp\/v2\/comments?post=10525"}],"version-history":[{"count":1,"href":"https:\/\/www.trabzonmanset.com\/index.php\/wp-json\/wp\/v2\/posts\/10525\/revisions"}],"predecessor-version":[{"id":10527,"href":"https:\/\/www.trabzonmanset.com\/index.php\/wp-json\/wp\/v2\/posts\/10525\/revisions\/10527"}],"wp:featuredmedia":[{"embeddable":true,"href":"https:\/\/www.trabzonmanset.com\/index.php\/wp-json\/wp\/v2\/media\/10526"}],"wp:attachment":[{"href":"https:\/\/www.trabzonmanset.com\/index.php\/wp-json\/wp\/v2\/media?parent=10525"}],"wp:term":[{"taxonomy":"category","embeddable":true,"href":"https:\/\/www.trabzonmanset.com\/index.php\/wp-json\/wp\/v2\/categories?post=10525"},{"taxonomy":"post_tag","embeddable":true,"href":"https:\/\/www.trabzonmanset.com\/index.php\/wp-json\/wp\/v2\/tags?post=10525"}],"curies":[{"name":"wp","href":"https:\/\/api.w.org\/{rel}","templated":true}]}}