{"id":10518,"date":"2026-03-11T22:00:00","date_gmt":"2026-03-11T19:00:00","guid":{"rendered":"https:\/\/www.trabzonmanset.com\/?p=10518"},"modified":"2026-03-11T23:00:49","modified_gmt":"2026-03-11T20:00:49","slug":"bakan-kurum-500-bin-sosyal-konut-projesinin-istanbul-kura-cekimleri-icin-tarih-verdi","status":"publish","type":"post","link":"https:\/\/www.trabzonmanset.com\/index.php\/2026\/03\/11\/bakan-kurum-500-bin-sosyal-konut-projesinin-istanbul-kura-cekimleri-icin-tarih-verdi\/","title":{"rendered":"Bakan Kurum \u2019500 Bin Sosyal Konut\u2019 projesinin \u0130stanbul kura \u00e7ekimleri i\u00e7in tarih verdi"},"content":{"rendered":"\n<p>\u00c7evre, \u015eehircilik ve \u0130klim De\u011fi\u015fikli\u011fi Bakan\u0131 Murat Kurum, \u2019500 Bin Sosyal Konut\u2019 projesinin \u0130stanbul aya\u011f\u0131na ili\u015fkin, &#8220;Bayramdan sonra h\u0131zla \u0130stanbul\u2019da da kuralar\u0131 \u00e7ekecek, 100 bin yuvan\u0131n sahiplerini belirleyece\u011fiz. Bununla da yetinmeyecek, \u0130stanbul\u2019umuza \u00f6zel kiral\u0131k sosyal konut projemizi hayata ge\u00e7irerek kira fiyatlar\u0131n\u0131 da dengeleyecek ad\u0131m\u0131m\u0131z\u0131 ataca\u011f\u0131z&#8221; dedi.<\/p>\n\n\n\n<p>\u00c7evre, \u015eehircilik ve \u0130klim De\u011fi\u015fikli\u011fi Bakanl\u0131\u011f\u0131 \u00f6nc\u00fcl\u00fc\u011f\u00fcnde Ka\u011f\u0131thane Belediyesi ve Toplu Konut \u0130daresi Ba\u015fkanl\u0131\u011f\u0131 (TOK\u0130) i\u015f birli\u011fiyle Ka\u011f\u0131thane Merkez Mahallesi\u2019ndeki Hizmet Sitesi Kentsel D\u00f6n\u00fc\u015f\u00fcm Projesi tamamland\u0131. Proje kapsam\u0131nda 300 konut i\u00e7in kura \u00e7ekim t\u00f6reni d\u00fczenlendi. T\u00f6rene \u00c7evre, \u015eehircilik ve \u0130klim De\u011fi\u015fikli\u011fi Bakan\u0131 Murat Kurum, Ka\u011f\u0131thane Belediye Ba\u015fkan\u0131 Mevl\u00fct \u00d6ztekin, \u0130stanbul Valisi Davut G\u00fcl, baz\u0131 protokol \u00fcyeleri, hak sahipleri ve vatanda\u015flar kat\u0131ld\u0131.<\/p>\n\n\n\n<p><strong>&#8220;T\u00fcrkiye genelindeki her iki kentsel d\u00f6n\u00fc\u015f\u00fcmden birisini \u0130stanbul\u2019umuzda yap\u0131yoruz&#8221;<\/strong><\/p>\n\n\n\n<p>T\u00f6rende konu\u015fan Bakan Kurum, T\u00fcrkiye genelindeki her iki kentsel d\u00f6n\u00fc\u015f\u00fcmden birisini \u0130stanbul\u2019a yapt\u0131klar\u0131n\u0131 ifade ederek, &#8220;Bug\u00fcn \u0130stanbul\u2019un her il\u00e7esinde 178 bin yuvam\u0131z\u0131n d\u00f6n\u00fc\u015f\u00fcm\u00fcne devam ediyoruz. Buraya dikkatinizi \u00e7ekmek istiyorum. An itibar\u0131yla biz T\u00fcrkiye genelindeki her iki kentsel d\u00f6n\u00fc\u015f\u00fcmden birisini \u0130stanbul\u2019umuzda yap\u0131yoruz. \u0130stanbul\u2019daki \u00e7al\u0131\u015fmalar\u0131m\u0131z\u0131n en yo\u011fun ger\u00e7ekle\u015fti\u011fi il\u00e7elerimizden biri de de Ka\u011f\u0131thane\u2019mizdir. \u0130\u015fte bug\u00fcn Cumhurba\u015fkan\u0131m\u0131z Recep Tayyip Erdo\u011fan\u2019\u0131n daha \u00f6nce temelini att\u0131\u011f\u0131 Hizmet Sitemizin d\u00f6n\u00fc\u015f\u00fcm\u00fcn\u00fc tamamlam\u0131\u015f bulunuyoruz. Depreme dayan\u0131kl\u0131 konutlar\u0131, nefes ald\u0131ran ye\u015fil alanlar\u0131, otopark ve sosyal donat\u0131lar\u0131yla Ka\u011f\u0131thane\u2019nin siluetine yeni bir g\u00fczellik katan sitemiz, art\u0131k siz k\u0131ymetli sakinlerini kucaklamay\u0131 bekliyor&#8221; dedi.<\/p>\n\n\n\n<p><strong>&#8220;Adeta yeni bir \u00fclkeyi, 11 ili yeniden aya\u011fa kald\u0131rd\u0131k&#8221;<\/strong><\/p>\n\n\n\n<p>Bakan Kurum, &#8220;Asr\u0131n felaketinde, sonras\u0131ndaki in\u015fa s\u00fcrecinde bir \u015feye tan\u0131k olduk. Se\u00e7im geliyor diye, riya ile uzat\u0131lan ellerin sand\u0131ktan istedikleri sonucu alamay\u0131nca depremzede karde\u015flerimizi kap\u0131 \u00f6n\u00fcne koymaktan \u00e7ekinmedi\u011fini g\u00f6rd\u00fck. Biz bu hastal\u0131kl\u0131 akl\u0131n tam tersine gitti\u011fimiz her afet b\u00f6lgesinde ayr\u0131m g\u00f6zetmeksizin vatanda\u015flar\u0131m\u0131z\u0131n yaralar\u0131n\u0131 sard\u0131k, milletimizle bir olduk, omuz omuza durduk. Asr\u0131n felaketini hat\u0131rlay\u0131n. Ne ac\u0131lar ya\u015fad\u0131k, binlerce can\u0131m\u0131z\u0131 kaybettik, on binlerce yuvam\u0131z y\u0131k\u0131ld\u0131. Ama hi\u00e7 \u00fcmitsizli\u011fe kap\u0131lmad\u0131k. \u2019Bu devlet g\u00fc\u00e7l\u00fc, bu millet vakurdur\u2019 dedik. \u0130\u015fte g\u00f6rd\u00fcn\u00fcz 2 y\u0131lda 455 bin konutu bitirdik. Adeta yeni bir \u00fclkeyi, 11 ili okullar\u0131, camileri, parklar\u0131, meydanlar\u0131, i\u015f yerleriyle yeniden aya\u011fa kald\u0131rd\u0131k. D\u00fcnyada hi\u00e7bir \u00fclkenin yapamayaca\u011f\u0131 \u00e7al\u0131\u015fmay\u0131 ola\u011fan\u00fcst\u00fc bir koordinasyon ve \u00e7abayla 200 bin i\u015f\u00e7imizin eme\u011fiyle hayata ge\u00e7irdik. \u2019Yapamazlar\u2019 dediler, \u2019Bu enkaz\u0131n alt\u0131nda kalacaklar\u2019 diye ellerini ovu\u015fturdular, akla hayale s\u0131\u011fmayacak yalanlar s\u00f6ylediler. Ama milletimiz bize hep inand\u0131, g\u00fcvendi. Biz de \u00e7ok \u015f\u00fck\u00fcr onlara mahcup olmad\u0131k. Bizi daima dualarla kar\u015f\u0131lay\u0131p, dualarla u\u011furlayan bu g\u00fczel milletin tek bir evlad\u0131n\u0131 a\u00e7ta, a\u00e7\u0131kta b\u0131rakmad\u0131k&#8221; diye konu\u015ftu.<\/p>\n\n\n\n<p><strong>&#8220;Y\u0131l sonuna kadar ba\u015fvuranlar kampanyadan yararlanacak&#8221;<\/strong><\/p>\n\n\n\n<p>Bu y\u0131l sonuna kadar ev ve i\u015f yerlerini riskli yap\u0131 ilan ettiren vatanda\u015flar\u0131n kampanyadan faydalanabilece\u011fini s\u00f6yleyen Bakan Kurum, &#8220;\u0130stanbul\u2019da Yar\u0131s\u0131 Bizden Kampanyam\u0131zla ilgili milyonlarca karde\u015fimizin bekledi\u011fi o ad\u0131m\u0131 att\u0131k. 31 Aral\u0131k 2026\u2019ya yani y\u0131l sonuna kadar ev ve i\u015f yerini riskli yap\u0131 ilan ettiren t\u00fcm vatanda\u015flar\u0131m\u0131z kampanyadan faydalanabilecek. B\u00f6ylelikle bekleme s\u00fcrelerinden dolay\u0131 olu\u015fabilecek ma\u011fduriyetlerin \u00f6n\u00fcne ge\u00e7ilecek. Buna mukabil bizim de belediyelerimizden beklentilerimiz var. B\u00fct\u00fcn belediyelerimizin deprem d\u00f6n\u00fc\u015f\u00fcm\u00fcne ayn\u0131 hassasiyeti g\u00f6stermelerini istiyoruz. \u00c7\u00fcnk\u00fc \u015fayet bug\u00fcn belediyelerimizin, deprem kar\u015f\u0131s\u0131nda almad\u0131klar\u0131 her tedbir yar\u0131n telafisi m\u00fcmk\u00fcn olmayan b\u00fcy\u00fck bir fatura olarak kar\u015f\u0131lar\u0131na \u00e7\u0131kacakt\u0131r. Ve bug\u00fcnden acilen, derhal harekete ge\u00e7meyen herkes tarih, vicdan ve millet \u00f6n\u00fcnde mahcup olacakt\u0131r. Bu nedenle belediyelerimizin aziz milletimize taahh\u00fct ettikleri d\u00f6n\u00fc\u015f\u00fcm s\u00f6zlerini acilen yerine getirmelerini bekliyoruz, herkesi asli g\u00f6revine davet ediyoruz&#8221; \u015feklinde konu\u015ftu.<\/p>\n\n\n\n<p><strong>&#8220;Bayramdan sonra \u0130stanbul\u2019da da kuralar\u0131 \u00e7ekecek, 100 bin yuvan\u0131n sahiplerini belirleyece\u011fiz&#8221;<\/strong><\/p>\n\n\n\n<p>Bayramdan sonra \u0130stanbul\u2019da kuralar\u0131n \u00e7ekilece\u011fini, 100 bin yuvan\u0131n sahiplerini belirleyeceklerini s\u00f6yleyen Bakan Kurum, &#8220;Bildi\u011finiz gibi t\u00fcm bu kentsel d\u00f6n\u00fc\u015f\u00fcm \u00e7al\u0131\u015fmalar\u0131m\u0131za ta\u00e7 giydiren bir projeyi, \u2019500 Bin Sosyal Konut\u2019 projemizi, Cumhurba\u015fkan\u0131m\u0131z Recep Tayyip Erdo\u011fan\u2019\u0131n liderli\u011finde hayata ge\u00e7irdik ve kura \u00e7ekim t\u00f6renlerini \u00fclkemizin d\u00f6rt bir yan\u0131nda co\u015fkuyla ger\u00e7ekle\u015ftirdik. \u00c7ekilen her kura, bir ailenin hasretle bekledi\u011fi o m\u00fcjdeli habere d\u00f6n\u00fc\u015ft\u00fc. \u0130\u015fte o sevin\u00e7, o heyecan \u015fimdi de \u0130stanbul\u2019umuzda ya\u015fan\u0131yor. Bayramdan sonra h\u0131zla \u0130stanbul\u2019da da kuralar\u0131 \u00e7ekecek, 100 bin yuvan\u0131n sahiplerini belirleyece\u011fiz. Bununla da yetinmeyecek, \u0130stanbul\u2019umuza \u00f6zel kiral\u0131k sosyal konut projemizi hayata ge\u00e7irerek, kira fiyatlar\u0131n\u0131 da dengeleyecek ad\u0131m\u0131m\u0131z\u0131 ataca\u011f\u0131z. Zorluklar\u0131 gerek\u00e7e g\u00f6stermiyoruz. Yorgunlu\u011fu bahane etmiyoruz. \u0130\u015fimizden ba\u015fka g\u00fcndemlerin pe\u015finde ko\u015fmuyor, bir i\u015fin i\u00e7inde \u2019milletin menfaati\u2019 yoksa onu elimizin tersiyle itiyoruz, yolumuza milletle devam ediyoruz&#8221; ifadelerini kulland\u0131.<\/p>\n\n\n\n<p>Konu\u015fman\u0131n ard\u0131ndan dua edilerek, kura \u00e7ekimi ger\u00e7ekle\u015ftirildi. Kurada ad\u0131n\u0131 duyarlar b\u00fcy\u00fck bir mutluluk ya\u015fad\u0131.<br>Kaynak: \u0130HA<\/p>\n\n\n\n<p><\/p>\n","protected":false},"excerpt":{"rendered":"<p>\u00c7evre, \u015eehircilik ve \u0130klim De\u011fi\u015fikli\u011fi Bakan\u0131 Murat Kurum, \u2019500 Bin Sosyal Konut\u2019 projesinin \u0130stanbul aya\u011f\u0131na ili\u015fkin, &#8220;Bayramdan sonra h\u0131zla \u0130stanbul\u2019da da kuralar\u0131 \u00e7ekecek, 100 bin yuvan\u0131n sahiplerini belirleyece\u011fiz. Bununla da yetinmeyecek, \u0130stanbul\u2019umuza \u00f6zel kiral\u0131k sosyal konut projemizi hayata ge\u00e7irerek kira fiyatlar\u0131n\u0131 da dengeleyecek ad\u0131m\u0131m\u0131z\u0131 ataca\u011f\u0131z&#8221; dedi. \u00c7evre, \u015eehircilik ve \u0130klim De\u011fi\u015fikli\u011fi Bakanl\u0131\u011f\u0131 \u00f6nc\u00fcl\u00fc\u011f\u00fcnde Ka\u011f\u0131thane Belediyesi [&hellip;]<\/p>\n","protected":false},"author":1,"featured_media":10519,"comment_status":"open","ping_status":"open","sticky":false,"template":"","format":"standard","meta":{"footnotes":""},"categories":[1],"tags":[1196,4506,4508,4507,867],"class_list":["post-10518","post","type-post","status-publish","format-standard","has-post-thumbnail","hentry","category-gundem","tag-500-bin-sosyal-konut","tag-istanbul-kura-cekimleri","tag-istanbul-valisi-davut-gul","tag-mevlut-oztekin","tag-murat-kurum"],"_links":{"self":[{"href":"https:\/\/www.trabzonmanset.com\/index.php\/wp-json\/wp\/v2\/posts\/10518","targetHints":{"allow":["GET"]}}],"collection":[{"href":"https:\/\/www.trabzonmanset.com\/index.php\/wp-json\/wp\/v2\/posts"}],"about":[{"href":"https:\/\/www.trabzonmanset.com\/index.php\/wp-json\/wp\/v2\/types\/post"}],"author":[{"embeddable":true,"href":"https:\/\/www.trabzonmanset.com\/index.php\/wp-json\/wp\/v2\/users\/1"}],"replies":[{"embeddable":true,"href":"https:\/\/www.trabzonmanset.com\/index.php\/wp-json\/wp\/v2\/comments?post=10518"}],"version-history":[{"count":1,"href":"https:\/\/www.trabzonmanset.com\/index.php\/wp-json\/wp\/v2\/posts\/10518\/revisions"}],"predecessor-version":[{"id":10520,"href":"https:\/\/www.trabzonmanset.com\/index.php\/wp-json\/wp\/v2\/posts\/10518\/revisions\/10520"}],"wp:featuredmedia":[{"embeddable":true,"href":"https:\/\/www.trabzonmanset.com\/index.php\/wp-json\/wp\/v2\/media\/10519"}],"wp:attachment":[{"href":"https:\/\/www.trabzonmanset.com\/index.php\/wp-json\/wp\/v2\/media?parent=10518"}],"wp:term":[{"taxonomy":"category","embeddable":true,"href":"https:\/\/www.trabzonmanset.com\/index.php\/wp-json\/wp\/v2\/categories?post=10518"},{"taxonomy":"post_tag","embeddable":true,"href":"https:\/\/www.trabzonmanset.com\/index.php\/wp-json\/wp\/v2\/tags?post=10518"}],"curies":[{"name":"wp","href":"https:\/\/api.w.org\/{rel}","templated":true}]}}