{"id":10503,"date":"2026-03-11T21:39:00","date_gmt":"2026-03-11T18:39:00","guid":{"rendered":"https:\/\/www.trabzonmanset.com\/?p=10503"},"modified":"2026-03-11T22:42:14","modified_gmt":"2026-03-11T19:42:14","slug":"talimat-bahceliden-ramazan-kasli-mhpden-ihrac-ediliyor","status":"publish","type":"post","link":"https:\/\/www.trabzonmanset.com\/index.php\/2026\/03\/11\/talimat-bahceliden-ramazan-kasli-mhpden-ihrac-ediliyor\/","title":{"rendered":"Talimat Bah\u00e7eli&#8217;den: Ramazan Ka\u015fl\u0131 MHP&#8217;den ihra\u00e7 ediliyor"},"content":{"rendered":"\n<p>MHP Genel Ba\u015fkan Yard\u0131mc\u0131s\u0131 Semih Yal\u00e7\u0131n, 27 ve 28. d\u00f6nem Aksaray Milletvekili Ramazan Ka\u015fl\u0131&#8217;n\u0131n, Genel Ba\u015fkan Devlet Bah\u00e7eli&#8217;nin talimat\u0131yla &#8220;tedbirli olarak kesin ihra\u00e7 talebiyle&#8221; disiplin kuruluna sevk edildi\u011fini a\u00e7\u0131klad\u0131. Yal\u00e7\u0131n, Ka\u015fl\u0131&#8217;n\u0131n &#8220;Parti disiplin ve ilkelerine uygunsuz davran\u0131\u015flar\u0131 nedeniyle&#8221; ihra\u00e7 s\u00fcrecinin i\u015fletildi\u011fini belirtti.<\/p>\n\n\n\n<ul class=\"wp-block-list\">\n<li>MHP Disiplin Kurulu, Ramazan Ka\u015fl\u0131 hakk\u0131nda kesin ihra\u00e7 talebiyle disiplin s\u00fcreci ba\u015flatt\u0131.<\/li>\n\n\n\n<li>Ramazan Ka\u015fl\u0131, parti disiplin ve ilkelerine uygunsuz davran\u0131\u015flar\u0131 nedeniyle disiplin s\u00fcrecine al\u0131nd\u0131.<\/li>\n\n\n\n<li>Disiplin Kurulu&#8217;nun de\u011ferlendirmesi sonucunda Ramazan Ka\u015fl\u0131&#8217;n\u0131n partiden kesin ihra\u00e7 edilip edilmeyece\u011fi belirlenecek.<\/li>\n<\/ul>\n\n\n\n<p>Milliyet\u00e7i Hareket Partisi&#8217;nde dikkat \u00e7eken bir disiplin s\u00fcreci ba\u015flat\u0131ld\u0131. Devlet Bah\u00e7eli&#8217;nin talimat\u0131yla, MHP&#8217;nin 27 ve 28. d\u00f6nem Ramazan Ka\u015fl\u0131 hakk\u0131nda kesin ihra\u00e7 talebiyle disiplin s\u00fcreci ba\u015flat\u0131ld\u0131\u011f\u0131 a\u00e7\u0131kland\u0131.<\/p>\n\n\n\n<figure class=\"wp-block-image\"><img decoding=\"async\" src=\"https:\/\/foto.haberler.com\/crop\/592x195\/haber\/2026\/03\/11\/talimat-bahceli-den-ramazan-kasli-mhp-den-ihrac-19648264_7004_m.jpg\" alt=\"Talimat Bah\u00e7eli'den: Ramazan Ka\u015fl\u0131 MHP'den ihra\u00e7 ediliyor\"\/><\/figure>\n\n\n\n<h3 class=\"wp-block-heading\">&#8220;TEDB\u0130RL\u0130&#8221; OLARAK D\u0130S\u0130PL\u0130NE SEVK ED\u0130LD\u0130<\/h3>\n\n\n\n<p>MHP Genel Ba\u015fkan Yard\u0131mc\u0131s\u0131 Semih Yal\u00e7\u0131n taraf\u0131ndan yap\u0131lan a\u00e7\u0131klamada, Ka\u015fl\u0131&#8217;n\u0131n parti disiplin h\u00fck\u00fcmleri \u00e7er\u00e7evesinde &#8220;tedbirli olarak kesin ihra\u00e7 talebiyle&#8221; MHP Disiplin Kurulu&#8217;na sevk edildi\u011fi bildirildi. Tedbirli sevk karar\u0131yla birlikte Ka\u015fl\u0131&#8217;n\u0131n s\u00fcre\u00e7 tamamlanana kadar parti i\u00e7indeki baz\u0131 faaliyetlerinin de ask\u0131ya al\u0131nabilece\u011fi belirtiliyor.<\/p>\n\n\n\n<p><img loading=\"lazy\" decoding=\"async\" width=\"300\" height=\"200\" src=\"https:\/\/foto.haberler.com\/crop\/640x612\/haber\/2026\/03\/11\/talimat-bahceli-den-ramazan-kasli-mhp-den-ihrac-19648264_930_m.jpg\" alt=\"Ramazan Ka\u015fl\u0131, Bah\u00e7eli'nin elini \u00f6pm\u00fc\u015ft\u00fc. \"><\/p>\n\n\n\n<p>Ramazan Ka\u015fl\u0131, Bah\u00e7eli&#8217;nin elini \u00f6pm\u00fc\u015ft\u00fc.<\/p>\n\n\n\n<h3 class=\"wp-block-heading\">KARARIN GEREK\u00c7ES\u0130 A\u00c7IKLANMADI<\/h3>\n\n\n\n<p>Parti y\u00f6netimi taraf\u0131ndan yap\u0131lan a\u00e7\u0131klamada disiplin s\u00fcrecinin nedeni hakk\u0131nda ayr\u0131nt\u0131l\u0131 bilgi verilmezken Yal\u00e7\u0131n, Ka\u015fl\u0131&#8217;n\u0131n &#8220;parti disiplin ve ilkelerine uygunsuz davran\u0131\u015flar\u0131&#8221; nedeniyle disiplin s\u00fcrecinin ba\u015flat\u0131ld\u0131\u011f\u0131n\u0131 belirtti.<\/p>\n\n\n\n<p>Disiplin Kurulu&#8217;nun yapaca\u011f\u0131 de\u011ferlendirme sonucunda Ramazan Ka\u015fl\u0131 hakk\u0131nda partiden kesin ihra\u00e7 karar\u0131 verilip verilmeyece\u011fi netlik kazanacak.<\/p>\n\n\n\n<p><\/p>\n","protected":false},"excerpt":{"rendered":"<p>MHP Genel Ba\u015fkan Yard\u0131mc\u0131s\u0131 Semih Yal\u00e7\u0131n, 27 ve 28. d\u00f6nem Aksaray Milletvekili Ramazan Ka\u015fl\u0131&#8217;n\u0131n, Genel Ba\u015fkan Devlet Bah\u00e7eli&#8217;nin talimat\u0131yla &#8220;tedbirli olarak kesin ihra\u00e7 talebiyle&#8221; disiplin kuruluna sevk edildi\u011fini a\u00e7\u0131klad\u0131. Yal\u00e7\u0131n, Ka\u015fl\u0131&#8217;n\u0131n &#8220;Parti disiplin ve ilkelerine uygunsuz davran\u0131\u015flar\u0131 nedeniyle&#8221; ihra\u00e7 s\u00fcrecinin i\u015fletildi\u011fini belirtti. Milliyet\u00e7i Hareket Partisi&#8217;nde dikkat \u00e7eken bir disiplin s\u00fcreci ba\u015flat\u0131ld\u0131. Devlet Bah\u00e7eli&#8217;nin talimat\u0131yla, MHP&#8217;nin [&hellip;]<\/p>\n","protected":false},"author":1,"featured_media":10504,"comment_status":"open","ping_status":"open","sticky":false,"template":"","format":"standard","meta":{"footnotes":""},"categories":[1,632],"tags":[349,937,935,4501,4500],"class_list":["post-10503","post","type-post","status-publish","format-standard","has-post-thumbnail","hentry","category-gundem","category-siyaset","tag-aksaray","tag-devlet-bahceli","tag-mhp","tag-ramazan-kasli","tag-semih-yalcin"],"_links":{"self":[{"href":"https:\/\/www.trabzonmanset.com\/index.php\/wp-json\/wp\/v2\/posts\/10503","targetHints":{"allow":["GET"]}}],"collection":[{"href":"https:\/\/www.trabzonmanset.com\/index.php\/wp-json\/wp\/v2\/posts"}],"about":[{"href":"https:\/\/www.trabzonmanset.com\/index.php\/wp-json\/wp\/v2\/types\/post"}],"author":[{"embeddable":true,"href":"https:\/\/www.trabzonmanset.com\/index.php\/wp-json\/wp\/v2\/users\/1"}],"replies":[{"embeddable":true,"href":"https:\/\/www.trabzonmanset.com\/index.php\/wp-json\/wp\/v2\/comments?post=10503"}],"version-history":[{"count":1,"href":"https:\/\/www.trabzonmanset.com\/index.php\/wp-json\/wp\/v2\/posts\/10503\/revisions"}],"predecessor-version":[{"id":10505,"href":"https:\/\/www.trabzonmanset.com\/index.php\/wp-json\/wp\/v2\/posts\/10503\/revisions\/10505"}],"wp:featuredmedia":[{"embeddable":true,"href":"https:\/\/www.trabzonmanset.com\/index.php\/wp-json\/wp\/v2\/media\/10504"}],"wp:attachment":[{"href":"https:\/\/www.trabzonmanset.com\/index.php\/wp-json\/wp\/v2\/media?parent=10503"}],"wp:term":[{"taxonomy":"category","embeddable":true,"href":"https:\/\/www.trabzonmanset.com\/index.php\/wp-json\/wp\/v2\/categories?post=10503"},{"taxonomy":"post_tag","embeddable":true,"href":"https:\/\/www.trabzonmanset.com\/index.php\/wp-json\/wp\/v2\/tags?post=10503"}],"curies":[{"name":"wp","href":"https:\/\/api.w.org\/{rel}","templated":true}]}}