{"id":10497,"date":"2026-03-11T20:28:00","date_gmt":"2026-03-11T17:28:00","guid":{"rendered":"https:\/\/www.trabzonmanset.com\/?p=10497"},"modified":"2026-03-11T22:31:39","modified_gmt":"2026-03-11T19:31:39","slug":"cumhurbaskani-erdogan-turkiye-her-zaman-savasin-degil-barisin-yanindadir","status":"publish","type":"post","link":"https:\/\/www.trabzonmanset.com\/index.php\/2026\/03\/11\/cumhurbaskani-erdogan-turkiye-her-zaman-savasin-degil-barisin-yanindadir\/","title":{"rendered":"Cumhurba\u015fkan\u0131 Erdo\u011fan: T\u00fcrkiye her zaman sava\u015f\u0131n de\u011fil, bar\u0131\u015f\u0131n yan\u0131ndad\u0131r"},"content":{"rendered":"\n<p>Cumhurba\u015fkan\u0131 Recep Tayyip Erdo\u011fan, &#8220;Bizim \u0130ran krizindeki tavr\u0131m\u0131z gayet berrakt\u0131r ve nettir. T\u00fcrkiye her zaman sava\u015f\u0131n de\u011fil, bar\u0131\u015f\u0131n yan\u0131ndad\u0131r.&#8221; dedi.<\/p>\n\n\n\n<p>Cumhurba\u015fkan\u0131 Recep Tayyip Erdo\u011fan, AK Parti \u00d6nceki D\u00f6nem Milletvekilleri, MYK \u00dcyeleri ve Grup ile \u0130ftar Program\u0131&#8217;nda konu\u015ftu.<\/p>\n\n\n\n<p>Burada kat\u0131l\u0131mc\u0131lar\u0131 selamlayan Erdo\u011fan, &#8220;G\u00f6n\u00fcllerimizi birbirine rapteyledi\u011fimiz bu karde\u015flik sofras\u0131nda, bu g\u00fczel ramazan ak\u015fam\u0131nda bir araya gelmemize vesile olan, hasret gidermemizi sa\u011flayan Genel Merkezdeki arkada\u015flar\u0131m\u0131za \u015f\u00fckranlar\u0131m\u0131 sunuyorum. Vefa duygusu etraf\u0131nda bulu\u015ftu\u011fumuz bu sofran\u0131n birli\u011fimizi, beraberli\u011fimizi, dayan\u0131\u015fmam\u0131z\u0131, uhuvvetimizi g\u00fc\u00e7lendirmesini diliyorum. \u00d6ncelikle sizlerin, ailelerinizin, aziz milletimizin ve \u0130slam aleminin Ramazan-\u0131 \u015eerif&#8217;ini can\u0131g\u00f6n\u00fclden tebrik ediyorum.&#8221; diye konu\u015ftu.<\/p>\n\n\n\n<p>\u0130slam peygamberi Hazreti Muhammed&#8217;in &#8220;ebedi azaptan kurtulu\u015f&#8221; olarak m\u00fcjdeledi\u011fi ve son on g\u00fcn\u00fcn\u00fcn idrak edildi\u011fi bug\u00fcnlerin; ma\u011ffirete, rahmete, berekete vesile olmas\u0131n\u0131 dileyen Erdo\u011fan, \u015funlar\u0131 kaydetti:<\/p>\n\n\n\n<p>&#8220;Karde\u015fli\u011fin, dostlu\u011fun, muhabbetin haneleri doldurdu\u011fu yediveren g\u00fcnlerinin \u00fclkemize, milletimize ve son haftalarda \u00e7ok ciddi s\u0131k\u0131nt\u0131lar i\u00e7inde bo\u011fu\u015fan b\u00f6lgemize hay\u0131rlar getirmesini temenni ediyorum. AK kadrolar olarak Hazreti Mevlana&#8217;n\u0131n \u015fu m\u0131sralar\u0131nda v\u00fccut bulan ruha, tasavvura ve duyguya bug\u00fcn bir kez daha burada \u015fahitlik ediyoruz. &#8216;Bu denizde ne \u00f6lmek var bize. Bu denizde ne gam ne dert ne keder, bu deniz alabildi\u011fine muhabbet, bu deniz iyilikten, c\u00f6mertlikten ibaret.&#8217; Evet bug\u00fcn bir kez daha muhabbetiniz i\u00e7in, varl\u0131\u011f\u0131n\u0131z i\u00e7in, davam\u0131za ve hareketimize yapt\u0131\u011f\u0131n\u0131z hizmetler i\u00e7in her birinize te\u015fekk\u00fcrlerimi iletiyorum.<\/p>\n\n\n\n<p>Yine sizlerin nezdinde, kurulu\u015fundan bug\u00fcne AK Partimizin \u00e7at\u0131s\u0131 alt\u0131nda birlikte yol y\u00fcr\u00fcd\u00fc\u011f\u00fcm\u00fcz, \u00fclkemize ve milletimize birlikte hizmet etti\u011fimiz t\u00fcm karde\u015flerimize minnettarl\u0131\u011f\u0131m\u0131 ifade ediyorum. Son iftar bulu\u015fmam\u0131zdan bu yana ebediyete u\u011furlad\u0131\u011f\u0131m\u0131z Karaman Milletvekilimiz Zeki \u00dcnal&#8217;\u0131, Samsun Milletvekilimiz Mustafa Demir&#8217;i, Manisa Milletvekilimiz \u0130smail Bilen&#8217;i, Mu\u011fla Milletvekilimiz Ali Bo\u011fa&#8217;y\u0131, Kocaeli Milletvekilimiz Cemalettin Kafl\u0131&#8217;y\u0131, Giresun Milletvekilimiz Cemal \u00d6zt\u00fcrk&#8217;\u00fc, U\u015fak Milletvekilimiz Mehmet Altay&#8217;\u0131 ve beraber yola \u00e7\u0131kt\u0131\u011f\u0131m\u0131z, beraber yol y\u00fcr\u00fcd\u00fc\u011f\u00fcm\u00fcz arkada\u015flar\u0131m\u0131zdan rahmet-i rahmana kavu\u015fanlar\u0131n hepsini bug\u00fcn bir kez daha \u015f\u00fckranla, \u00f6zlemle yad ediyorum. Rabb&#8217;im ruhlar\u0131n\u0131 \u015fad, mekanlar\u0131n\u0131 cennet, menzillerini m\u00fcbarek eylesin.&#8221;<\/p>\n\n\n\n<h3 class=\"wp-block-heading\">&#8220;Yegane amac\u0131m\u0131z ho\u015f bir sada b\u0131rakmakt\u0131r&#8221;<\/h3>\n\n\n\n<p>\u0130stiklal Mar\u015f\u0131&#8217;n\u0131n yazar\u0131 Mehmet Akif Ersoy&#8217;un &#8220;Birlik&#8221; \u015fiirinden, &#8220;Bu yol ki Hak yoludur, d\u00f6nme bilmeyiz, y\u00fcr\u00fcr\u00fcz.&#8221; dizesinde oldu\u011fu gibi il, il\u00e7e, belde ve mahallelerde AK Parti te\u015fkilatlar\u0131n\u0131n her kademesinde g\u00f6revlilere selam ve muhabbetlerini g\u00f6nderen Erdo\u011fan, &#8220;\u00c7ok partili hayata ge\u00e7ti\u011fimiz g\u00fcnden beri T\u00fcrk demokrasisine ad\u0131n\u0131 alt\u0131n harflerle yazd\u0131ran AK Parti hareketine, milletin ba\u011fr\u0131ndan \u00e7\u0131kan ve yegane amac\u0131 milletini y\u00fcceltmek olan bu y\u00fcr\u00fcy\u00fc\u015fe kar\u0131nca karar\u0131nca destek veren b\u00fct\u00fcn karde\u015flerime \u015f\u00fckranlar\u0131m\u0131 arz ediyorum.&#8221; ifadelerini kulland\u0131.<\/p>\n\n\n\n<p>Divan \u015fairi Baki&#8217;nin &#8220;Avazeyi bu aleme Davud gibi sal. Baki kalan bu kubbede bir ho\u015f sada imi\u015f.&#8221; dizelerini an\u0131msatan Erdo\u011fan, &#8220;Baki&#8217;nin \u00e7ok veciz bir \u015fekilde s\u00f6yledi\u011fi \u00fczere, bizim yegane amac\u0131m\u0131z binlerce y\u0131ll\u0131k bir medeniyete, k\u00f6kl\u00fc bir devlet gelene\u011fine, muazzam bir hayat bilgisine sahip bu millete hay\u0131rl\u0131 hizmetlerde bulunmak, hay\u0131rl\u0131 eserler kazand\u0131rmak, gelece\u011fe hay\u0131rla yad edilecek ho\u015f bir sada b\u0131rakmakt\u0131r.&#8221; dedi.<\/p>\n\n\n\n<figure class=\"wp-block-image\"><img decoding=\"async\" src=\"https:\/\/www.aa.com.tr\/uploads\/userFiles\/76bad36d-1411-48e8-a1ae-b65e58872c06\/01.08%2F12%2FNew%20folder%20(15)%2FNew%20folder%20(2)%2FAA-40795046.jpg\" alt=\"\"\/><\/figure>\n\n\n\n<p>&#8220;Bismillah&#8221; deyip yola \u00e7\u0131kt\u0131klar\u0131 ilk g\u00fcnden bu yana hep bu anlay\u0131\u015fla \u00e7al\u0131\u015ft\u0131klar\u0131n\u0131, &#8220;Halka hizmet, Hakk&#8217;a hizmettir&#8221; d\u00fcsturuyla hi\u00e7bir ayr\u0131m yapmadan milletin hizmetkar\u0131 olduklar\u0131n\u0131 belirten Erdo\u011fan, kar\u015f\u0131la\u015ft\u0131klar\u0131 b\u00fct\u00fcn zorluklar\u0131, milletin deste\u011fi ve duas\u0131 sayesinde a\u015ft\u0131klar\u0131n\u0131 s\u00f6yledi.<\/p>\n\n\n\n<p>&#8220;Yeter s\u00f6z de karar da milletin&#8221; diyerek s\u00f6z\u00fc de karar\u0131 da as\u0131l ve asil sahibine, yani millete tevdi ettiklerini vurgulayan Erdo\u011fan, &#8220;Demokrasiye, milli iradeye, hak ve \u00f6zg\u00fcrl\u00fckler \u00fczerine d\u00fc\u015fen g\u00f6lgeleri sizlerle beraber kald\u0131rd\u0131k. Gezi kalk\u0131\u015fmas\u0131ndan 17-25 Emniyet-Yarg\u0131 kumpas\u0131na, 15 Temmuz darbe ve ihanet te\u015febb\u00fcs\u00fcne milletin iradesini ve istikbalini hedef alan sald\u0131r\u0131lar\u0131 ayn\u0131 \u015fekilde beraber savu\u015fturduk.&#8221; diye konu\u015ftu.<\/p>\n\n\n\n<p>E\u011fitimden ula\u015f\u0131ma, sa\u011fl\u0131ktan emniyete, savunma sanayisinden adalete, her biri sessiz devrim niteli\u011findeki dev ad\u0131mlar\u0131 beraber atlatt\u0131klar\u0131n\u0131 dile getiren Erdo\u011fan, \u015funlar\u0131 kaydetti:<\/p>\n\n\n\n<p>&#8220;Milletimizin her bir ferdinin bu devletin e\u015fit ve onurlu bireyleri olarak kendilerini \u00f6zg\u00fcrce ifade edebildi\u011fi bir T\u00fcrkiye&#8217;yi sizlerle beraber in\u015fa ettik. T\u00fcrkiye&#8217;yi \u015faha kald\u0131rd\u0131k. Bu \u00fclkeyi sizlerle birlikte kanatland\u0131rd\u0131k. Vars\u0131n birileri halen g\u00f6rmemekte \u0131srar etsin. Ortak \u00e7abalar\u0131m\u0131zla bug\u00fcn T\u00fcrkiye her zamankinden daha zengin, daha \u00f6zg\u00fcr, daha \u00e7o\u011fulcu, demokrasisi daha g\u00fc\u00e7l\u00fc bir \u00fclkedir. Bug\u00fcn hamdolsun b\u00f6lgesinin istikrar adas\u0131 olarak g\u00fcnden g\u00fcne y\u0131ld\u0131z\u0131 parlayan bir \u00fclkede ya\u015f\u0131yoruz. &#8216;Bu yol T\u00fcrkiye&#8217;nin yolu, bu yol milletimizin yolu.&#8217; diyerek \u00e7\u0131kt\u0131\u011f\u0131m\u0131z, merkezinde eser ve hizmet siyaseti olan kutlu yolu yakla\u015f\u0131k 25 y\u0131ld\u0131r birlikte y\u00fcr\u00fcyoruz. Hem \u00fclkemizin hem b\u00f6lgemizin \u00f6n\u00fcnde karde\u015flikle, huzurla ve istikrarla dolu bembeyaz bir sayfa a\u00e7aca\u011f\u0131m\u0131z Ter\u00f6rs\u00fcz T\u00fcrkiye hedefimizi de \u00e7a\u011fa damgam\u0131z\u0131 vuraca\u011f\u0131m\u0131z T\u00fcrkiye Y\u00fczy\u0131l\u0131 vizyonumuzu da in\u015fallah yine sizlerle ve milletimizle birlikte hayata ge\u00e7irece\u011fiz. Ne diyor Bayrak \u015fairimiz Arif Nihat Asya? &#8216;Art\u0131k a\u015far\u0131z biz bu kanatlarla zaman\u0131, yorgunluk \u00e7ekilsin yolumuzdan.&#8217; \u0130\u015fte biz de yorulmadan, y\u0131lmadan, rehavete kap\u0131lmadan yolumuza hep birlikte devam edece\u011fiz. &#8216;A\u015fk\u0131nan ko\u015fan, yorulmaz&#8217; d\u00fcsturuyla a\u015fkla, sevda ile b\u00fcy\u00fck bir i\u015ftiyakla milletin yolunda y\u00fcr\u00fcmeyi, bu aziz millet i\u00e7in geceyi g\u00fcnd\u00fcz etmeyi s\u00fcrd\u00fcrece\u011fiz.&#8221;<\/p>\n\n\n\n<figure class=\"wp-block-image\"><img decoding=\"async\" src=\"https:\/\/www.aa.com.tr\/uploads\/userFiles\/76bad36d-1411-48e8-a1ae-b65e58872c06\/01.08%2F12%2FNew%20folder%20(15)%2FNew%20folder%20(2)%2FAA-40795049.jpg\" alt=\"\"\/><\/figure>\n\n\n\n<h3 class=\"wp-block-heading\">&#8220;Dava adam\u0131 her zaman sahadad\u0131r&#8221;<\/h3>\n\n\n\n<p>AK Parti&#8217;nin her \u015feyden \u00f6nce bir dava hareketi oldu\u011funu vurgulayan Erdo\u011fan, &#8220;Dava adam\u0131n\u0131n eskisi, emeklisi, kendi k\u00f6\u015fesine \u00e7ekilmi\u015fi olmaz. Dava adam\u0131 her zaman sahadad\u0131r. Akl\u0131yla, g\u00f6nl\u00fcyle, \u00e7al\u0131\u015fmalar\u0131yla, yol ve m\u00fccadele arkada\u015flar\u0131n\u0131n yan\u0131ndad\u0131r.&#8221; dedi.<\/p>\n\n\n\n<p>Bu \u00e7at\u0131 alt\u0131nda k\u00fcsl\u00fc\u011f\u00fcn, darg\u0131nl\u0131\u011f\u0131n, k\u0131rg\u0131nl\u0131\u011f\u0131n yerinin olamayaca\u011f\u0131n\u0131n alt\u0131n\u0131 \u00e7izen Erdo\u011fan, s\u00f6zlerini \u015f\u00f6yle s\u00fcrd\u00fcrd\u00fc:<\/p>\n\n\n\n<p>&#8220;\u015eunu en iyi sizler biliyorsunuz; biz yaln\u0131zca g\u00fcn\u00fc kurtaran, g\u00fcn\u00fcbirlik politika \u00fcreten bir kadro de\u011filiz. Biz, ortaya eser koyan, hizmet koyan, vizyon koyan, gelece\u011fe d\u00f6n\u00fck projeksiyonu olan bir Erdemliler Hareketiyiz. Sizler her biriniz benim yol ve dava arkada\u015f\u0131m oldu\u011funuz kadar, ayn\u0131 zamanda bu partinin kendisi, omurgas\u0131 ve ortak akl\u0131s\u0131n\u0131z. Sizler ayn\u0131 zamanda \u00e7ok k\u00f6kl\u00fc bir tecr\u00fcbenin sahiplerisiniz. Bu tecr\u00fcbeyi partimizin farkl\u0131 kademelerinde g\u00f6rev alan gen\u00e7 karde\u015flerimize aktarman\u0131z, bilginizle, deneyiminizle onlara adeta siyasi ment\u00f6rl\u00fck yapman\u0131z, tabiri caizse siyasi ko\u00e7luk yapman\u0131z, onlara yol g\u00f6stermeniz \u00e7ok \u00f6nemlidir.&#8221;<\/p>\n\n\n\n<h3 class=\"wp-block-heading\">&#8220;T\u00fcrkiye Y\u00fczy\u0131l\u0131&#8217;n\u0131 en g\u00fc\u00e7l\u00fc \u015fekliyle hayata ge\u00e7irece\u011fiz&#8221;<\/h3>\n\n\n\n<p>Erdo\u011fan, &#8220;\u0130\u00e7 cephemizin tahkim edilmesinde, ahdimizin, kavlimizin, karde\u015fli\u011fimizin g\u00fc\u00e7lendirilmesinde sizlere \u00f6nemli g\u00f6revler d\u00fc\u015f\u00fcyor. Ayn\u0131 \u015fekilde yeni ku\u015faklarla k\u00f6pr\u00fc kurmak, \u00fcye say\u0131s\u0131 11,5 milyonu a\u015fan AK Parti ailesini daha da geni\u015fletmek noktas\u0131nda sizlerden katk\u0131 bekledi\u011fimin alt\u0131n\u0131 \u00f6zellikle \u00e7izmek istiyorum. Yeni T\u00fcrkiye&#8217;yi sizlerle birlikte kurduk. T\u00fcrkiye Y\u00fczy\u0131l\u0131&#8217;n\u0131 da yine in\u015fallah sizlerle ve gen\u00e7lerimizle birlikte hem de t\u00fcm cephelerde en g\u00fc\u00e7l\u00fc \u015fekliyle hayata ge\u00e7irece\u011fiz.&#8221; ifadelerini kulland\u0131.<\/p>\n\n\n\n<p>B\u00f6lgeyi kana ve g\u00f6zya\u015f\u0131na bo\u011fan sars\u0131nt\u0131lar\u0131n \u015fiddetinin 28 \u015eubat&#8217;ta ba\u015flayan kom\u015fu \u0130ran&#8217;a y\u00f6nelik sald\u0131r\u0131larla daha da artt\u0131\u011f\u0131na i\u015faret eden Erdo\u011fan, b\u00f6lgeyi ter\u00f6rize ederek g\u00fcvenli\u011fini sa\u011flayaca\u011f\u0131n\u0131 d\u00fc\u015f\u00fcnen \u0130srail&#8217;in, bir yandan Gazze&#8217;de uymad\u0131\u011f\u0131 ate\u015fkesi hi\u00e7e sayarak sald\u0131r\u0131lar\u0131n\u0131 yo\u011funla\u015ft\u0131r\u0131rken, di\u011fer yandan da L\u00fcbnan&#8217;\u0131 i\u015fgal giri\u015fimine ba\u015flad\u0131\u011f\u0131n\u0131 hat\u0131rlatt\u0131.<\/p>\n\n\n\n<p>Erdo\u011fan, co\u011frafyan\u0131n kibir sendromuna kap\u0131lm\u0131\u015f bir katliam \u015febekesinin elinde yava\u015f yava\u015f felakete do\u011fru s\u00fcr\u00fcklendi\u011fine dikkati \u00e7ekti.<\/p>\n\n\n\n<p>&#8220;Her geceyi s\u0131\u011f\u0131naklarda ge\u00e7iren \u0130srail halk\u0131 bile Holokost&#8217;tan sonra ba\u015flar\u0131na gelen en b\u00fcy\u00fck felaketin Netanyahu oldu\u011funu art\u0131k a\u00e7\u0131k\u00e7a dile getirmektedir.&#8221; diyen Erdo\u011fan, dalga boyu giderek artan bu sars\u0131nt\u0131lar\u0131n etkilerine sadece co\u011frafyada de\u011fil, ekonomiden ticarete, turizmden enerjiye bir\u00e7ok alanda t\u00fcm d\u00fcnyada \u015fahit olduklar\u0131n\u0131 kaydetti.<\/p>\n\n\n\n<figure class=\"wp-block-image\"><img decoding=\"async\" src=\"https:\/\/www.aa.com.tr\/uploads\/userFiles\/76bad36d-1411-48e8-a1ae-b65e58872c06\/01.08%2F12%2FNew%20folder%20(15)%2FNew%20folder%20(2)%2FAA-40795047.jpg\" alt=\"\"\/><\/figure>\n\n\n\n<h3 class=\"wp-block-heading\">&#8220;Ba\u015fkas\u0131n\u0131n zarar\u0131n\u0131 kendi kar\u0131m\u0131z olarak asla g\u00f6remeyiz&#8221;<\/h3>\n\n\n\n<p>K\u00fcresel ekonominin, Rusya-Ukrayna Sava\u015f\u0131&#8217;ndan sonraki en belirsiz g\u00fcnlerini ya\u015fad\u0131\u011f\u0131na i\u015faret eden Erdo\u011fan, sava\u015f\u0131n uzamas\u0131 durumunda d\u00fcnyan\u0131n nereye savrulaca\u011f\u0131n\u0131 tam olarak kimsenin kestiremedi\u011fini s\u00f6yledi.<\/p>\n\n\n\n<p>Cumhurba\u015fkan\u0131 Erdo\u011fan, \u015funlar\u0131 kaydetti:<\/p>\n\n\n\n<p>&#8220;Ba\u015fkas\u0131n\u0131n zarar\u0131n\u0131 kendi kar\u0131m\u0131z olarak asla g\u00f6remeyiz. Ba\u015fkalar\u0131n\u0131n ac\u0131s\u0131ndan rant dev\u015firmek gibi bir hesab\u0131n i\u00e7inde olmay\u0131z. Bizim, \u0130ran krizindeki tavr\u0131m\u0131z gayet berrakt\u0131r ve nettir. T\u00fcrkiye her zaman sava\u015f\u0131n de\u011fil, bar\u0131\u015f\u0131n yan\u0131ndad\u0131r. \u00c7at\u0131\u015fman\u0131n de\u011fil, diplomasinin taraf\u0131ndad\u0131r. Kaos ve karga\u015fan\u0131n de\u011fil, huzur ve istikrar\u0131n saf\u0131ndad\u0131r. D\u00fc\u015fmanla\u015ft\u0131rman\u0131n de\u011fil, yak\u0131nla\u015ft\u0131rman\u0131n pe\u015findedir. Art\u0131k b\u00f6lgemizde g\u00f6zya\u015flar\u0131 dinsin, \u00e7at\u0131\u015fmalar dursun, sulh-u s\u00fckun hakim olsun istiyoruz. T\u00fcrkiye olarak ellerin tetikten \u00e7ekilmesi, ate\u015fkesin sa\u011flanmas\u0131, m\u00fczakere masas\u0131na tekrar d\u00f6n\u00fclmesi i\u00e7in yo\u011fun gayret sarf ediyoruz. Alev daha fazla b\u00fcy\u00fcmeden, ate\u015f \u00e7emberi daha fazla geni\u015flemeden, daha fazla can yanmadan, kan d\u00f6k\u00fclmeden yang\u0131n\u0131 s\u00f6nd\u00fcrmenin derdindeyiz. Ana muhalefetin ba\u015f\u0131ndaki zat ve avanesi g\u00f6zlerini hakikatlere kapatsa da ba\u015fta milletimiz olmak \u00fczere t\u00fcm insanl\u0131k, T\u00fcrkiye&#8217;nin samimi gayretlerini g\u00f6rmekte, \u00e7abalar\u0131m\u0131z\u0131n devam\u0131 noktas\u0131nda bizleri y\u00fcreklendirmektedir. M\u00fcsl\u00fcmanlar olarak \u015funa da t\u00fcm kalbimizle inan\u0131yoruz. Cenab\u0131hak, \u015ferleri hayreyler. Herkesin bir hesab\u0131 varsa, Allah&#8217;\u0131n da mutlaka bir hesab\u0131 vard\u0131r. \u0130n\u015fallah ya\u015fad\u0131\u011f\u0131m\u0131z bu s\u0131k\u0131nt\u0131lar ge\u00e7ecek, en \u00e7ok masum \u00e7ocuklar\u0131 ve sivilleri vuran bu f\u0131rt\u0131na dinecek, b\u00f6lgemizin \u00f6n\u00fcnde \u00e7ok farkl\u0131 bir ufuk belirecek, \u00e7ok daha ayd\u0131nl\u0131k bir \u015fafak s\u00f6kecektir.&#8221;<\/p>\n\n\n\n<p>Bug\u00fcne kadar kar\u015f\u0131la\u015f\u0131lan krizlerde hem millet hem de te\u015fkilat olarak birli\u011fin, beraberli\u011fin, karde\u015fli\u011fin t\u00fcm s\u00fcre\u00e7lerden salimen \u00e7\u0131kmay\u0131 sa\u011flayan en b\u00fcy\u00fck de\u011ferler oldu\u011funu dile getiren Erdo\u011fan, bu t\u00fcrb\u00fclanstan da yine birlik ve beraberli\u011fe sar\u0131larak \u00e7\u0131k\u0131laca\u011f\u0131n\u0131 vurgulad\u0131.<\/p>\n\n\n\n<p>Kaynak: AA<\/p>\n","protected":false},"excerpt":{"rendered":"<p>Cumhurba\u015fkan\u0131 Recep Tayyip Erdo\u011fan, &#8220;Bizim \u0130ran krizindeki tavr\u0131m\u0131z gayet berrakt\u0131r ve nettir. T\u00fcrkiye her zaman sava\u015f\u0131n de\u011fil, bar\u0131\u015f\u0131n yan\u0131ndad\u0131r.&#8221; dedi. Cumhurba\u015fkan\u0131 Recep Tayyip Erdo\u011fan, AK Parti \u00d6nceki D\u00f6nem Milletvekilleri, MYK \u00dcyeleri ve Grup ile \u0130ftar Program\u0131&#8217;nda konu\u015ftu. Burada kat\u0131l\u0131mc\u0131lar\u0131 selamlayan Erdo\u011fan, &#8220;G\u00f6n\u00fcllerimizi birbirine rapteyledi\u011fimiz bu karde\u015flik sofras\u0131nda, bu g\u00fczel ramazan ak\u015fam\u0131nda bir araya gelmemize vesile [&hellip;]<\/p>\n","protected":false},"author":1,"featured_media":10498,"comment_status":"open","ping_status":"open","sticky":false,"template":"","format":"standard","meta":{"footnotes":""},"categories":[11],"tags":[562,2200,846,4498],"class_list":["post-10497","post","type-post","status-publish","format-standard","has-post-thumbnail","hentry","category-manset","tag-ak-parti","tag-ak-parti-myk-toplantisi","tag-cumhurbaskani-erdogan","tag-iftar"],"_links":{"self":[{"href":"https:\/\/www.trabzonmanset.com\/index.php\/wp-json\/wp\/v2\/posts\/10497","targetHints":{"allow":["GET"]}}],"collection":[{"href":"https:\/\/www.trabzonmanset.com\/index.php\/wp-json\/wp\/v2\/posts"}],"about":[{"href":"https:\/\/www.trabzonmanset.com\/index.php\/wp-json\/wp\/v2\/types\/post"}],"author":[{"embeddable":true,"href":"https:\/\/www.trabzonmanset.com\/index.php\/wp-json\/wp\/v2\/users\/1"}],"replies":[{"embeddable":true,"href":"https:\/\/www.trabzonmanset.com\/index.php\/wp-json\/wp\/v2\/comments?post=10497"}],"version-history":[{"count":1,"href":"https:\/\/www.trabzonmanset.com\/index.php\/wp-json\/wp\/v2\/posts\/10497\/revisions"}],"predecessor-version":[{"id":10499,"href":"https:\/\/www.trabzonmanset.com\/index.php\/wp-json\/wp\/v2\/posts\/10497\/revisions\/10499"}],"wp:featuredmedia":[{"embeddable":true,"href":"https:\/\/www.trabzonmanset.com\/index.php\/wp-json\/wp\/v2\/media\/10498"}],"wp:attachment":[{"href":"https:\/\/www.trabzonmanset.com\/index.php\/wp-json\/wp\/v2\/media?parent=10497"}],"wp:term":[{"taxonomy":"category","embeddable":true,"href":"https:\/\/www.trabzonmanset.com\/index.php\/wp-json\/wp\/v2\/categories?post=10497"},{"taxonomy":"post_tag","embeddable":true,"href":"https:\/\/www.trabzonmanset.com\/index.php\/wp-json\/wp\/v2\/tags?post=10497"}],"curies":[{"name":"wp","href":"https:\/\/api.w.org\/{rel}","templated":true}]}}