{"id":10386,"date":"2026-03-06T21:53:00","date_gmt":"2026-03-06T18:53:00","guid":{"rendered":"https:\/\/www.trabzonmanset.com\/?p=10386"},"modified":"2026-03-06T22:55:11","modified_gmt":"2026-03-06T19:55:11","slug":"cumhurbaskani-erdogan-devlet-himayesindeki-cocuklarla-iftarda-bir-araya-geldi","status":"publish","type":"post","link":"https:\/\/www.trabzonmanset.com\/index.php\/2026\/03\/06\/cumhurbaskani-erdogan-devlet-himayesindeki-cocuklarla-iftarda-bir-araya-geldi\/","title":{"rendered":"Cumhurba\u015fkan\u0131 Erdo\u011fan, devlet himayesindeki \u00e7ocuklarla iftarda bir araya geldi"},"content":{"rendered":"\n<p>Cumhurba\u015fkan\u0131 Recep Tayyip Erdo\u011fan&#8217;\u0131n iftar sofras\u0131na konuk olan devlet himayesindeki \u00e7ocuklar, \u00e7e\u015fitli etkinliklerle keyifli vakit ge\u00e7irirken, yerli ve milli projeler hakk\u0131nda merak ettikleri sorulara yan\u0131t buldu.<\/p>\n\n\n\n<p>Cumhurba\u015fkan\u0131 Recep Tayyip Erdo\u011fan, devlet himayesindeki \u00e7ocuklarla iftar program\u0131nda bir araya geldi.<\/p>\n\n\n\n<p>Cumhurba\u015fkan\u0131 Erdo\u011fan ve e\u015fi Emine Erdo\u011fan, Vahdettin K\u00f6\u015fk\u00fc&#8217;ndeki programda \u00e7ocuklarla sohbet ederek onlarla yak\u0131ndan ilgilendi.<\/p>\n\n\n\n<p>Aile ve Sosyal Hizmetler Bakan\u0131 Mahinur \u00d6zdemir G\u00f6kta\u015f&#8217;\u0131n da kat\u0131ld\u0131\u011f\u0131 programda \u00e7ocuklar, iftar sofras\u0131nda bir araya gelmenin mutlulu\u011funu ya\u015fad\u0131.<\/p>\n\n\n\n<p>\u0130ftar\u0131n ard\u0131ndan bir \u00e7ocuk yemek duas\u0131 okudu.<\/p>\n\n\n\n<p>Ya\u015flar\u0131 7 ila 12 aras\u0131nda de\u011fi\u015fen 23 \u00e7ocuk, program vesilesiyle kendilerine \u00f6zel haz\u0131rlanan Hacivat-Karag\u00f6z oyununu izledi. \u00c7ocuklara patlam\u0131\u015f m\u0131s\u0131r, pamuk \u015feker ve \u00e7ikolata ikram edildi.<\/p>\n\n\n\n<p>\u00c7ocuklar, ge\u00e7en hafta 72 ya\u015f\u0131na giren Cumhurba\u015fkan\u0131 Erdo\u011fan&#8217;\u0131n do\u011fum g\u00fcn\u00fcn\u00fc de kutlad\u0131.<\/p>\n\n\n\n<figure class=\"wp-block-image\"><img decoding=\"async\" src=\"https:\/\/www.aa.com.tr\/uploads\/userFiles\/23525b19-4139-468c-8051-ba931b6738e4\/AGUSTOS%202024%2Fift3.jpg\" alt=\"\"\/><\/figure>\n\n\n\n<p>Bir k\u0131z \u00e7ocu\u011fu, \u0130srail&#8217;in Gazze&#8217;ye y\u00f6nelik sald\u0131r\u0131lar\u0131na ve Gazze&#8217;de ya\u015fanan drama dikkati \u00e7ekmek i\u00e7in yazd\u0131\u011f\u0131 \u015fiiri okudu.<\/p>\n\n\n\n<p>Cumhurba\u015fkan\u0131 Erdo\u011fan, \u015fiiri okuyan \u00e7ocu\u011fu, &#8220;Sen ne g\u00fczelsin, \u015fiirin ne g\u00fczel.&#8221; diyerek tebrik etti.<\/p>\n\n\n\n<p>&#8220;Kabe&#8217;de Hac\u0131lar&#8221; isimli ilahiyi seslendiren \u00e7ocuklara Cumhurba\u015fkan\u0131 Erdo\u011fan, &#8220;Ma\u015fallah.&#8221; diyerek kar\u015f\u0131l\u0131k verdi.<\/p>\n\n\n\n<figure class=\"wp-block-image\"><img decoding=\"async\" src=\"https:\/\/www.aa.com.tr\/uploads\/userFiles\/23525b19-4139-468c-8051-ba931b6738e4\/AGUSTOS%202024%2Fift6.jpg\" alt=\"\"\/><\/figure>\n\n\n\n<h3 class=\"wp-block-heading\">\u00c7ocuklardan Cumhurba\u015fkan\u0131 Erdo\u011fan ve e\u015fi Emine Erdo\u011fan&#8217;a te\u015fekk\u00fcr mektubu<\/h3>\n\n\n\n<p>Cumhurba\u015fkan\u0131 Erdo\u011fan, \u00e7ocuklar\u0131n Togg&#8217;la ilgili sorular\u0131n\u0131 yan\u0131tlarken, Emine Erdo\u011fan da sohbeti s\u0131ras\u0131nda \u00e7ocuklar\u0131n merak etti\u011fi sorulara cevap verdi.<\/p>\n\n\n\n<p>Bir \u00e7ocu\u011fun &#8220;S\u0131f\u0131r At\u0131k&#8221; konusundaki sorusu \u00fczerine Emine Erdo\u011fan, &#8220;D\u00fcnyadaki kaynaklar\u0131 hepimize yetecek \u015fekilde kullanal\u0131m. \u00c7\u00f6plerimizi, d\u00f6k\u00fclen yapraklar\u0131 kompost yaparak g\u00fcbre elde ediyoruz. Bu sayede kimyasal g\u00fcbreden uzakla\u015f\u0131yoruz.&#8221; diye konu\u015ftu.<\/p>\n\n\n\n<figure class=\"wp-block-image\"><img decoding=\"async\" src=\"https:\/\/cdnuploads.aa.com.tr\/uploads\/userFiles\/23525b19-4139-468c-8051-ba931b6738e4\/AGUSTOS%202024%2Fift5.jpg\" alt=\"\"\/><\/figure>\n\n\n\n<p>Emine Erdo\u011fan, yap\u0131lan ara\u015ft\u0131rmalarda bal\u0131klarda bile plasti\u011fe rastland\u0131\u011f\u0131n\u0131n ortaya \u00e7\u0131kt\u0131\u011f\u0131n\u0131 aktararak, &#8220;Plastiklerden korunaca\u011f\u0131z. Bu sayede daha da do\u011fal ya\u015fayaca\u011f\u0131z.&#8221; ifadesini kulland\u0131.<\/p>\n\n\n\n<p>Cumhurba\u015fkan\u0131 Erdo\u011fan&#8217;\u0131n liderli\u011finde T\u00fcrkiye&#8217;de elde edilen ba\u015far\u0131lardan olan ilk yerli otomobil Togg, savunma sanayisinde geli\u015ftirilen ilk yerli ve milli insans\u0131z sava\u015f u\u00e7a\u011f\u0131 Bayraktar K\u0131z\u0131lelma ile Emine Erdo\u011fan taraf\u0131ndan ba\u015flat\u0131lan ve ba\u015far\u0131yla s\u00fcrd\u00fcr\u00fclen S\u0131f\u0131r At\u0131k Projesi&#8217;ne dair bir resim tablosunu Emine Erdo\u011fan&#8217;a hediye eden \u00e7ocuklar, &#8220;\u0130limde ve bilimde ortaya konulan bu ba\u015far\u0131lara, devletimizin yeti\u015ftirdi\u011fi \u00e7ocuklar olarak bizlerin de katk\u0131 sa\u011flayaca\u011f\u0131n\u0131, bu u\u011furda azimle \u00e7al\u0131\u015ft\u0131\u011f\u0131m\u0131z\u0131 ifade etmek istiyoruz.&#8221; g\u00f6r\u00fc\u015flerini payla\u015ft\u0131.<\/p>\n\n\n\n<figure class=\"wp-block-image\"><img decoding=\"async\" src=\"https:\/\/cdnuploads.aa.com.tr\/uploads\/userFiles\/23525b19-4139-468c-8051-ba931b6738e4\/AGUSTOS%202024%2Fift4.jpg\" alt=\"\"\/><\/figure>\n\n\n\n<p>\u00c7ocuklar, daha sonra Cumhurba\u015fkan\u0131 Erdo\u011fan&#8217;a ve e\u015fi Emine Erdo\u011fan&#8217;a, &#8220;Tayyip amca, Emine teyze, sizinle iftar a\u00e7mak \u00e7ok g\u00fczel. Sayenizde s\u0131cac\u0131k yuvalarda kal\u0131yoruz, sevgiyle b\u00fcy\u00fcyoruz.&#8221; ifadelerinin yer ald\u0131\u011f\u0131 \u015f\u00fckran bildiren mektuplar\u0131n\u0131 takdim etti.<\/p>\n\n\n\n<p>Cumhurba\u015fkan\u0131 Erdo\u011fan, program sonunda \u00e7ocuklara giysi ve k\u0131rtasiye malzemelerinden olu\u015fan paketleri hediye olarak verdi.<\/p>\n\n\n\n<p>Kaynak: AA<\/p>\n","protected":false},"excerpt":{"rendered":"<p>Cumhurba\u015fkan\u0131 Recep Tayyip Erdo\u011fan&#8217;\u0131n iftar sofras\u0131na konuk olan devlet himayesindeki \u00e7ocuklar, \u00e7e\u015fitli etkinliklerle keyifli vakit ge\u00e7irirken, yerli ve milli projeler hakk\u0131nda merak ettikleri sorulara yan\u0131t buldu. Cumhurba\u015fkan\u0131 Recep Tayyip Erdo\u011fan, devlet himayesindeki \u00e7ocuklarla iftar program\u0131nda bir araya geldi. Cumhurba\u015fkan\u0131 Erdo\u011fan ve e\u015fi Emine Erdo\u011fan, Vahdettin K\u00f6\u015fk\u00fc&#8217;ndeki programda \u00e7ocuklarla sohbet ederek onlarla yak\u0131ndan ilgilendi. Aile ve [&hellip;]<\/p>\n","protected":false},"author":1,"featured_media":10387,"comment_status":"open","ping_status":"open","sticky":false,"template":"","format":"standard","meta":{"footnotes":""},"categories":[11],"tags":[846,1065,4463,3248,4456],"class_list":["post-10386","post","type-post","status-publish","format-standard","has-post-thumbnail","hentry","category-manset","tag-cumhurbaskani-erdogan","tag-emine-erdogan","tag-iftar-sofrasi","tag-mahinur-ozdemir-goktas","tag-vahdettin-kosku-2"],"_links":{"self":[{"href":"https:\/\/www.trabzonmanset.com\/index.php\/wp-json\/wp\/v2\/posts\/10386","targetHints":{"allow":["GET"]}}],"collection":[{"href":"https:\/\/www.trabzonmanset.com\/index.php\/wp-json\/wp\/v2\/posts"}],"about":[{"href":"https:\/\/www.trabzonmanset.com\/index.php\/wp-json\/wp\/v2\/types\/post"}],"author":[{"embeddable":true,"href":"https:\/\/www.trabzonmanset.com\/index.php\/wp-json\/wp\/v2\/users\/1"}],"replies":[{"embeddable":true,"href":"https:\/\/www.trabzonmanset.com\/index.php\/wp-json\/wp\/v2\/comments?post=10386"}],"version-history":[{"count":1,"href":"https:\/\/www.trabzonmanset.com\/index.php\/wp-json\/wp\/v2\/posts\/10386\/revisions"}],"predecessor-version":[{"id":10388,"href":"https:\/\/www.trabzonmanset.com\/index.php\/wp-json\/wp\/v2\/posts\/10386\/revisions\/10388"}],"wp:featuredmedia":[{"embeddable":true,"href":"https:\/\/www.trabzonmanset.com\/index.php\/wp-json\/wp\/v2\/media\/10387"}],"wp:attachment":[{"href":"https:\/\/www.trabzonmanset.com\/index.php\/wp-json\/wp\/v2\/media?parent=10386"}],"wp:term":[{"taxonomy":"category","embeddable":true,"href":"https:\/\/www.trabzonmanset.com\/index.php\/wp-json\/wp\/v2\/categories?post=10386"},{"taxonomy":"post_tag","embeddable":true,"href":"https:\/\/www.trabzonmanset.com\/index.php\/wp-json\/wp\/v2\/tags?post=10386"}],"curies":[{"name":"wp","href":"https:\/\/api.w.org\/{rel}","templated":true}]}}