{"id":10374,"date":"2026-03-06T17:58:00","date_gmt":"2026-03-06T14:58:00","guid":{"rendered":"https:\/\/www.trabzonmanset.com\/?p=10374"},"modified":"2026-03-06T19:20:47","modified_gmt":"2026-03-06T16:20:47","slug":"cumhurbaskani-erdogan-ihlas-holding-yonetim-kurulu-baskani-oreni-kabul-etti","status":"publish","type":"post","link":"https:\/\/www.trabzonmanset.com\/index.php\/2026\/03\/06\/cumhurbaskani-erdogan-ihlas-holding-yonetim-kurulu-baskani-oreni-kabul-etti\/","title":{"rendered":"Cumhurba\u015fkan\u0131 Erdo\u011fan, \u0130hlas Holding Y\u00f6netim Kurulu Ba\u015fkan\u0131 \u00d6ren\u2019i kabul etti"},"content":{"rendered":"\n<p>Cumhurba\u015fkan\u0131 Recep Tayyip Erdo\u011fan, \u0130hlas Holding Y\u00f6netim Kurulu Ba\u015fkan\u0131 Ahmet M\u00fccahid \u00d6ren\u2019i kabul etti.<\/p>\n\n\n\n<p>\u0130stanbul\u2019daki Vahdettin K\u00f6\u015fk\u00fc\u2019nde ger\u00e7ekle\u015fen kabulde, g\u00fcndemdeki geli\u015fmelerin yan\u0131 s\u0131ra \u0130hlas Holding\u2019in i\u00e7 ve d\u0131\u015f yat\u0131r\u0131mlar\u0131 ele al\u0131nd\u0131. Cumhurba\u015fkan\u0131\u2019na T\u00fcrk Devletleri Te\u015fkilat\u0131 i\u00e7in b\u00fcy\u00fck \u00f6neme sahip K\u0131rg\u0131zistan\u2019daki enerji yat\u0131r\u0131mlar\u0131nda gelinen son durumu anlatan \u00d6ren, \u0130hlas Holding\u2019in medya \u00e7al\u0131\u015fmalar\u0131 ve \u00f6zellikle dijital mecralardaki at\u0131l\u0131mlar\u0131 hakk\u0131nda da bilgi verdi. Ahmet M\u00fccahid \u00d6ren, bir saate yak\u0131n s\u00fcren g\u00f6r\u00fc\u015fmede Cumhurba\u015fkan\u0131 Erdo\u011fan\u2019\u0131n Ramazan ay\u0131n\u0131 da tebrik etti.<\/p>\n\n\n\n<p>Kaynak: \u0130HA<\/p>\n\n\n\n<p><\/p>\n","protected":false},"excerpt":{"rendered":"<p>Cumhurba\u015fkan\u0131 Recep Tayyip Erdo\u011fan, \u0130hlas Holding Y\u00f6netim Kurulu Ba\u015fkan\u0131 Ahmet M\u00fccahid \u00d6ren\u2019i kabul etti. \u0130stanbul\u2019daki Vahdettin K\u00f6\u015fk\u00fc\u2019nde ger\u00e7ekle\u015fen kabulde, g\u00fcndemdeki geli\u015fmelerin yan\u0131 s\u0131ra \u0130hlas Holding\u2019in i\u00e7 ve d\u0131\u015f yat\u0131r\u0131mlar\u0131 ele al\u0131nd\u0131. Cumhurba\u015fkan\u0131\u2019na T\u00fcrk Devletleri Te\u015fkilat\u0131 i\u00e7in b\u00fcy\u00fck \u00f6neme sahip K\u0131rg\u0131zistan\u2019daki enerji yat\u0131r\u0131mlar\u0131nda gelinen son durumu anlatan \u00d6ren, \u0130hlas Holding\u2019in medya \u00e7al\u0131\u015fmalar\u0131 ve \u00f6zellikle dijital mecralardaki [&hellip;]<\/p>\n","protected":false},"author":1,"featured_media":10375,"comment_status":"open","ping_status":"open","sticky":false,"template":"","format":"standard","meta":{"footnotes":""},"categories":[11],"tags":[4454,846,4453,4456],"class_list":["post-10374","post","type-post","status-publish","format-standard","has-post-thumbnail","hentry","category-manset","tag-ahmet-mucahid-oren","tag-cumhurbaskani-erdogan","tag-ihlas-holding","tag-vahdettin-kosku-2"],"_links":{"self":[{"href":"https:\/\/www.trabzonmanset.com\/index.php\/wp-json\/wp\/v2\/posts\/10374","targetHints":{"allow":["GET"]}}],"collection":[{"href":"https:\/\/www.trabzonmanset.com\/index.php\/wp-json\/wp\/v2\/posts"}],"about":[{"href":"https:\/\/www.trabzonmanset.com\/index.php\/wp-json\/wp\/v2\/types\/post"}],"author":[{"embeddable":true,"href":"https:\/\/www.trabzonmanset.com\/index.php\/wp-json\/wp\/v2\/users\/1"}],"replies":[{"embeddable":true,"href":"https:\/\/www.trabzonmanset.com\/index.php\/wp-json\/wp\/v2\/comments?post=10374"}],"version-history":[{"count":1,"href":"https:\/\/www.trabzonmanset.com\/index.php\/wp-json\/wp\/v2\/posts\/10374\/revisions"}],"predecessor-version":[{"id":10376,"href":"https:\/\/www.trabzonmanset.com\/index.php\/wp-json\/wp\/v2\/posts\/10374\/revisions\/10376"}],"wp:featuredmedia":[{"embeddable":true,"href":"https:\/\/www.trabzonmanset.com\/index.php\/wp-json\/wp\/v2\/media\/10375"}],"wp:attachment":[{"href":"https:\/\/www.trabzonmanset.com\/index.php\/wp-json\/wp\/v2\/media?parent=10374"}],"wp:term":[{"taxonomy":"category","embeddable":true,"href":"https:\/\/www.trabzonmanset.com\/index.php\/wp-json\/wp\/v2\/categories?post=10374"},{"taxonomy":"post_tag","embeddable":true,"href":"https:\/\/www.trabzonmanset.com\/index.php\/wp-json\/wp\/v2\/tags?post=10374"}],"curies":[{"name":"wp","href":"https:\/\/api.w.org\/{rel}","templated":true}]}}