{"id":10371,"date":"2026-03-06T18:41:00","date_gmt":"2026-03-06T15:41:00","guid":{"rendered":"https:\/\/www.trabzonmanset.com\/?p=10371"},"modified":"2026-03-06T19:13:32","modified_gmt":"2026-03-06T16:13:32","slug":"bebek-otelin-sahibi-muzaffer-yildirimin-6-sirketine-tmsf-kayyum-olarak-atandi","status":"publish","type":"post","link":"https:\/\/www.trabzonmanset.com\/index.php\/2026\/03\/06\/bebek-otelin-sahibi-muzaffer-yildirimin-6-sirketine-tmsf-kayyum-olarak-atandi\/","title":{"rendered":"Bebek Otel&#8217;in sahibi Muzaffer Y\u0131ld\u0131r\u0131m&#8217;\u0131n 6 \u015firketine TMSF kayyum olarak atand\u0131"},"content":{"rendered":"\n<p>\u0130stanbul&#8217;daki uyu\u015fturucu ve fuhu\u015f soru\u015fturmas\u0131 kapsam\u0131nda tutuklanan Bebek Otel&#8217;in sahibi Muzaffer Y\u0131ld\u0131r\u0131m&#8217;\u0131n 6 \u015firketine Tasarruf Mevduat\u0131 Sigorta Fonu kayyum atand\u0131.<\/p>\n\n\n\n<ul class=\"wp-block-list\">\n<li>Tasarruf Mevduat\u0131 Sigorta Fonu, Bebek Otel&#8217;in sahibi Muzaffer Y\u0131ld\u0131r\u0131m&#8217;\u0131n 6 \u015firketine kayyum atad\u0131.<\/li>\n\n\n\n<li>Muzaffer Y\u0131ld\u0131r\u0131m, \u0130stanbul&#8217;daki uyu\u015fturucu ve fuhu\u015f soru\u015fturmas\u0131 kapsam\u0131nda tutukland\u0131.<\/li>\n\n\n\n<li>Soru\u015fturma, &#8216;su\u00e7tan kaynaklanan malvarl\u0131\u011f\u0131 de\u011ferlerini aklama&#8217; su\u00e7una y\u00f6nelik devam ediyor.<\/li>\n<\/ul>\n\n\n\n<p>\u0130stanbul&#8217;daki uyu\u015fturucu ve fuhu\u015f soru\u015fturmas\u0131 kapsam\u0131nda tutuklanan Bebek Otel&#8217;in sahibi Muzaffer Y\u0131ld\u0131r\u0131m&#8217;\u0131n 6 \u015firketine Tasarruf Mevduat\u0131 Sigorta Fonu (TMSF) kayyum atand\u0131.<\/p>\n\n\n\n<h3 class=\"wp-block-heading\">BEBEK OTEL\u0130N SAH\u0130B\u0130N\u0130N \u015e\u0130RKETLER\u0130NE EL KONULDU<\/h3>\n\n\n\n<p>\u0130stanbul Cumhuriyet Ba\u015fsavc\u0131l\u0131\u011f\u0131ndan yap\u0131lan a\u00e7\u0131klamada, Ter\u00f6rizmin Finansman\u0131n\u0131n \u00d6nlenmesi ve Aklama Su\u00e7u Soru\u015fturma B\u00fcrosu taraf\u0131ndan \u015f\u00fcpheli Muzaffer Y\u0131ld\u0131r\u0131m hakk\u0131nda y\u00fcr\u00fct\u00fclen &#8220;su\u00e7tan kaynaklanan malvarl\u0131\u011f\u0131 de\u011ferlerini aklama&#8221; su\u00e7una y\u00f6nelik soru\u015fturman\u0131n s\u00fcrd\u00fc\u011f\u00fc kaydedildi.<\/p>\n\n\n\n<p><img loading=\"lazy\" decoding=\"async\" width=\"300\" height=\"200\" src=\"https:\/\/foto.haberler.com\/crop\/637x636\/haber\/2026\/03\/06\/bebek-otel-in-sahibi-muzaffer-yildirim-in-6-19631707_7994_m.jpg\" alt=\"Muzaffer Y\u0131ld\u0131r\u0131m\"><\/p>\n\n\n\n<p>Muzaffer Y\u0131ld\u0131r\u0131m<\/p>\n\n\n\n<p>\u015e\u00fcphelinin orta\u011f\u0131 ve sahibi oldu\u011fu ve \u00f6nc\u00fcl su\u00e7lar kapsam\u0131nda elde etti\u011fi su\u00e7 gelirlerinin aklanmas\u0131 faaliyetlerinde kullan\u0131ld\u0131\u011f\u0131 de\u011ferlendirilen 6 \u015firketle ilgili Sulh Ceza Hakimli\u011fi karar\u0131yla TMSF&#8217;nin kayyum olarak atand\u0131\u011f\u0131 bildirilen a\u00e7\u0131klamada, soru\u015fturman\u0131n \u00e7ok y\u00f6nl\u00fc ve titizlikle devam etti\u011fi belirtildi.<\/p>\n\n\n\n<p>Kaynak: AA<\/p>\n\n\n\n<p><\/p>\n","protected":false},"excerpt":{"rendered":"<p>\u0130stanbul&#8217;daki uyu\u015fturucu ve fuhu\u015f soru\u015fturmas\u0131 kapsam\u0131nda tutuklanan Bebek Otel&#8217;in sahibi Muzaffer Y\u0131ld\u0131r\u0131m&#8217;\u0131n 6 \u015firketine Tasarruf Mevduat\u0131 Sigorta Fonu kayyum atand\u0131. \u0130stanbul&#8217;daki uyu\u015fturucu ve fuhu\u015f soru\u015fturmas\u0131 kapsam\u0131nda tutuklanan Bebek Otel&#8217;in sahibi Muzaffer Y\u0131ld\u0131r\u0131m&#8217;\u0131n 6 \u015firketine Tasarruf Mevduat\u0131 Sigorta Fonu (TMSF) kayyum atand\u0131. BEBEK OTEL\u0130N SAH\u0130B\u0130N\u0130N \u015e\u0130RKETLER\u0130NE EL KONULDU \u0130stanbul Cumhuriyet Ba\u015fsavc\u0131l\u0131\u011f\u0131ndan yap\u0131lan a\u00e7\u0131klamada, Ter\u00f6rizmin Finansman\u0131n\u0131n \u00d6nlenmesi [&hellip;]<\/p>\n","protected":false},"author":1,"featured_media":10372,"comment_status":"open","ping_status":"open","sticky":false,"template":"","format":"standard","meta":{"footnotes":""},"categories":[1371,1],"tags":[3385,4451,4452],"class_list":["post-10371","post","type-post","status-publish","format-standard","has-post-thumbnail","hentry","category-asayis","category-gundem","tag-bebek-otel","tag-muzaffer-yildirim","tag-tmsf"],"_links":{"self":[{"href":"https:\/\/www.trabzonmanset.com\/index.php\/wp-json\/wp\/v2\/posts\/10371","targetHints":{"allow":["GET"]}}],"collection":[{"href":"https:\/\/www.trabzonmanset.com\/index.php\/wp-json\/wp\/v2\/posts"}],"about":[{"href":"https:\/\/www.trabzonmanset.com\/index.php\/wp-json\/wp\/v2\/types\/post"}],"author":[{"embeddable":true,"href":"https:\/\/www.trabzonmanset.com\/index.php\/wp-json\/wp\/v2\/users\/1"}],"replies":[{"embeddable":true,"href":"https:\/\/www.trabzonmanset.com\/index.php\/wp-json\/wp\/v2\/comments?post=10371"}],"version-history":[{"count":1,"href":"https:\/\/www.trabzonmanset.com\/index.php\/wp-json\/wp\/v2\/posts\/10371\/revisions"}],"predecessor-version":[{"id":10373,"href":"https:\/\/www.trabzonmanset.com\/index.php\/wp-json\/wp\/v2\/posts\/10371\/revisions\/10373"}],"wp:featuredmedia":[{"embeddable":true,"href":"https:\/\/www.trabzonmanset.com\/index.php\/wp-json\/wp\/v2\/media\/10372"}],"wp:attachment":[{"href":"https:\/\/www.trabzonmanset.com\/index.php\/wp-json\/wp\/v2\/media?parent=10371"}],"wp:term":[{"taxonomy":"category","embeddable":true,"href":"https:\/\/www.trabzonmanset.com\/index.php\/wp-json\/wp\/v2\/categories?post=10371"},{"taxonomy":"post_tag","embeddable":true,"href":"https:\/\/www.trabzonmanset.com\/index.php\/wp-json\/wp\/v2\/tags?post=10371"}],"curies":[{"name":"wp","href":"https:\/\/api.w.org\/{rel}","templated":true}]}}