{"id":10368,"date":"2026-03-06T17:40:00","date_gmt":"2026-03-06T14:40:00","guid":{"rendered":"https:\/\/www.trabzonmanset.com\/?p=10368"},"modified":"2026-03-06T18:06:35","modified_gmt":"2026-03-06T15:06:35","slug":"zehra-kinik-davasinda-2-yil-6-aylik-hapis-cezasi-kesinlesti","status":"publish","type":"post","link":"https:\/\/www.trabzonmanset.com\/index.php\/2026\/03\/06\/zehra-kinik-davasinda-2-yil-6-aylik-hapis-cezasi-kesinlesti\/","title":{"rendered":"Zehra K\u0131n\u0131k davas\u0131nda 2 y\u0131l 6 ayl\u0131k hapis cezas\u0131 kesinle\u015fti"},"content":{"rendered":"\n<p>\u0130stanbul B\u00f6lge Adliye Mahkemesi, 17 ya\u015f\u0131ndaki Bat\u0131n Barlas \u00c7eki&#8217;nin hayat\u0131n\u0131 kaybetti\u011fi kazaya ili\u015fkin davada, Eski K\u0131z\u0131lay Genel Ba\u015fkan\u0131 Kerem K\u0131n\u0131k&#8217;\u0131n k\u0131z\u0131 Fatma Zehra K\u0131n\u0131k Demir&#8217;e verilen 2 y\u0131l 6 ay hapis cezas\u0131na yap\u0131lan istinaf ba\u015fvurular\u0131n\u0131 reddetti. Karar ile Zehra K\u0131n\u0131k&#8217;\u0131n cezas\u0131 onanm\u0131\u015f oldu. Kararda, h\u00fckm\u00fcn a\u00e7\u0131klanmas\u0131n\u0131n geri b\u0131rak\u0131lmas\u0131 uygulanmad\u0131 ve ceza para cezas\u0131na \u00e7evrilmedi.<\/p>\n\n\n\n<p><strong>\u0130stanbul<\/strong>&#8216;da 17 ya\u015f\u0131ndaki Bat\u0131n Barlas\u00e7eki&#8217;nin hayat\u0131n\u0131 kaybetti\u011fi, 3 ki\u015finin de yaraland\u0131\u011f\u0131 trafik kazas\u0131na ili\u015fkin davada yeni bir geli\u015fme ya\u015fand\u0131.<\/p>\n\n\n\n<p>Eski K\u0131z\u0131lay Genel Ba\u015fkan\u0131 Kerem K\u0131n\u0131k&#8217;\u0131n k\u0131z\u0131 Fat\u0131ma Zehra K\u0131n\u0131k Demir hakk\u0131nda verilen hapis cezas\u0131na yap\u0131lan istinaf ba\u015fvurular\u0131 reddedildi. B\u00f6ylece san\u0131k hakk\u0131nda verilen 2 y\u0131l 6 ay hapis cezas\u0131 ile 1 y\u0131l s\u00fcreyle ehliyete el konulmas\u0131 karar\u0131 kesinle\u015fmi\u015f oldu.<\/p>\n\n\n\n<figure class=\"wp-block-image\"><img decoding=\"async\" src=\"https:\/\/foto.haberler.com\/crop\/640x426\/haber\/2026\/03\/06\/zehra-kinik-davasinda-2-yil-6-aylik-hapis-cezasi-19631427_859_m.jpg\" alt=\"Zehra K\u0131n\u0131k davas\u0131nda 2 y\u0131l 6 ayl\u0131k hapis cezas\u0131 kesinle\u015fti\"\/><\/figure>\n\n\n\n<h3 class=\"wp-block-heading\">\u0130T\u0130RAZLAR DE\u011eERLEND\u0130R\u0130LD\u0130<\/h3>\n\n\n\n<p>Karar\u0131 inceleyen \u0130stanbul B\u00f6lge Adliye Mahkemesi 19. Ceza Dairesi, dosyaya yap\u0131lan itirazlar\u0131 de\u011ferlendirdi. Daire, ilk derece mahkemesinin karar\u0131nda usule veya esasa ili\u015fkin herhangi bir hukuka ayk\u0131r\u0131l\u0131k bulunmad\u0131\u011f\u0131n\u0131 belirterek istinaf ba\u015fvurular\u0131n\u0131 reddetti.<\/p>\n\n\n\n<p>Kararda, yap\u0131lan yarg\u0131lama, toplanan deliller ve mahkemenin de\u011ferlendirmesinin hukuka uygun oldu\u011fu vurguland\u0131. Dosyan\u0131n bir \u00f6rne\u011finin B\u00f6lge Adliye Mahkemesi Cumhuriyet Ba\u015fsavc\u0131l\u0131\u011f\u0131&#8217;na g\u00f6nderilmesine de karar verildi.<\/p>\n\n\n\n<h3 class=\"wp-block-heading\">\u0130LK KARAR 4 YIL 2 AY HAP\u0130ST\u0130<\/h3>\n\n\n\n<p>Kazaya ili\u015fkin davada Fat\u0131ma Zehra K\u0131n\u0131k Demir hakk\u0131nda ilk karar 26 May\u0131s 2025 tarihinde verilmi\u015fti. \u0130stanbul Anadolu 8. A\u011f\u0131r Ceza Mahkemesi, san\u0131\u011fa 4 y\u0131l 2 ay hapis cezas\u0131 ve 2 y\u0131l s\u00fcreyle ehliyete el koyma cezas\u0131 vermi\u015fti.<\/p>\n\n\n\n<p>Ancak baz\u0131 \u015fikayetlerin geri \u00e7ekilmesi \u00fczerine dosya yeniden de\u011ferlendirildi. Ayn\u0131 mahkeme 18 Aral\u0131k 2025&#8217;te verdi\u011fi ikinci kararda cezay\u0131 2 y\u0131l 6 aya indirirken, ehliyete el koyma s\u00fcresini de 1 y\u0131l olarak belirledi. Ayr\u0131ca san\u0131\u011f\u0131n yurt d\u0131\u015f\u0131na \u00e7\u0131k\u0131\u015f yasa\u011f\u0131n\u0131n devam\u0131na h\u00fckmedildi.<\/p>\n\n\n\n<figure class=\"wp-block-image\"><img decoding=\"async\" src=\"https:\/\/foto.haberler.com\/crop\/640x854\/haber\/2026\/03\/06\/zehra-kinik-davasinda-2-yil-6-aylik-hapis-cezasi-19631427_878_m.jpg\" alt=\"Zehra K\u0131n\u0131k davas\u0131nda 2 y\u0131l 6 ayl\u0131k hapis cezas\u0131 kesinle\u015fti\"\/><\/figure>\n\n\n\n<h3 class=\"wp-block-heading\">ANNE \u015e\u0130KAYET\u0130NDEN VAZGE\u00c7M\u0130\u015eT\u0130<\/h3>\n\n\n\n<p>Dava s\u00fcrecinde hayat\u0131n\u0131 kaybeden Bat\u0131n Barlas\u00e7eki&#8217;nin annesi Hasret Do\u011fan, maddi ve manevi zarar\u0131n\u0131n kar\u015f\u0131land\u0131\u011f\u0131n\u0131 belirterek \u015fikayetinden vazge\u00e7ti\u011fini mahkemeye bildirdi.<\/p>\n\n\n\n<p>Buna ra\u011fmen istinaf incelemesi tamamland\u0131 ve mahkeme karar\u0131nda hukuka ayk\u0131r\u0131l\u0131k bulunmad\u0131\u011f\u0131 gerek\u00e7esiyle yap\u0131lan ba\u015fvurular reddedildi.<\/p>\n\n\n\n<h3 class=\"wp-block-heading\">CEZANIN PARAYA \u00c7EVR\u0130LMES\u0130 M\u00dcMK\u00dcN DE\u011e\u0130L<\/h3>\n\n\n\n<p>Dosyada m\u00fc\u015fteki taraf\u0131n avukat\u0131 Uysal U\u011furlu, istinaf\u0131n bu karar\u0131yla davan\u0131n Zehra K\u0131n\u0131k a\u00e7\u0131s\u0131ndan kesinle\u015fti\u011fini belirtti. U\u011furlu, cezan\u0131n para cezas\u0131na \u00e7evrilmesinin m\u00fcmk\u00fcn olmad\u0131\u011f\u0131n\u0131, infaz yasas\u0131 kapsam\u0131nda hesaplanacak s\u00fcre \u00e7er\u00e7evesinde san\u0131\u011f\u0131n cezaevine girmesinin s\u00f6z konusu olaca\u011f\u0131n\u0131 ifade etti.<\/p>\n\n\n\n<p>U\u011furlu ayr\u0131ca, \u015fikayetini geri \u00e7eken Hasret Do\u011fan&#8217;\u0131n istinaf karar\u0131na itiraz hakk\u0131 bulunsa da bu hakk\u0131 kullanmas\u0131n\u0131n beklenmedi\u011fini s\u00f6yledi.<\/p>\n\n\n\n<p>Kaynak: ANKA<\/p>\n\n\n\n<p><\/p>\n","protected":false},"excerpt":{"rendered":"<p>\u0130stanbul B\u00f6lge Adliye Mahkemesi, 17 ya\u015f\u0131ndaki Bat\u0131n Barlas \u00c7eki&#8217;nin hayat\u0131n\u0131 kaybetti\u011fi kazaya ili\u015fkin davada, Eski K\u0131z\u0131lay Genel Ba\u015fkan\u0131 Kerem K\u0131n\u0131k&#8217;\u0131n k\u0131z\u0131 Fatma Zehra K\u0131n\u0131k Demir&#8217;e verilen 2 y\u0131l 6 ay hapis cezas\u0131na yap\u0131lan istinaf ba\u015fvurular\u0131n\u0131 reddetti. Karar ile Zehra K\u0131n\u0131k&#8217;\u0131n cezas\u0131 onanm\u0131\u015f oldu. Kararda, h\u00fckm\u00fcn a\u00e7\u0131klanmas\u0131n\u0131n geri b\u0131rak\u0131lmas\u0131 uygulanmad\u0131 ve ceza para cezas\u0131na \u00e7evrilmedi. \u0130stanbul&#8216;da [&hellip;]<\/p>\n","protected":false},"author":1,"featured_media":10369,"comment_status":"open","ping_status":"open","sticky":false,"template":"","format":"standard","meta":{"footnotes":""},"categories":[1371,1],"tags":[4448,4450,4449],"class_list":["post-10368","post","type-post","status-publish","format-standard","has-post-thumbnail","hentry","category-asayis","category-gundem","tag-batin-barlas-ceki","tag-fatma-zehra-kinik-demir","tag-kerem-kinik"],"_links":{"self":[{"href":"https:\/\/www.trabzonmanset.com\/index.php\/wp-json\/wp\/v2\/posts\/10368","targetHints":{"allow":["GET"]}}],"collection":[{"href":"https:\/\/www.trabzonmanset.com\/index.php\/wp-json\/wp\/v2\/posts"}],"about":[{"href":"https:\/\/www.trabzonmanset.com\/index.php\/wp-json\/wp\/v2\/types\/post"}],"author":[{"embeddable":true,"href":"https:\/\/www.trabzonmanset.com\/index.php\/wp-json\/wp\/v2\/users\/1"}],"replies":[{"embeddable":true,"href":"https:\/\/www.trabzonmanset.com\/index.php\/wp-json\/wp\/v2\/comments?post=10368"}],"version-history":[{"count":1,"href":"https:\/\/www.trabzonmanset.com\/index.php\/wp-json\/wp\/v2\/posts\/10368\/revisions"}],"predecessor-version":[{"id":10370,"href":"https:\/\/www.trabzonmanset.com\/index.php\/wp-json\/wp\/v2\/posts\/10368\/revisions\/10370"}],"wp:featuredmedia":[{"embeddable":true,"href":"https:\/\/www.trabzonmanset.com\/index.php\/wp-json\/wp\/v2\/media\/10369"}],"wp:attachment":[{"href":"https:\/\/www.trabzonmanset.com\/index.php\/wp-json\/wp\/v2\/media?parent=10368"}],"wp:term":[{"taxonomy":"category","embeddable":true,"href":"https:\/\/www.trabzonmanset.com\/index.php\/wp-json\/wp\/v2\/categories?post=10368"},{"taxonomy":"post_tag","embeddable":true,"href":"https:\/\/www.trabzonmanset.com\/index.php\/wp-json\/wp\/v2\/tags?post=10368"}],"curies":[{"name":"wp","href":"https:\/\/api.w.org\/{rel}","templated":true}]}}