{"id":10365,"date":"2026-03-06T16:30:00","date_gmt":"2026-03-06T13:30:00","guid":{"rendered":"https:\/\/www.trabzonmanset.com\/?p=10365"},"modified":"2026-03-06T18:02:00","modified_gmt":"2026-03-06T15:02:00","slug":"tebrizde-binlerce-kisinin-katilimiyla-cuma-namazi-kilindi","status":"publish","type":"post","link":"https:\/\/www.trabzonmanset.com\/index.php\/2026\/03\/06\/tebrizde-binlerce-kisinin-katilimiyla-cuma-namazi-kilindi\/","title":{"rendered":"Tebriz&#8217;de binlerce ki\u015finin kat\u0131l\u0131m\u0131yla cuma namaz\u0131 k\u0131l\u0131nd\u0131"},"content":{"rendered":"\n<p>ABD ve \u0130srail&#8217;in her g\u00fcn hava sald\u0131r\u0131s\u0131 d\u00fczenledi\u011fi \u0130ran&#8217;\u0131n Tebriz kentinde dikkat \u00e7eken g\u00f6r\u00fcnt\u00fcler kaydedildi. Kentte cuma namaz\u0131 binlerce ki\u015finin kat\u0131l\u0131m\u0131yla k\u0131l\u0131nd\u0131.<\/p>\n\n\n\n<ul class=\"wp-block-list\">\n<li>Tebriz&#8217;de binlerce ki\u015fi cuma namaz\u0131 k\u0131ld\u0131.<\/li>\n\n\n\n<li>ABD ve \u0130srail&#8217;in hava sald\u0131r\u0131lar\u0131 Tebriz&#8217;i hedef al\u0131yor.<\/li>\n\n\n\n<li>Cuma namaz\u0131 geni\u015f g\u00fcvenlik \u00f6nlemleri alt\u0131nda ger\u00e7ekle\u015ftirildi.<\/li>\n\n\n\n<li><\/li>\n<\/ul>\n\n\n\n<p><strong>\u0130ran<\/strong>&#8216;\u0131n kuzeybat\u0131s\u0131nda yer alan Tebriz kenti, ABD ve \u0130srail&#8217;in devam eden hava sald\u0131r\u0131lar\u0131n\u0131n hedefi olurken, \u015fehirde kaydedilen son g\u00f6r\u00fcnt\u00fcler dikkat \u00e7ekti.<\/p>\n\n\n\n<h3 class=\"wp-block-heading\">TEBR\u0130Z&#8217;DE HAYAT HER \u015eEYE RA\u011eMEN DEVAM ED\u0130YOR<\/h3>\n\n\n\n<p>Askeri \u00fcslerin ve stratejik noktalar\u0131n hedef al\u0131nd\u0131\u011f\u0131 b\u00f6lgede, bombard\u0131manlar\u0131n g\u00f6lgesinde sivil ya\u015fam\u0131n s\u00fcrd\u00fc\u011f\u00fc g\u00f6zlendi.<\/p>\n\n\n\n<h3 class=\"wp-block-heading\">CUMA NAMAZINDA B\u0130NLERCE K\u0130\u015e\u0130 SAF TUTTU<\/h3>\n\n\n\n<p>Sald\u0131r\u0131lar\u0131n yo\u011funla\u015ft\u0131\u011f\u0131 bir d\u00f6nemde binlerce Tebrizli, kentin meydanlar\u0131nda bir araya gelerek cuma namaz\u0131n\u0131 k\u0131ld\u0131. Geni\u015f g\u00fcvenlik \u00f6nlemleri alt\u0131nda ger\u00e7ekle\u015ftirilen toplu ibadet, b\u00f6lgedeki gerilime ra\u011fmen halk\u0131n sergiledi\u011fi kararl\u0131l\u0131\u011f\u0131n bir sembol\u00fc olarak uluslararas\u0131 kamuoyuna yans\u0131d\u0131.<\/p>\n\n\n\n<p><\/p>\n","protected":false},"excerpt":{"rendered":"<p>ABD ve \u0130srail&#8217;in her g\u00fcn hava sald\u0131r\u0131s\u0131 d\u00fczenledi\u011fi \u0130ran&#8217;\u0131n Tebriz kentinde dikkat \u00e7eken g\u00f6r\u00fcnt\u00fcler kaydedildi. Kentte cuma namaz\u0131 binlerce ki\u015finin kat\u0131l\u0131m\u0131yla k\u0131l\u0131nd\u0131. \u0130ran&#8216;\u0131n kuzeybat\u0131s\u0131nda yer alan Tebriz kenti, ABD ve \u0130srail&#8217;in devam eden hava sald\u0131r\u0131lar\u0131n\u0131n hedefi olurken, \u015fehirde kaydedilen son g\u00f6r\u00fcnt\u00fcler dikkat \u00e7ekti. TEBR\u0130Z&#8217;DE HAYAT HER \u015eEYE RA\u011eMEN DEVAM ED\u0130YOR Askeri \u00fcslerin ve stratejik noktalar\u0131n [&hellip;]<\/p>\n","protected":false},"author":1,"featured_media":10366,"comment_status":"open","ping_status":"open","sticky":false,"template":"","format":"standard","meta":{"footnotes":""},"categories":[127],"tags":[160,4447,172,4446],"class_list":["post-10365","post","type-post","status-publish","format-standard","has-post-thumbnail","hentry","category-dunya","tag-abd","tag-cuma-namazi","tag-israil","tag-tebriz"],"_links":{"self":[{"href":"https:\/\/www.trabzonmanset.com\/index.php\/wp-json\/wp\/v2\/posts\/10365","targetHints":{"allow":["GET"]}}],"collection":[{"href":"https:\/\/www.trabzonmanset.com\/index.php\/wp-json\/wp\/v2\/posts"}],"about":[{"href":"https:\/\/www.trabzonmanset.com\/index.php\/wp-json\/wp\/v2\/types\/post"}],"author":[{"embeddable":true,"href":"https:\/\/www.trabzonmanset.com\/index.php\/wp-json\/wp\/v2\/users\/1"}],"replies":[{"embeddable":true,"href":"https:\/\/www.trabzonmanset.com\/index.php\/wp-json\/wp\/v2\/comments?post=10365"}],"version-history":[{"count":1,"href":"https:\/\/www.trabzonmanset.com\/index.php\/wp-json\/wp\/v2\/posts\/10365\/revisions"}],"predecessor-version":[{"id":10367,"href":"https:\/\/www.trabzonmanset.com\/index.php\/wp-json\/wp\/v2\/posts\/10365\/revisions\/10367"}],"wp:featuredmedia":[{"embeddable":true,"href":"https:\/\/www.trabzonmanset.com\/index.php\/wp-json\/wp\/v2\/media\/10366"}],"wp:attachment":[{"href":"https:\/\/www.trabzonmanset.com\/index.php\/wp-json\/wp\/v2\/media?parent=10365"}],"wp:term":[{"taxonomy":"category","embeddable":true,"href":"https:\/\/www.trabzonmanset.com\/index.php\/wp-json\/wp\/v2\/categories?post=10365"},{"taxonomy":"post_tag","embeddable":true,"href":"https:\/\/www.trabzonmanset.com\/index.php\/wp-json\/wp\/v2\/tags?post=10365"}],"curies":[{"name":"wp","href":"https:\/\/api.w.org\/{rel}","templated":true}]}}