{"id":10362,"date":"2026-03-06T17:57:21","date_gmt":"2026-03-06T14:57:21","guid":{"rendered":"https:\/\/www.trabzonmanset.com\/?p=10362"},"modified":"2026-03-06T17:57:21","modified_gmt":"2026-03-06T14:57:21","slug":"israil-iranin-kaderinin-belirlendigi-noktayi-50-ucakla-vurdu","status":"publish","type":"post","link":"https:\/\/www.trabzonmanset.com\/index.php\/2026\/03\/06\/israil-iranin-kaderinin-belirlendigi-noktayi-50-ucakla-vurdu\/","title":{"rendered":"\u0130srail, \u0130ran&#8217;\u0131n kaderinin belirlendi\u011fi noktay\u0131 50 u\u00e7akla vurdu"},"content":{"rendered":"\n<p>\u0130srail ordusu, Tahran&#8217;da Ayetullah Ali Hamaney&#8217;e ait oldu\u011fu belirtilen yeralt\u0131 s\u0131\u011f\u0131na\u011f\u0131n\u0131 50 sava\u015f u\u00e7a\u011f\u0131yla vurduklar\u0131n\u0131 ve operasyonda yakla\u015f\u0131k 100 bomba kullan\u0131ld\u0131\u011f\u0131n\u0131 a\u00e7\u0131klad\u0131.<\/p>\n\n\n\n<ul class=\"wp-block-list\">\n<li>\u0130srail ordusu, \u0130ran&#8217;\u0131n ba\u015fkenti Tahran&#8217;da Ayetullah Ali Hamaney&#8217;e ait oldu\u011fu belirtilen yeralt\u0131 s\u0131\u011f\u0131na\u011f\u0131n\u0131 hedef ald\u0131\u011f\u0131n\u0131 a\u00e7\u0131klad\u0131.<\/li>\n\n\n\n<li>\u0130srail askeri yetkilileri, operasyonda s\u0131\u011f\u0131na\u011f\u0131n yakla\u015f\u0131k 50 sava\u015f u\u00e7a\u011f\u0131yla bombaland\u0131\u011f\u0131n\u0131 duyurdu.<\/li>\n\n\n\n<li>\u0130srail ordusu, s\u0131\u011f\u0131na\u011f\u0131n imhas\u0131n\u0131n \u0130ran&#8217;\u0131n komuta ve kontrol kapasitesine ciddi zarar verdi\u011fini savundu.<\/li>\n<\/ul>\n\n\n\n<p><strong>\u0130srail<\/strong> ordusu, <strong>\u0130ran<\/strong>&#8216;\u0131n ba\u015fkenti Tahran&#8217;da \u00f6ld\u00fcr\u00fclen dini lider Ayetullah Ali Hamaney&#8217;e ait oldu\u011fu belirtilen yeralt\u0131 s\u0131\u011f\u0131na\u011f\u0131n\u0131n hedef al\u0131nd\u0131\u011f\u0131n\u0131 a\u00e7\u0131klad\u0131. \u0130srail askeri yetkilileri, operasyon kapsam\u0131nda s\u0131\u011f\u0131na\u011f\u0131n yakla\u015f\u0131k 50 sava\u015f u\u00e7a\u011f\u0131yla bombaland\u0131\u011f\u0131n\u0131 duyurdu.<\/p>\n\n\n\n<h3 class=\"wp-block-heading\">&#8220;100 BOMBA ATILDI&#8221; \u0130DD\u0130ASI<\/h3>\n\n\n\n<p>\u0130srail Hava Kuvvetleri&#8217;nin ger\u00e7ekle\u015ftirdi\u011fi operasyonda, \u0130ran y\u00f6netiminin \u00fcst d\u00fczey isimlerinin topland\u0131\u011f\u0131 \u00f6ne s\u00fcr\u00fclen b\u00f6lgeye yakla\u015f\u0131k 100 bomba b\u0131rak\u0131ld\u0131\u011f\u0131 iddia edildi. \u0130srail ordusu, s\u00f6z konusu s\u0131\u011f\u0131na\u011f\u0131n imha edilmesinin \u0130ran&#8217;\u0131n komuta ve kontrol kapasitesine ciddi zarar verdi\u011fini savundu.<\/p>\n\n\n\n<h3 class=\"wp-block-heading\">SAVA\u015eI BURADAN Y\u00d6NET\u0130YORLARDI<\/h3>\n\n\n\n<p>Askeri kaynaklar, yeralt\u0131 s\u0131\u011f\u0131na\u011f\u0131n\u0131n liderlik yerle\u015fkesinin alt\u0131nda in\u015fa edildi\u011fini ve \u0130ran y\u00f6netimi taraf\u0131ndan sava\u015f\u0131n y\u00f6netilmesi i\u00e7in g\u00fcvenli bir acil durum merkezi olarak kullan\u0131ld\u0131\u011f\u0131n\u0131 belirtti. Kaynaklar ayr\u0131ca Ayetullah Ali Hamaney&#8217;in bu s\u0131\u011f\u0131na\u011f\u0131 kullanmaya f\u0131rsat bulamadan hayat\u0131n\u0131 kaybetti\u011fini \u00f6ne s\u00fcrd\u00fc.<\/p>\n\n\n\n<h3 class=\"wp-block-heading\">T\u00dcM G\u00d6ZLER B\u00d6LGEDE<\/h3>\n\n\n\n<p>B\u00f6lgede gerilim t\u0131rman\u0131rken sald\u0131r\u0131ya ili\u015fkin \u0130ran taraf\u0131ndan hen\u00fcz resmi bir a\u00e7\u0131klama yap\u0131lmad\u0131. Tahran&#8217;daki geli\u015fmeler uluslararas\u0131 kamuoyu taraf\u0131ndan yak\u0131ndan izleniyor.<\/p>\n\n\n\n<p><\/p>\n","protected":false},"excerpt":{"rendered":"<p>\u0130srail ordusu, Tahran&#8217;da Ayetullah Ali Hamaney&#8217;e ait oldu\u011fu belirtilen yeralt\u0131 s\u0131\u011f\u0131na\u011f\u0131n\u0131 50 sava\u015f u\u00e7a\u011f\u0131yla vurduklar\u0131n\u0131 ve operasyonda yakla\u015f\u0131k 100 bomba kullan\u0131ld\u0131\u011f\u0131n\u0131 a\u00e7\u0131klad\u0131. \u0130srail ordusu, \u0130ran&#8216;\u0131n ba\u015fkenti Tahran&#8217;da \u00f6ld\u00fcr\u00fclen dini lider Ayetullah Ali Hamaney&#8217;e ait oldu\u011fu belirtilen yeralt\u0131 s\u0131\u011f\u0131na\u011f\u0131n\u0131n hedef al\u0131nd\u0131\u011f\u0131n\u0131 a\u00e7\u0131klad\u0131. \u0130srail askeri yetkilileri, operasyon kapsam\u0131nda s\u0131\u011f\u0131na\u011f\u0131n yakla\u015f\u0131k 50 sava\u015f u\u00e7a\u011f\u0131yla bombaland\u0131\u011f\u0131n\u0131 duyurdu. &#8220;100 BOMBA [&hellip;]<\/p>\n","protected":false},"author":1,"featured_media":10363,"comment_status":"open","ping_status":"open","sticky":false,"template":"","format":"standard","meta":{"footnotes":""},"categories":[127],"tags":[4369,181,2684,3193],"class_list":["post-10362","post","type-post","status-publish","format-standard","has-post-thumbnail","hentry","category-dunya","tag-ayetullah-ali-hamaney","tag-iran","tag-israil-ordusu","tag-tahran"],"_links":{"self":[{"href":"https:\/\/www.trabzonmanset.com\/index.php\/wp-json\/wp\/v2\/posts\/10362","targetHints":{"allow":["GET"]}}],"collection":[{"href":"https:\/\/www.trabzonmanset.com\/index.php\/wp-json\/wp\/v2\/posts"}],"about":[{"href":"https:\/\/www.trabzonmanset.com\/index.php\/wp-json\/wp\/v2\/types\/post"}],"author":[{"embeddable":true,"href":"https:\/\/www.trabzonmanset.com\/index.php\/wp-json\/wp\/v2\/users\/1"}],"replies":[{"embeddable":true,"href":"https:\/\/www.trabzonmanset.com\/index.php\/wp-json\/wp\/v2\/comments?post=10362"}],"version-history":[{"count":1,"href":"https:\/\/www.trabzonmanset.com\/index.php\/wp-json\/wp\/v2\/posts\/10362\/revisions"}],"predecessor-version":[{"id":10364,"href":"https:\/\/www.trabzonmanset.com\/index.php\/wp-json\/wp\/v2\/posts\/10362\/revisions\/10364"}],"wp:featuredmedia":[{"embeddable":true,"href":"https:\/\/www.trabzonmanset.com\/index.php\/wp-json\/wp\/v2\/media\/10363"}],"wp:attachment":[{"href":"https:\/\/www.trabzonmanset.com\/index.php\/wp-json\/wp\/v2\/media?parent=10362"}],"wp:term":[{"taxonomy":"category","embeddable":true,"href":"https:\/\/www.trabzonmanset.com\/index.php\/wp-json\/wp\/v2\/categories?post=10362"},{"taxonomy":"post_tag","embeddable":true,"href":"https:\/\/www.trabzonmanset.com\/index.php\/wp-json\/wp\/v2\/tags?post=10362"}],"curies":[{"name":"wp","href":"https:\/\/api.w.org\/{rel}","templated":true}]}}