{"id":10356,"date":"2026-03-06T14:20:00","date_gmt":"2026-03-06T11:20:00","guid":{"rendered":"https:\/\/www.trabzonmanset.com\/?p=10356"},"modified":"2026-03-06T17:47:52","modified_gmt":"2026-03-06T14:47:52","slug":"feto-firarisi-sadan-sakinanin-ifadesi-ortaya-cikti-sempati-duzeyinde-yalnizca-gorusmelerim-olmustur","status":"publish","type":"post","link":"https:\/\/www.trabzonmanset.com\/index.php\/2026\/03\/06\/feto-firarisi-sadan-sakinanin-ifadesi-ortaya-cikti-sempati-duzeyinde-yalnizca-gorusmelerim-olmustur\/","title":{"rendered":"FET\u00d6 firarisi \u015eadan Sak\u0131nan\u2019\u0131n ifadesi ortaya \u00e7\u0131kt\u0131: &#8220;Sempati d\u00fczeyinde yaln\u0131zca g\u00f6r\u00fc\u015fmelerim olmu\u015ftur&#8221;"},"content":{"rendered":"\n<p>Ankara\u2019da yakalanarak tutuklanan eski Ankara Cumhuriyet Ba\u015fsavc\u0131vekili \u015eadan Sak\u0131nan\u2019\u0131n ifadesi ortaya \u00e7\u0131kt\u0131. Sak\u0131nan ifadesinde, &#8220;Benim sempati d\u00fczeyinde yaln\u0131zca g\u00f6r\u00fc\u015fmelerim olmu\u015ftur, \u00f6rg\u00fct \u00fcyesi gibi herhangi bir eylemim olmam\u0131\u015ft\u0131r&#8221; dedi.<\/p>\n\n\n\n<p>Ankara Cumhuriyet Ba\u015fsavc\u0131l\u0131\u011f\u0131nca y\u00fcr\u00fct\u00fclen FET\u00d6 yarg\u0131 yap\u0131lanmas\u0131na y\u00f6nelik soru\u015fturma \u00e7er\u00e7evesinde 10 y\u0131ld\u0131r gri kategoride aranan ve ge\u00e7ti\u011fimiz g\u00fcnlerde yakalanan eski Ankara Cumhuriyet Ba\u015fsavc\u0131vekili \u015eadan Sak\u0131nan, emniyetteki i\u015flemlerinin ard\u0131ndan d\u00fcn sa\u011fl\u0131k kontrol\u00fcnden ge\u00e7irilerek Ankara Adliyesi\u2019ne getirilmi\u015fti. Soru\u015fturmay\u0131 y\u00fcr\u00fcten savc\u0131ya ifade veren Sak\u0131nan, tutuklama talebiyle Sulh Ceza hakimli\u011fine sevk edilmi\u015fti. Sak\u0131nan, ifadesinin ard\u0131ndan ak\u015fam saatlerinde &#8220;silahl\u0131 ter\u00f6r \u00f6rg\u00fct\u00fcne \u00fcye olma&#8221; su\u00e7undan tutuklanm\u0131\u015ft\u0131. \u015eadan Sak\u0131nan\u2019\u0131n ifadesi ortaya \u00e7\u0131kt\u0131.<\/p>\n\n\n\n<p><strong>&#8220;Sempati d\u00fczeyinde yaln\u0131zca g\u00f6r\u00fc\u015fmelerim olmu\u015ftur&#8221;<\/strong><\/p>\n\n\n\n<p>Hakimlikteki ifadesinde Sak\u0131nan, &#8220;Emniyette bu hususta ayr\u0131nt\u0131l\u0131 savunmam\u0131 yapt\u0131m, aynen tekrar ederim. \u00dczerime at\u0131l\u0131 su\u00e7lamay\u0131 kabul etmiyorum. Benim sempati d\u00fczeyinde yaln\u0131zca g\u00f6r\u00fc\u015fmelerim olmu\u015ftur, \u00f6rg\u00fct \u00fcyesi gibi herhangi bir eylemim olmam\u0131\u015ft\u0131r. 15 Temmuz \u00f6ncesi dahi diyaloglar\u0131m\u0131z bu \u015fekildedir. Sadece mesleki ili\u015fki \u00e7er\u00e7evesinde meslekta\u015flar\u0131mla diyaloglar\u0131 olmu\u015ftur&#8221; dedi.<\/p>\n\n\n\n<p><strong>&#8220;Endi\u015fe ve korku sebebiyle ikametimden d\u0131\u015far\u0131 \u00e7\u0131kmad\u0131m&#8221;<\/strong><\/p>\n\n\n\n<p>Sak\u0131nan yakalanmas\u0131na ili\u015fkin, &#8220;Bu dosyayla alakal\u0131 evde yakaland\u0131m. Bu dosyada 15 Temmuz sonras\u0131 ka\u00e7ak olmamdan dolay\u0131 ayr\u0131ca \u00f6rg\u00fct \u00fcyeli\u011fi s\u00f6z konusudur. Ben evimdeydim, resmi ikametgah\u0131mdayd\u0131m, d\u0131\u015far\u0131 \u00e7\u0131kmad\u0131m. Bunun da gerek\u00e7eleri vard\u0131. \u00c7\u00fcnk\u00fc 15 Temmuz \u00f6ncesi ya\u015fad\u0131\u011f\u0131m hadiselerden dolay\u0131, o d\u00f6nemden sonra ya\u015fad\u0131\u011f\u0131m endi\u015fe ve korku sebebiyle ikametimden d\u0131\u015far\u0131 \u00e7\u0131kmad\u0131m&#8221; iddialar\u0131nda bulundu.<\/p>\n\n\n\n<p><strong>&#8220;Yurtd\u0131\u015f\u0131na ka\u00e7ard\u0131m&#8221;<\/strong><\/p>\n\n\n\n<p>S\u00fcre\u00e7 i\u00e7erisinde yarg\u0131sal ve sivil olarak hi\u00e7bir \u00f6rg\u00fct mensubuyla durumla alakal\u0131 g\u00f6r\u00fc\u015fmedi\u011fini iddia eden Sak\u0131nan, &#8220;\u00d6yle bir niyetim olsa \u00e7o\u011fu insan gibi yurtd\u0131\u015f\u0131na ka\u00e7ard\u0131m. \u0130rtibat kursayd\u0131m giderdim. \u00dclkemi sevdi\u011fim i\u00e7in gitmeye tenezz\u00fcl etmedim&#8221; dedi. Sak\u0131nan, su\u00e7suz oldu\u011funu savunarak, beraat\u0131n\u0131 talep etti.<\/p>\n\n\n\n<p>kaynak: iha<\/p>\n","protected":false},"excerpt":{"rendered":"<p>Ankara\u2019da yakalanarak tutuklanan eski Ankara Cumhuriyet Ba\u015fsavc\u0131vekili \u015eadan Sak\u0131nan\u2019\u0131n ifadesi ortaya \u00e7\u0131kt\u0131. Sak\u0131nan ifadesinde, &#8220;Benim sempati d\u00fczeyinde yaln\u0131zca g\u00f6r\u00fc\u015fmelerim olmu\u015ftur, \u00f6rg\u00fct \u00fcyesi gibi herhangi bir eylemim olmam\u0131\u015ft\u0131r&#8221; dedi. Ankara Cumhuriyet Ba\u015fsavc\u0131l\u0131\u011f\u0131nca y\u00fcr\u00fct\u00fclen FET\u00d6 yarg\u0131 yap\u0131lanmas\u0131na y\u00f6nelik soru\u015fturma \u00e7er\u00e7evesinde 10 y\u0131ld\u0131r gri kategoride aranan ve ge\u00e7ti\u011fimiz g\u00fcnlerde yakalanan eski Ankara Cumhuriyet Ba\u015fsavc\u0131vekili \u015eadan Sak\u0131nan, emniyetteki i\u015flemlerinin [&hellip;]<\/p>\n","protected":false},"author":1,"featured_media":10357,"comment_status":"open","ping_status":"open","sticky":false,"template":"","format":"standard","meta":{"footnotes":""},"categories":[1371,1],"tags":[3761,4445,4444],"class_list":["post-10356","post","type-post","status-publish","format-standard","has-post-thumbnail","hentry","category-asayis","category-gundem","tag-ankara-cumhuriyet-bassavciligi","tag-feto","tag-sadan-sakinan"],"_links":{"self":[{"href":"https:\/\/www.trabzonmanset.com\/index.php\/wp-json\/wp\/v2\/posts\/10356","targetHints":{"allow":["GET"]}}],"collection":[{"href":"https:\/\/www.trabzonmanset.com\/index.php\/wp-json\/wp\/v2\/posts"}],"about":[{"href":"https:\/\/www.trabzonmanset.com\/index.php\/wp-json\/wp\/v2\/types\/post"}],"author":[{"embeddable":true,"href":"https:\/\/www.trabzonmanset.com\/index.php\/wp-json\/wp\/v2\/users\/1"}],"replies":[{"embeddable":true,"href":"https:\/\/www.trabzonmanset.com\/index.php\/wp-json\/wp\/v2\/comments?post=10356"}],"version-history":[{"count":1,"href":"https:\/\/www.trabzonmanset.com\/index.php\/wp-json\/wp\/v2\/posts\/10356\/revisions"}],"predecessor-version":[{"id":10358,"href":"https:\/\/www.trabzonmanset.com\/index.php\/wp-json\/wp\/v2\/posts\/10356\/revisions\/10358"}],"wp:featuredmedia":[{"embeddable":true,"href":"https:\/\/www.trabzonmanset.com\/index.php\/wp-json\/wp\/v2\/media\/10357"}],"wp:attachment":[{"href":"https:\/\/www.trabzonmanset.com\/index.php\/wp-json\/wp\/v2\/media?parent=10356"}],"wp:term":[{"taxonomy":"category","embeddable":true,"href":"https:\/\/www.trabzonmanset.com\/index.php\/wp-json\/wp\/v2\/categories?post=10356"},{"taxonomy":"post_tag","embeddable":true,"href":"https:\/\/www.trabzonmanset.com\/index.php\/wp-json\/wp\/v2\/tags?post=10356"}],"curies":[{"name":"wp","href":"https:\/\/api.w.org\/{rel}","templated":true}]}}