{"id":10354,"date":"2026-03-06T14:42:00","date_gmt":"2026-03-06T11:42:00","guid":{"rendered":"https:\/\/www.trabzonmanset.com\/?p=10354"},"modified":"2026-03-06T17:43:46","modified_gmt":"2026-03-06T14:43:46","slug":"cumhurbaskani-erdogan-italya-basbakani-meloni-ile-telefonda-gorustu","status":"publish","type":"post","link":"https:\/\/www.trabzonmanset.com\/index.php\/2026\/03\/06\/cumhurbaskani-erdogan-italya-basbakani-meloni-ile-telefonda-gorustu\/","title":{"rendered":"Cumhurba\u015fkan\u0131 Erdo\u011fan, \u0130talya Ba\u015fbakan\u0131 Meloni ile telefonda g\u00f6r\u00fc\u015ft\u00fc"},"content":{"rendered":"\n<p>Cumhurba\u015fkan\u0131 Recep Tayyip Erdo\u011fan, \u0130talya Ba\u015fbakan\u0131 Giorgia Meloni ile telefon g\u00f6r\u00fc\u015fmesi ger\u00e7ekle\u015ftirdi. G\u00f6r\u00fc\u015fmede T\u00fcrkiye-\u0130talya ili\u015fkileri ile b\u00f6lgesel ve k\u00fcresel geli\u015fmeler ele al\u0131nd\u0131.<\/p>\n\n\n\n<p>Cumhurba\u015fkan\u0131 Recep Tayyip Erdo\u011fan, \u0130talya Ba\u015fbakan\u0131 Giorgia Meloni ile telefon g\u00f6r\u00fc\u015fmesi ger\u00e7ekle\u015ftirdi. G\u00f6r\u00fc\u015fmede T\u00fcrkiye ile \u0130talya aras\u0131ndaki ikili ili\u015fkilerin yan\u0131 s\u0131ra, b\u00f6lgede ya\u015fanan \u00e7at\u0131\u015fmal\u0131 s\u00fcrecin seyri ba\u015fta olmak \u00fczere b\u00f6lgesel ve k\u00fcresel geli\u015fmeler ele al\u0131nd\u0131. Cumhurba\u015fkan\u0131 Erdo\u011fan g\u00f6r\u00fc\u015fmede, T\u00fcrkiye ile \u0130talya aras\u0131ndaki i\u015f birli\u011fini ticaret ba\u015fta olmak \u00fczere her alanda daha ileriye ta\u015f\u0131mak i\u00e7in \u00e7al\u0131\u015fmalar\u0131n s\u00fcrd\u00fc\u011f\u00fcn\u00fc ifade etti. Erdo\u011fan, T\u00fcrkiye\u2019nin \u0130ran\u2019daki geli\u015fmeleri ve b\u00f6lgeye yans\u0131malar\u0131n\u0131 yak\u0131ndan takip etti\u011fini belirterek, istikrars\u0131zl\u0131\u011f\u0131 art\u0131r\u0131c\u0131 ad\u0131mlardan ka\u00e7\u0131n\u0131lmas\u0131 konusunda taraflara gerekli telkinlerin yap\u0131ld\u0131\u011f\u0131n\u0131 dile getirdi.<\/p>\n\n\n\n<p>T\u00fcrkiye olarak diplomasi zemininin g\u00fc\u00e7lendirilmesini savunduklar\u0131n\u0131 dile getiren Erdo\u011fan, bunun i\u00e7in uluslararas\u0131 camian\u0131n birlikte \u00e7al\u0131\u015fmas\u0131 gerekti\u011fini, \u00e7at\u0131\u015fmal\u0131 s\u00fcrecin k\u00fcresel g\u00fcvenli\u011fi de tehlikeye d\u00fc\u015f\u00fcrebilecek riskler bar\u0131nd\u0131rd\u0131\u011f\u0131n\u0131 belirtti. Cumhurba\u015fkan\u0131 Erdo\u011fan ayr\u0131ca, b\u00f6lgede ve d\u00fcnyada ya\u015fanan \u00e7at\u0131\u015fmalar\u0131n NATO m\u00fcttefiklerinin \u00f6zellikle savunma sanayii alan\u0131nda i\u015f birli\u011fini art\u0131rmas\u0131n\u0131n \u00f6nemini bir kez daha ortaya koydu\u011funu ifade etti.<\/p>\n\n\n\n<p>Kaynak: \u0130HA<\/p>\n","protected":false},"excerpt":{"rendered":"<p>Cumhurba\u015fkan\u0131 Recep Tayyip Erdo\u011fan, \u0130talya Ba\u015fbakan\u0131 Giorgia Meloni ile telefon g\u00f6r\u00fc\u015fmesi ger\u00e7ekle\u015ftirdi. G\u00f6r\u00fc\u015fmede T\u00fcrkiye-\u0130talya ili\u015fkileri ile b\u00f6lgesel ve k\u00fcresel geli\u015fmeler ele al\u0131nd\u0131. Cumhurba\u015fkan\u0131 Recep Tayyip Erdo\u011fan, \u0130talya Ba\u015fbakan\u0131 Giorgia Meloni ile telefon g\u00f6r\u00fc\u015fmesi ger\u00e7ekle\u015ftirdi. G\u00f6r\u00fc\u015fmede T\u00fcrkiye ile \u0130talya aras\u0131ndaki ikili ili\u015fkilerin yan\u0131 s\u0131ra, b\u00f6lgede ya\u015fanan \u00e7at\u0131\u015fmal\u0131 s\u00fcrecin seyri ba\u015fta olmak \u00fczere b\u00f6lgesel ve k\u00fcresel geli\u015fmeler [&hellip;]<\/p>\n","protected":false},"author":1,"featured_media":10351,"comment_status":"open","ping_status":"open","sticky":false,"template":"","format":"standard","meta":{"footnotes":""},"categories":[11],"tags":[846,1638,155,154],"class_list":["post-10354","post","type-post","status-publish","format-standard","has-post-thumbnail","hentry","category-manset","tag-cumhurbaskani-erdogan","tag-giorgia-meloni","tag-italya","tag-turkiye"],"_links":{"self":[{"href":"https:\/\/www.trabzonmanset.com\/index.php\/wp-json\/wp\/v2\/posts\/10354","targetHints":{"allow":["GET"]}}],"collection":[{"href":"https:\/\/www.trabzonmanset.com\/index.php\/wp-json\/wp\/v2\/posts"}],"about":[{"href":"https:\/\/www.trabzonmanset.com\/index.php\/wp-json\/wp\/v2\/types\/post"}],"author":[{"embeddable":true,"href":"https:\/\/www.trabzonmanset.com\/index.php\/wp-json\/wp\/v2\/users\/1"}],"replies":[{"embeddable":true,"href":"https:\/\/www.trabzonmanset.com\/index.php\/wp-json\/wp\/v2\/comments?post=10354"}],"version-history":[{"count":1,"href":"https:\/\/www.trabzonmanset.com\/index.php\/wp-json\/wp\/v2\/posts\/10354\/revisions"}],"predecessor-version":[{"id":10355,"href":"https:\/\/www.trabzonmanset.com\/index.php\/wp-json\/wp\/v2\/posts\/10354\/revisions\/10355"}],"wp:featuredmedia":[{"embeddable":true,"href":"https:\/\/www.trabzonmanset.com\/index.php\/wp-json\/wp\/v2\/media\/10351"}],"wp:attachment":[{"href":"https:\/\/www.trabzonmanset.com\/index.php\/wp-json\/wp\/v2\/media?parent=10354"}],"wp:term":[{"taxonomy":"category","embeddable":true,"href":"https:\/\/www.trabzonmanset.com\/index.php\/wp-json\/wp\/v2\/categories?post=10354"},{"taxonomy":"post_tag","embeddable":true,"href":"https:\/\/www.trabzonmanset.com\/index.php\/wp-json\/wp\/v2\/tags?post=10354"}],"curies":[{"name":"wp","href":"https:\/\/api.w.org\/{rel}","templated":true}]}}