{"id":10347,"date":"2026-03-05T22:14:20","date_gmt":"2026-03-05T19:14:20","guid":{"rendered":"https:\/\/www.trabzonmanset.com\/?p=10347"},"modified":"2026-03-05T22:14:21","modified_gmt":"2026-03-05T19:14:21","slug":"cumhurbaskani-erdogan-irani-acikca-uyardi","status":"publish","type":"post","link":"https:\/\/www.trabzonmanset.com\/index.php\/2026\/03\/05\/cumhurbaskani-erdogan-irani-acikca-uyardi\/","title":{"rendered":"Cumhurba\u015fkan\u0131 Erdo\u011fan, \u0130ran&#8217;\u0131 a\u00e7\u0131k\u00e7a uyard\u0131"},"content":{"rendered":"\n<p>Hatay&#8217;da d\u00fc\u015f\u00fcr\u00fclen \u0130ran f\u00fczesine ili\u015fkin a\u00e7\u0131klamalarda bulunan Cumhurba\u015fkan\u0131 Erdo\u011fan, &#8220;Benzer bir olay\u0131n tekerr\u00fcr etmemesi i\u00e7in gerekli ikazlarda bulunduk. T\u00fcrkiye&#8217;nin dostlu\u011funun \u00f6nemi bilinmeli. Hi\u00e7 kimse kom\u015fuluk hukukunu zedeleyen hatal\u0131 bir tav\u0131r i\u00e7inde olmamal\u0131d\u0131r&#8221; ifadelerini kulland\u0131.<\/p>\n\n\n\n<ul class=\"wp-block-list\">\n<li>Cumhurba\u015fkan\u0131 Erdo\u011fan, Hatay&#8217;da d\u00fc\u015f\u00fcr\u00fclen balistik m\u00fchimmat konusunda \u0130ran&#8217;a gerekli uyar\u0131lar\u0131n yap\u0131ld\u0131\u011f\u0131n\u0131 a\u00e7\u0131klad\u0131.<\/li>\n\n\n\n<li>T\u00fcrkiye ekonomisi 2025 y\u0131l\u0131nda y\u00fczde 3,6 b\u00fcy\u00fcd\u00fc ve milli gelir 1,6 trilyon dolara y\u00fckseldi.<\/li>\n\n\n\n<li>T\u00fcrkiye, akaryak\u0131t fiyatlar\u0131ndaki art\u0131\u015flar\u0131n \u00f6n\u00fcne ge\u00e7mek i\u00e7in e\u015fel mobil sistemini devreye ald\u0131.<\/li>\n<\/ul>\n\n\n\n<p>Cumhurba\u015fkan\u0131 Recep Tayyip Erdo\u011fan, Be\u015ftepe Millet Sergi Salonu&#8217;nda d\u00fczenlenen esnaf ve sanatkarlarla iftar program\u0131nda konu\u015ftu.<\/p>\n\n\n\n<p>G\u00fcndeme dair \u00f6nemli a\u00e7\u0131klamalarda bulunan Erdo\u011fan, Hatay&#8217;da d\u00fc\u015f\u00fcr\u00fclen balistik m\u00fchimmat konusunda \u0130ran&#8217;a gerekli uyar\u0131lar\u0131n yap\u0131ld\u0131\u011f\u0131n\u0131 belirtti. Erdo\u011fan, &#8220;\u00dclkemizin g\u00fcvenli\u011fine y\u00f6nelik bir riskin ortaya \u00e7\u0131kmas\u0131 durumunda m\u00fcttefiklerimizle koordinasyon halinde b\u00fct\u00fcn \u00f6nlemleri titizlikle al\u0131yoruz. D\u00fcnk\u00fc hadisede hassasiyetimizi \u00e7ok a\u00e7\u0131k ve net g\u00f6sterdik. Benzer bir olay\u0131n tekerr\u00fcr etmemesi i\u00e7in de gerekli ikazlarda bulunduk. <strong>T\u00fcrkiye<\/strong>&#8216;nin dostlu\u011funun, kadri k\u0131ymetinin bilinmesinin \u00f6nemine dikkat \u00e7ektik&#8221; ifadelerini kulland\u0131.<\/p>\n\n\n\n<p><strong>Cumhurba\u015fkan\u0131 Erdo\u011fan&#8217;\u0131n konu\u015fmas\u0131ndan \u00f6ne \u00e7\u0131kan ba\u015fl\u0131klar \u015f\u00f6yle:<\/strong><\/p>\n\n\n\n<p>&#8220;D\u00fcnyam\u0131z yak\u0131n tarihte e\u015fi benzeri g\u00f6r\u00fclmemi\u015f g\u00fcnler ya\u015f\u0131yor. Sava\u015f ve s\u0131cak \u00e7at\u0131\u015fmalara her g\u00fcn bir yenisi ekleniyor. Ne yaz\u0131k ki ba\u015fta bat\u0131 d\u00fcnyas\u0131 olmak \u00fczere uluslararas\u0131 toplum, b\u00fct\u00fcn bu olanlar\u0131 bir kez daha sadece izlemekle yetiniyor. Kom\u015fumuz \u0130ran&#8217;a y\u00f6nelik hava sald\u0131r\u0131lar\u0131yla b\u00f6lgesel gerilim, \u00fcrk\u00fct\u00fcc\u00fc bir boyut kazand\u0131. Aralar\u0131nda masum \u00e7ocuklar\u0131n oldu\u011fu y\u00fczlerce sivil hayat\u0131n\u0131 kaybetti. \u0130ran&#8217;\u0131n b\u00f6lgedeki di\u011fer \u00fclkelere g\u00f6nderdi\u011fi f\u00fczeler ve kamikaze \u0130HA&#8217;lar ise ate\u015fin \u00e7ok daha b\u00fcy\u00fck bir alana yay\u0131lma riskini ortaya \u00e7\u0131kard\u0131.<\/p>\n\n\n\n<figure class=\"wp-block-image\"><img decoding=\"async\" src=\"https:\/\/foto.haberler.com\/crop\/640x414\/haber\/2026\/03\/05\/cumhurbaskani-erdogan-iran-i-acikca-uyardi-19628534_625_m.jpg\" alt=\"Cumhurba\u015fkan\u0131 Erdo\u011fan, \u0130ran'\u0131 a\u00e7\u0131k\u00e7a uyard\u0131: \u0130kazlarda bulunduk, dostlu\u011fumuzun \u00f6nemi bilinmeli\"\/><\/figure>\n\n\n\n<h3 class=\"wp-block-heading\">&#8220;E\u015eEL MOB\u0130L S\u0130STEM\u0130N\u0130 DEVREYE ALDIK&#8221;<\/h3>\n\n\n\n<p>H\u00fcrm\u00fcz bo\u011faz\u0131n\u0131n kapat\u0131ld\u0131\u011f\u0131n\u0131n a\u00e7\u0131klanmas\u0131 ile birlikte petrol ve do\u011falgaz fiyatlar\u0131nda y\u00fczde 20&#8217;lere varan art\u0131\u015flar oldu. Biz de akaryak\u0131t fiyatlar\u0131nda bu jeopolitik geli\u015fmelerin, kaynakl\u0131 art\u0131\u015flar\u0131n \u00f6n\u00fcne ge\u00e7mek amac\u0131yla e\u015fel mobil sistemini devreye ald\u0131k. Buna g\u00f6re benzin, motorin ve LPG&#8217;nin fiyat\u0131 artarsa art\u0131\u015f tutar\u0131n\u0131n y\u00fczde 75&#8217;ine kadar\u0131 bu \u00fcr\u00fcnlerin \u00d6TV&#8217;sinin indirilmesi suretiyle uygulanacak. Yani bu \u00fcr\u00fcnlerdeki fiyat art\u0131\u015f\u0131n\u0131n 10 lira olmas\u0131 halinde bu tutar\u0131n sadece 2,5 liras\u0131 tabelaya yans\u0131yacak, geri kalan 7,5 lira vergiden kar\u015f\u0131lanacak. B\u00f6ylece hem akaryak\u0131t fiyatlar\u0131 bahanesi ile f\u0131rsat\u00e7\u0131lar\u0131n piyasay\u0131 bozmas\u0131n\u0131 engellemi\u015f hem de petrol ve do\u011falgaz fiyatlar\u0131ndaki dalgalanma dinene kadar devlet olarak vatanda\u015f\u0131m\u0131z\u0131n y\u00fck\u00fcn\u00fc payla\u015fm\u0131\u015f olaca\u011f\u0131z.<\/p>\n\n\n\n<h3 class=\"wp-block-heading\">&#8220;HASSAS\u0130YET\u0130M\u0130Z\u0130 \u00c7OK A\u00c7IK VE NET G\u00d6STERD\u0130K&#8221;<\/h3>\n\n\n\n<p>Ekonomiden ticarete, g\u00fcvenlikten turizme ve tar\u0131ma geni\u015f bir alanda menfi yans\u0131malar\u0131 olan t\u00fcm bu geli\u015fmeleri dikkatle takip ediyoruz. Bilhassa hudutlar\u0131m\u0131z\u0131n ve hava saham\u0131z\u0131n g\u00fcvenli\u011finin sa\u011flanmas\u0131nda en k\u00fc\u00e7\u00fck bir ihmal ve teredd\u00fct g\u00f6stermiyoruz. \u00dclkemizin g\u00fcvenli\u011fine y\u00f6nelik bir riskin ortaya \u00e7\u0131kmas\u0131 durumunda ise m\u00fcttefiklerimizle koordinasyon halinde b\u00fct\u00fcn \u00f6nlemleri titizlikle al\u0131yoruz. D\u00fcnk\u00fc hadisede hassasiyetimizi \u00e7ok a\u00e7\u0131k ve net g\u00f6sterdik. Benzer bir olay\u0131n tekerr\u00fcr etmemesi i\u00e7in de gerekli ikazlarda bulunduk. <strong>T\u00fcrkiye<\/strong>&#8216;nin dostlu\u011funun, kadri k\u0131ymetinin bilinmesinin \u00f6nemine dikkat \u00e7ektik. \u00dclke ve millet olarak ilk g\u00fcnden beri bar\u0131\u015f i\u00e7in verdi\u011fimiz m\u00fccadele apa\u00e7\u0131k ortadayken hi\u00e7 kimse kom\u015fuluk ve karde\u015flik hukukunu zedeleyen hatal\u0131 bir tav\u0131r i\u00e7inde olmamal\u0131d\u0131r.<\/p>\n\n\n\n<figure class=\"wp-block-image\"><img decoding=\"async\" src=\"https:\/\/foto.haberler.com\/crop\/640x426\/haber\/2026\/03\/05\/cumhurbaskani-erdogan-iran-i-acikca-uyardi-19628534_6162_m.jpg\" alt=\"Cumhurba\u015fkan\u0131 Erdo\u011fan, \u0130ran'\u0131 a\u00e7\u0131k\u00e7a uyard\u0131: \u0130kazlarda bulunduk, dostlu\u011fumuzun \u00f6nemi bilinmeli\"\/><\/figure>\n\n\n\n<h3 class=\"wp-block-heading\">&#8220;NAH\u00c7IVAN&#8217;I HEDEF ALAN SALDIRIYI KINIYORUZ&#8221;<\/h3>\n\n\n\n<p>86 milyonun g\u00fcvenli\u011fini merkeze alan hassas bir politika izliyoruz. Bu tutumumuzu muhafaza edece\u011fiz. Telefon g\u00f6r\u00fc\u015fmelerimiz h\u0131z kesmeden s\u00fcr\u00fcyor. Bug\u00fcn Malezya Ba\u015fbakan\u0131, Fransa Cumhurba\u015fkan\u0131, Azerbaycan Cumhurba\u015fkan\u0131 ile g\u00f6r\u00fc\u015ft\u00fck. \u0130lham karde\u015fime Nah\u00e7\u0131van&#8217;\u0131 hedef alan bug\u00fcnk\u00fc sald\u0131r\u0131dan \u00fcz\u00fcnt\u00fc duydu\u011fumuzu ve sald\u0131r\u0131y\u0131 k\u0131nad\u0131\u011f\u0131m\u0131z\u0131 ifade ettim. B\u00f6lgemizde daha fazla kan d\u00f6k\u00fclmemesi, daha fazla masumun hayattan kopar\u0131lmamas\u0131 i\u00e7in y\u00fcr\u00fctt\u00fc\u011f\u00fcm\u00fcz \u00e7ok boyutlu diplomasimizi devam ettirece\u011fiz. Kimse endi\u015fe etmesin. Allah&#8217;\u0131n izniyle T\u00fcrkiye bu b\u00f6lgesel t\u00fcrb\u00fclanstan da ba\u015far\u0131yla \u00e7\u0131kacakt\u0131r.<\/p>\n\n\n\n<h3 class=\"wp-block-heading\">&#8220;EKONOM\u0130M\u0130Z 2025 YILINDA Y\u00dcZDE 3,6 B\u00dcY\u00dcD\u00dc&#8221;<\/h3>\n\n\n\n<p>Ge\u00e7ti\u011fimiz g\u00fcnlerde a\u00e7\u0131klanan b\u00fcy\u00fcme rakamlar\u0131n\u0131 takip ettik. D\u00fcnyadaki belirsizliklere, b\u00f6lgemizdeki dalga boyu krizlere ra\u011fmen ekonomimiz 2025 y\u0131l\u0131nda y\u00fczde 3,6 b\u00fcy\u00fcd\u00fc. Milli gelirimiz 1,6 trilyon dolara, ki\u015fi ba\u015f\u0131na gelirimiz 18 bin 40 dolara y\u00fckseldi. Sanayi sekt\u00f6r\u00fcm\u00fcz son 5 y\u0131l\u0131n en y\u00fcksek b\u00fcy\u00fcmesini kaydetti. Bu rakamlarla 2025&#8217;te OECD \u00fclkeleri aras\u0131nda en h\u0131zl\u0131 b\u00fcy\u00fcyen \u00fc\u00e7\u00fcnc\u00fc <strong>ekonomi<\/strong> olduk. G20 \u00fclkelerinde ise be\u015finci s\u0131rada yer al\u0131yoruz. En b\u00fcy\u00fck ba\u015f a\u011fr\u0131m\u0131z enflasyonu hedefledi\u011fimiz seviyelere indirdik\u00e7e, fiyat istikrar\u0131n\u0131 sa\u011flad\u0131k\u00e7a, ge\u00e7ici zorluklar\u0131 a\u015ft\u0131k\u00e7a T\u00fcrkiye&#8217;nin ekonomisi in\u015fallah daha da g\u00fc\u00e7lenerek farkl\u0131 bir ivme yakalayacakt\u0131r. \u015eu tart\u0131\u015fmas\u0131z bir ger\u00e7ek ki elde etti\u011fimiz bu ba\u015far\u0131larda sizlerin b\u00fcy\u00fck katk\u0131s\u0131 vard\u0131r. Rabbim sizlerle birlikte b\u00fcy\u00fck ve g\u00fc\u00e7l\u00fc T\u00fcrkiye&#8217;yi bizlere nasip eylesin.<\/p>\n\n\n\n<figure class=\"wp-block-image\"><img decoding=\"async\" src=\"https:\/\/foto.haberler.com\/crop\/640x452\/haber\/2026\/03\/05\/cumhurbaskani-erdogan-iran-i-acikca-uyardi-19628534_9688_m.jpg\" alt=\"Cumhurba\u015fkan\u0131 Erdo\u011fan, \u0130ran'\u0131 a\u00e7\u0131k\u00e7a uyard\u0131: \u0130kazlarda bulunduk, dostlu\u011fumuzun \u00f6nemi bilinmeli\"\/><\/figure>\n\n\n\n<p>De\u011ferli karde\u015flerim, h\u00fck\u00fcmet olarak hi\u00e7bir zaman ticaret erbab\u0131m\u0131z\u0131 yaln\u0131z b\u0131rakmad\u0131k. Destek paketleri, te\u015fvik, kredi imkanlar\u0131m\u0131zla ve d\u00fczenlemelerle esnaf\u0131m\u0131z\u0131n ayakta kalmas\u0131 ve gelece\u011fe g\u00fcvenle bakabilmesi i\u00e7in gerekli ad\u0131mlar\u0131 att\u0131k. Salg\u0131n s\u00fcrecinde zarara u\u011frayan esnaf\u0131m\u0131za yakla\u015f\u0131k 4 ayr\u0131 program kapsam\u0131nda yakla\u015f\u0131k 9 milyar lira hibe deste\u011fi sa\u011flad\u0131k. 6 \u015eubat depremleri sonras\u0131, b\u00f6lgedeki 27 bin 202 esnaf ve sanatk\u00e2r\u0131m\u0131za Halkbank \u00fczerinden 6,7 milyar lira tutar\u0131nda destek kredisi kulland\u0131k. 2002&#8217;de 5 bin lira olan faiz indirimli kredi \u015fah\u0131s \u00fcst limitini 2025&#8217;te tam 1 milyon liraya \u00e7\u0131kard\u0131k. \u0130\u015fyeri ve ta\u015f\u0131t al\u0131mlar\u0131 kapsam\u0131ndaki indirim kredilerin \u00fcst limitini 2,5 milyon liraya y\u00fckselttik. Ticari ara\u00e7 edinme kredisine 0-5 aral\u0131\u011f\u0131ndaki ara\u00e7lar\u0131 da dahil ettik. \u0130\u015fletme kredilerini y\u00fczde 33, yat\u0131r\u0131m kredilerini y\u00fczde 66,6 oran\u0131nda art\u0131rd\u0131k. Krediler \u00fczerinden banka ve kooperatiflerce yap\u0131lan kesintilerde de \u00f6nemli iyile\u015ftirmeye gittik. 2002&#8217;de bloke krediler \u00fczerinden yap\u0131lan kesintiler y\u00fczde 19&#8217;du, bug\u00fcn bu kesintiler do\u011frudan kullan\u0131mda y\u00fczde 3,5, kefaletli kullan\u0131mda y\u00fczde 6&#8217;ya indi. 1951-2002 aras\u0131nda esnaf ve sanatk\u00e2rlara kulland\u0131r\u0131lan toplam kredi tutar\u0131 152 milyondu, son 24 y\u0131lda ticaret erbab\u0131m\u0131za 752 milyar liran\u0131n \u00fczerinde kredi deste\u011fi sunduk.&#8221;<\/p>\n\n\n\n<p><\/p>\n","protected":false},"excerpt":{"rendered":"<p>Hatay&#8217;da d\u00fc\u015f\u00fcr\u00fclen \u0130ran f\u00fczesine ili\u015fkin a\u00e7\u0131klamalarda bulunan Cumhurba\u015fkan\u0131 Erdo\u011fan, &#8220;Benzer bir olay\u0131n tekerr\u00fcr etmemesi i\u00e7in gerekli ikazlarda bulunduk. T\u00fcrkiye&#8217;nin dostlu\u011funun \u00f6nemi bilinmeli. Hi\u00e7 kimse kom\u015fuluk hukukunu zedeleyen hatal\u0131 bir tav\u0131r i\u00e7inde olmamal\u0131d\u0131r&#8221; ifadelerini kulland\u0131. Cumhurba\u015fkan\u0131 Recep Tayyip Erdo\u011fan, Be\u015ftepe Millet Sergi Salonu&#8217;nda d\u00fczenlenen esnaf ve sanatkarlarla iftar program\u0131nda konu\u015ftu. G\u00fcndeme dair \u00f6nemli a\u00e7\u0131klamalarda bulunan Erdo\u011fan, [&hellip;]<\/p>\n","protected":false},"author":1,"featured_media":10348,"comment_status":"open","ping_status":"open","sticky":false,"template":"","format":"standard","meta":{"footnotes":""},"categories":[1],"tags":[4443,846],"class_list":["post-10347","post","type-post","status-publish","format-standard","has-post-thumbnail","hentry","category-gundem","tag-iran-3","tag-cumhurbaskani-erdogan"],"_links":{"self":[{"href":"https:\/\/www.trabzonmanset.com\/index.php\/wp-json\/wp\/v2\/posts\/10347","targetHints":{"allow":["GET"]}}],"collection":[{"href":"https:\/\/www.trabzonmanset.com\/index.php\/wp-json\/wp\/v2\/posts"}],"about":[{"href":"https:\/\/www.trabzonmanset.com\/index.php\/wp-json\/wp\/v2\/types\/post"}],"author":[{"embeddable":true,"href":"https:\/\/www.trabzonmanset.com\/index.php\/wp-json\/wp\/v2\/users\/1"}],"replies":[{"embeddable":true,"href":"https:\/\/www.trabzonmanset.com\/index.php\/wp-json\/wp\/v2\/comments?post=10347"}],"version-history":[{"count":1,"href":"https:\/\/www.trabzonmanset.com\/index.php\/wp-json\/wp\/v2\/posts\/10347\/revisions"}],"predecessor-version":[{"id":10349,"href":"https:\/\/www.trabzonmanset.com\/index.php\/wp-json\/wp\/v2\/posts\/10347\/revisions\/10349"}],"wp:featuredmedia":[{"embeddable":true,"href":"https:\/\/www.trabzonmanset.com\/index.php\/wp-json\/wp\/v2\/media\/10348"}],"wp:attachment":[{"href":"https:\/\/www.trabzonmanset.com\/index.php\/wp-json\/wp\/v2\/media?parent=10347"}],"wp:term":[{"taxonomy":"category","embeddable":true,"href":"https:\/\/www.trabzonmanset.com\/index.php\/wp-json\/wp\/v2\/categories?post=10347"},{"taxonomy":"post_tag","embeddable":true,"href":"https:\/\/www.trabzonmanset.com\/index.php\/wp-json\/wp\/v2\/tags?post=10347"}],"curies":[{"name":"wp","href":"https:\/\/api.w.org\/{rel}","templated":true}]}}