{"id":10344,"date":"2026-03-05T21:30:00","date_gmt":"2026-03-05T18:30:00","guid":{"rendered":"https:\/\/www.trabzonmanset.com\/?p=10344"},"modified":"2026-03-05T22:07:33","modified_gmt":"2026-03-05T19:07:33","slug":"trabzonun-of-ilcesinde-aci-haber-genc-yasta-kaza-kurbani-oldu","status":"publish","type":"post","link":"https:\/\/www.trabzonmanset.com\/index.php\/2026\/03\/05\/trabzonun-of-ilcesinde-aci-haber-genc-yasta-kaza-kurbani-oldu\/","title":{"rendered":"Trabzon&#8217;un Of il\u00e7esinde ac\u0131 haber: Gen\u00e7 ya\u015fta kaza kurban\u0131 oldu"},"content":{"rendered":"\n<p>Trabzon\u2019un Of il\u00e7esinde meydana gelen trafik kazas\u0131nda a\u011f\u0131r yaralanan Enes K\u0131nal\u0131, hastanede yap\u0131lan t\u00fcm m\u00fcdahalelere ra\u011fmen kurtar\u0131lamayarak hayat\u0131n\u0131 kaybetti.<\/p>\n\n\n\n<p>Trabzon\u2019un Of il\u00e7esi, gelen ac\u0131 haberle d\u00fc\u015ft\u00fc. Edinilen bilgilere g\u00f6re, il\u00e7ede bir trafik kazas\u0131 meydana geldi. Kazada a\u011f\u0131r \u015fekilde yaralanan Enes K\u0131nal\u0131, olay yerine \u00e7a\u011fr\u0131lan sa\u011fl\u0131k ekiplerinin ilk m\u00fcdahalesinin ard\u0131ndan acil hastaneye kald\u0131r\u0131ld\u0131.<\/p>\n\n\n\n<p><strong>T\u00fcm m\u00fcdahalelere ra\u011fmen kurtar\u0131lamad\u0131<\/strong><\/p>\n\n\n\n<p>Hastanede doktorlar\u0131n yo\u011fun \u00e7aba sarf etti\u011fi gen\u00e7 adam, yap\u0131lan t\u00fcm t\u0131bbi m\u00fcdahalelere ra\u011fmen hayata tutunamad\u0131. K\u0131nal\u0131\u2019n\u0131n \u00f6l\u00fcm haberi, sa\u011fl\u0131k merkezinde bekleyen yak\u0131nlar\u0131n\u0131 yasa bo\u011fdu.<\/p>\n\n\n\n<p><strong>Ailesi ve sevenleri yasta<\/strong><\/p>\n\n\n\n<p>Gen\u00e7 ya\u015fta hayata veda eden Enes K\u0131nal\u0131\u2019n\u0131n vefat\u0131, ba\u015fta ailesi olmak \u00fczere t\u00fcm sevenleri ve yak\u0131nlar\u0131 aras\u0131nda derin bir \u00fcz\u00fcnt\u00fcye neden oldu.Kazayla ilgili g\u00fcvenlik g\u00fc\u00e7leri taraf\u0131ndan geni\u015f \u00e7apl\u0131 soru\u015fturma ba\u015flat\u0131ld\u0131\u011f\u0131 kaydedildi.<\/p>\n\n\n\n<p><\/p>\n","protected":false},"excerpt":{"rendered":"<p>Trabzon\u2019un Of il\u00e7esinde meydana gelen trafik kazas\u0131nda a\u011f\u0131r yaralanan Enes K\u0131nal\u0131, hastanede yap\u0131lan t\u00fcm m\u00fcdahalelere ra\u011fmen kurtar\u0131lamayarak hayat\u0131n\u0131 kaybetti. Trabzon\u2019un Of il\u00e7esi, gelen ac\u0131 haberle d\u00fc\u015ft\u00fc. Edinilen bilgilere g\u00f6re, il\u00e7ede bir trafik kazas\u0131 meydana geldi. Kazada a\u011f\u0131r \u015fekilde yaralanan Enes K\u0131nal\u0131, olay yerine \u00e7a\u011fr\u0131lan sa\u011fl\u0131k ekiplerinin ilk m\u00fcdahalesinin ard\u0131ndan acil hastaneye kald\u0131r\u0131ld\u0131. T\u00fcm m\u00fcdahalelere ra\u011fmen [&hellip;]<\/p>\n","protected":false},"author":1,"featured_media":10345,"comment_status":"open","ping_status":"open","sticky":false,"template":"","format":"standard","meta":{"footnotes":""},"categories":[1],"tags":[4441,4440,4442,541,552],"class_list":["post-10344","post","type-post","status-publish","format-standard","has-post-thumbnail","hentry","category-gundem","tag-enes-kinali","tag-of-haber","tag-of-tarfik-kazasi","tag-trabzon","tag-trabzon-haber"],"_links":{"self":[{"href":"https:\/\/www.trabzonmanset.com\/index.php\/wp-json\/wp\/v2\/posts\/10344","targetHints":{"allow":["GET"]}}],"collection":[{"href":"https:\/\/www.trabzonmanset.com\/index.php\/wp-json\/wp\/v2\/posts"}],"about":[{"href":"https:\/\/www.trabzonmanset.com\/index.php\/wp-json\/wp\/v2\/types\/post"}],"author":[{"embeddable":true,"href":"https:\/\/www.trabzonmanset.com\/index.php\/wp-json\/wp\/v2\/users\/1"}],"replies":[{"embeddable":true,"href":"https:\/\/www.trabzonmanset.com\/index.php\/wp-json\/wp\/v2\/comments?post=10344"}],"version-history":[{"count":1,"href":"https:\/\/www.trabzonmanset.com\/index.php\/wp-json\/wp\/v2\/posts\/10344\/revisions"}],"predecessor-version":[{"id":10346,"href":"https:\/\/www.trabzonmanset.com\/index.php\/wp-json\/wp\/v2\/posts\/10344\/revisions\/10346"}],"wp:featuredmedia":[{"embeddable":true,"href":"https:\/\/www.trabzonmanset.com\/index.php\/wp-json\/wp\/v2\/media\/10345"}],"wp:attachment":[{"href":"https:\/\/www.trabzonmanset.com\/index.php\/wp-json\/wp\/v2\/media?parent=10344"}],"wp:term":[{"taxonomy":"category","embeddable":true,"href":"https:\/\/www.trabzonmanset.com\/index.php\/wp-json\/wp\/v2\/categories?post=10344"},{"taxonomy":"post_tag","embeddable":true,"href":"https:\/\/www.trabzonmanset.com\/index.php\/wp-json\/wp\/v2\/tags?post=10344"}],"curies":[{"name":"wp","href":"https:\/\/api.w.org\/{rel}","templated":true}]}}