{"id":10332,"date":"2026-03-05T19:10:00","date_gmt":"2026-03-05T16:10:00","guid":{"rendered":"https:\/\/www.trabzonmanset.com\/?p=10332"},"modified":"2026-03-05T21:38:03","modified_gmt":"2026-03-05T18:38:03","slug":"sehit-omer-halisdemirin-kizi-elif-nur-halisdemir-bordo-bereli-oldu","status":"publish","type":"post","link":"https:\/\/www.trabzonmanset.com\/index.php\/2026\/03\/05\/sehit-omer-halisdemirin-kizi-elif-nur-halisdemir-bordo-bereli-oldu\/","title":{"rendered":"\u015eehit \u00d6mer Halisdemir&#8217;in k\u0131z\u0131 Elif Nur Halisdemir bordo bereli oldu"},"content":{"rendered":"\n<p>15 Temmuz&#8217;da \u015fehit d\u00fc\u015fen kahraman asker \u00d6mer Halisdemir\u2019in k\u0131z\u0131 Elif Nur Halisdemir, subayl\u0131k e\u011fitimini tamamlayarak \u00d6zel Kuvvetler Komutanl\u0131\u011f\u0131\u2019nda g\u00f6reve ba\u015flad\u0131 ve babas\u0131 gibi &#8216;bordo bereli&#8217; oldu.<\/p>\n\n\n\n<p>etullah\u00e7\u0131 Ter\u00f6r \u00d6rg\u00fct\u00fc&#8217;n\u00fcn (FET\u00d6) 15 Temmuz 2016&#8217;daki darbe giri\u015fimi s\u0131ras\u0131nda Ankara&#8217;da \u00d6zel Kuvvetler Komutanl\u0131\u011f\u0131&#8217;nda darbeci generali vurduktan sonra \u015fehit edilen Astsubay K\u0131demli Ba\u015f\u00e7avu\u015f \u00d6mer&nbsp;Halisdemir&#8217;in k\u0131z\u0131 Te\u011fmen&nbsp;Elif&nbsp;Nur&nbsp;Halisdemir, babas\u0131 gibi &#8220;bordo bereli&#8221; oldu.<\/p>\n\n\n\n<p>FET\u00d6&#8217;n\u00fcn 15 Temmuz 2016&#8217;daki darbe giri\u015fimi s\u0131ras\u0131nda Ankara&#8217;da \u00d6zel Kuvvetler Komutanl\u0131\u011f\u0131&#8217;nda darbeci generali vurduktan sonra \u015fehit edilen Astsubay K\u0131demli Ba\u015f\u00e7avu\u015f \u00d6mer&nbsp;Halisdemir&#8217;in k\u0131z\u0131&nbsp;Elif&nbsp;Nur&nbsp;Halisdemir, 15 A\u011fustos 2025&#8217;te 39&#8217;uncu D\u00f6nem Subay Temel Askerlik ve Subayl\u0131k Anlay\u0131\u015f\u0131 Kazand\u0131rma E\u011fitimi (SUTASAK) mezunu olarak te\u011fmenlik diplomas\u0131n\u0131 ald\u0131.<\/p>\n\n\n\n<figure class=\"wp-block-image\"><img decoding=\"async\" src=\"https:\/\/i12.haber7.net\/\/haber\/haber7\/photos\/2026\/10\/M89y3_1772729725_5038.jpg\" alt=\"\"\/><\/figure>\n\n\n\n<p>Te\u011fmen&nbsp;Halisdemir, babas\u0131n\u0131n y\u0131llarca g\u00f6rev yapt\u0131\u011f\u0131 ve FET\u00d6 mensuplar\u0131yla girdi\u011fi \u00e7at\u0131\u015fma sonucu \u015fehit d\u00fc\u015ft\u00fc\u011f\u00fc \u00d6zel Kuvvetler Komutanl\u0131\u011f\u0131&#8217;na atanarak &#8220;bordo&#8221; beresini takt\u0131.<\/p>\n\n\n\n<p>Te\u011fmen&nbsp;Halisdemir, d\u00fcn Cumhurba\u015fkan\u0131 Recep Tayyip Erdo\u011fan&#8217;\u0131n, \u00d6mer&nbsp;Halisdemir&#8217;in \u00d6zel Kuvvetler Komutanl\u0131\u011f\u0131&#8217;nda \u015fehit oldu\u011fu noktada bulunan an\u0131t\u0131n \u00f6n\u00fcnde dua ederken de yan\u0131nda yer alm\u0131\u015ft\u0131.<\/p>\n\n\n\n<figure class=\"wp-block-image\"><img decoding=\"async\" src=\"https:\/\/i12.haber7.net\/\/haber\/haber7\/photos\/2026\/10\/Qx5Jz_1772729731_4857.jpg\" alt=\"\"\/><\/figure>\n\n\n\n<p><\/p>\n","protected":false},"excerpt":{"rendered":"<p>15 Temmuz&#8217;da \u015fehit d\u00fc\u015fen kahraman asker \u00d6mer Halisdemir\u2019in k\u0131z\u0131 Elif Nur Halisdemir, subayl\u0131k e\u011fitimini tamamlayarak \u00d6zel Kuvvetler Komutanl\u0131\u011f\u0131\u2019nda g\u00f6reve ba\u015flad\u0131 ve babas\u0131 gibi &#8216;bordo bereli&#8217; oldu. etullah\u00e7\u0131 Ter\u00f6r \u00d6rg\u00fct\u00fc&#8217;n\u00fcn (FET\u00d6) 15 Temmuz 2016&#8217;daki darbe giri\u015fimi s\u0131ras\u0131nda Ankara&#8217;da \u00d6zel Kuvvetler Komutanl\u0131\u011f\u0131&#8217;nda darbeci generali vurduktan sonra \u015fehit edilen Astsubay K\u0131demli Ba\u015f\u00e7avu\u015f \u00d6mer&nbsp;Halisdemir&#8217;in k\u0131z\u0131 Te\u011fmen&nbsp;Elif&nbsp;Nur&nbsp;Halisdemir, babas\u0131 gibi &#8220;bordo [&hellip;]<\/p>\n","protected":false},"author":1,"featured_media":10333,"comment_status":"open","ping_status":"open","sticky":false,"template":"","format":"standard","meta":{"footnotes":""},"categories":[1],"tags":[4434,4432,4431,4433],"class_list":["post-10332","post","type-post","status-publish","format-standard","has-post-thumbnail","hentry","category-gundem","tag-bordo-bereli","tag-elif-nur-halisdemir","tag-omer-halisdemir","tag-subay"],"_links":{"self":[{"href":"https:\/\/www.trabzonmanset.com\/index.php\/wp-json\/wp\/v2\/posts\/10332","targetHints":{"allow":["GET"]}}],"collection":[{"href":"https:\/\/www.trabzonmanset.com\/index.php\/wp-json\/wp\/v2\/posts"}],"about":[{"href":"https:\/\/www.trabzonmanset.com\/index.php\/wp-json\/wp\/v2\/types\/post"}],"author":[{"embeddable":true,"href":"https:\/\/www.trabzonmanset.com\/index.php\/wp-json\/wp\/v2\/users\/1"}],"replies":[{"embeddable":true,"href":"https:\/\/www.trabzonmanset.com\/index.php\/wp-json\/wp\/v2\/comments?post=10332"}],"version-history":[{"count":1,"href":"https:\/\/www.trabzonmanset.com\/index.php\/wp-json\/wp\/v2\/posts\/10332\/revisions"}],"predecessor-version":[{"id":10334,"href":"https:\/\/www.trabzonmanset.com\/index.php\/wp-json\/wp\/v2\/posts\/10332\/revisions\/10334"}],"wp:featuredmedia":[{"embeddable":true,"href":"https:\/\/www.trabzonmanset.com\/index.php\/wp-json\/wp\/v2\/media\/10333"}],"wp:attachment":[{"href":"https:\/\/www.trabzonmanset.com\/index.php\/wp-json\/wp\/v2\/media?parent=10332"}],"wp:term":[{"taxonomy":"category","embeddable":true,"href":"https:\/\/www.trabzonmanset.com\/index.php\/wp-json\/wp\/v2\/categories?post=10332"},{"taxonomy":"post_tag","embeddable":true,"href":"https:\/\/www.trabzonmanset.com\/index.php\/wp-json\/wp\/v2\/tags?post=10332"}],"curies":[{"name":"wp","href":"https:\/\/api.w.org\/{rel}","templated":true}]}}