{"id":10329,"date":"2026-03-05T20:59:00","date_gmt":"2026-03-05T17:59:00","guid":{"rendered":"https:\/\/www.trabzonmanset.com\/?p=10329"},"modified":"2026-03-05T21:34:16","modified_gmt":"2026-03-05T18:34:16","slug":"turkiyeden-irana-uyari-erdogandan-musterih-olun-mesaji-hassas-politika-izliyoruz","status":"publish","type":"post","link":"https:\/\/www.trabzonmanset.com\/index.php\/2026\/03\/05\/turkiyeden-irana-uyari-erdogandan-musterih-olun-mesaji-hassas-politika-izliyoruz\/","title":{"rendered":"T\u00fcrkiye&#8217;den \u0130ran&#8217;a uyar\u0131! Erdo\u011fan&#8217;dan &#8216;m\u00fcsterih olun&#8217; mesaj\u0131: Hassas politika izliyoruz"},"content":{"rendered":"\n<p>Cumhurba\u015fkan\u0131 Erdo\u011fan, esnaf ve sanatkarlarla iftar porgram\u0131nda konu\u015ftu. Karde\u015flik hukukunun zedelenmemesi gerekti\u011fini vurgulayan Erdo\u011fan, &#8220;\u0130ran&#8217;a gerekli ikazlarda bulunduk&#8221; dedi.<\/p>\n\n\n\n<p>Cumhurba\u015fkan\u0131 Erdo\u011fan, esnaf ve sanatkarlarla iftar porgram\u0131nda konu\u015ftu. Erdo\u011fan&#8217;\u0131n a\u00e7\u0131klamalar\u0131ndan \u00f6ne \u00e7\u0131kanlar \u015f\u00f6yle:&nbsp;<\/p>\n\n\n\n<p><em>&#8220;Esnaf ve sanatkarlar\u0131m\u0131z\u0131, medeniyetimizin mayas\u0131n\u0131 ahlakla, erdemle, d\u00fcr\u00fcstl\u00fckle yo\u011furan k\u00f6kl\u00fc ahilik gelene\u011fimizin bug\u00fcnk\u00fc temsicilerimiz olarak g\u00f6r\u00fcyorum. Esnaf ve sanatkarlar\u0131m\u0131z, odalar\u0131m\u0131z ve birliklerimiz bin y\u0131l boyunca ahilik gibi \u00f6zg\u00fcn bir kaynaktan beslendiler.<\/em><\/p>\n\n\n\n<p><em>Alan satan\u0131 g\u00f6zetti, satan alan\u0131 g\u00f6zetti. K\u00e2r\u0131nda kalan\u0131 g\u00f6zetti. Mevla&#8217;dan al, Mevla&#8217;ya ver diyen merhum Alvarl\u0131 Efe Hazretlerinin hikmet dolu m\u0131sralar\u0131 asl\u0131nda meseleyi en veciz \u015fekilde tarif etmektedir. T\u00fcm esnaf ve sanatkarlar\u0131m\u0131za bug\u00fcn bir kez daha te\u015fekk\u00fcr ediyorum.<\/em><\/p>\n\n\n\n<p><em><strong>D\u00fcnyam\u0131z, yak\u0131n tarihte e\u015fi benzeri g\u00f6r\u00fclmemi\u015f g\u00fcnler ya\u015f\u0131yor. <\/strong>Sava\u015f ve s\u0131cak \u00e7at\u0131\u015fmalara her g\u00fcn bir yenisi ekleniyor.<strong> Ne yaz\u0131k ki ba\u015fta Bat\u0131 d\u00fcnyas\u0131 olmak \u00fczere uluslararas\u0131 toplum b\u00fct\u00fcn bu olanlar\u0131 sadece izlemekle yeteniyor. <\/strong>\u0130ran&#8217;a y\u00f6nelik hava sald\u0131r\u0131lar\u0131yla, b\u00f6lgesel gerilim \u00fcrk\u00fct\u00fcc\u00fc bir boyut kazand\u0131. Aralar\u0131nda masum \u00e7ocuklar\u0131n oldu\u011fu y\u00fczlerce sivil hayat\u0131n\u0131 kaybetti. Petrol ve do\u011fal gaz fiyatlar\u0131nda y\u00fczde 20&#8217;lere artan art\u0131\u015flar oldu. Biz de bu art\u0131\u015flar\u0131n \u00f6n\u00fcne ge\u00e7mek amac\u0131yla e\u015fel mobil sistemini devreye ald\u0131k.<\/em><\/p>\n\n\n\n<h3 class=\"wp-block-heading\">T\u00dcRK\u0130YE&#8217;DEN \u0130RAN&#8217;A UYARI<\/h3>\n\n\n\n<p><em>Ekonomiden ticarete, g\u00fcvenlikten turizme ve tar\u0131ma geni\u015f bir alanda menfi yans\u0131malar\u0131 olan t\u00fcm bu geli\u015fmeleri dikkatle takip ediyoruz. Bilhassa hudutlar\u0131m\u0131z\u0131n ve hava saham\u0131z\u0131n g\u00fcvenli\u011finin sa\u011flanmas\u0131nda en k\u00fc\u00e7\u00fck bir ihtimal ve teredd\u00fct g\u00f6stermiyoruz. \u00dclkemizin g\u00fcvenli\u011fine y\u00f6nelik riskin ortaya \u00e7\u0131kmas\u0131 halinde m\u00fcttefiklerimizle koordinasyon halinde b\u00fct\u00fcn \u00f6nlemleri al\u0131yoruz.<strong> Benzer bir olay\u0131n tekerr\u00fcr etmemesi i\u00e7in gerekli uyar\u0131larda bulunduk.\u00a0<\/strong><\/em><\/p>\n\n\n\n<p><em>\u0130lk g\u00fcnden beri bar\u0131\u015f i\u00e7in verdi\u011fimiz m\u00fccadele apa\u00e7\u0131k ortadayken <strong>hi\u00e7 kimse karde\u015flik hukukunu zedeleyen hatal\u0131 bir tav\u0131r i\u00e7inde olmamal\u0131d\u0131r. <\/strong>86 milyon vatanda\u015f\u0131m\u0131z m\u00fcsterih olsun. H\u00fck\u00fcmetimiz, t\u0131pk\u0131 5. y\u0131l\u0131na giren Rusya-Ukrayna sava\u015f\u0131nda oldu\u011fu gibi \u0130ran krizinde de tecr\u00fcbeli ve liyakatli kadrosuyla \u00fclkemizi ve milletimizi her t\u00fcrl\u00fc tehlikeden beri tutmak i\u00e7in ne gerekiyorsa yapmaktad\u0131r. Hassas bir politika izliyoruz. Telefon g\u00f6r\u00fc\u015fmelerimiz h\u0131z kesmeden s\u00fcr\u00fcyor.&#8221;<\/em><\/p>\n\n\n\n<p><\/p>\n","protected":false},"excerpt":{"rendered":"<p>Cumhurba\u015fkan\u0131 Erdo\u011fan, esnaf ve sanatkarlarla iftar porgram\u0131nda konu\u015ftu. Karde\u015flik hukukunun zedelenmemesi gerekti\u011fini vurgulayan Erdo\u011fan, &#8220;\u0130ran&#8217;a gerekli ikazlarda bulunduk&#8221; dedi. Cumhurba\u015fkan\u0131 Erdo\u011fan, esnaf ve sanatkarlarla iftar porgram\u0131nda konu\u015ftu. Erdo\u011fan&#8217;\u0131n a\u00e7\u0131klamalar\u0131ndan \u00f6ne \u00e7\u0131kanlar \u015f\u00f6yle:&nbsp; &#8220;Esnaf ve sanatkarlar\u0131m\u0131z\u0131, medeniyetimizin mayas\u0131n\u0131 ahlakla, erdemle, d\u00fcr\u00fcstl\u00fckle yo\u011furan k\u00f6kl\u00fc ahilik gelene\u011fimizin bug\u00fcnk\u00fc temsicilerimiz olarak g\u00f6r\u00fcyorum. Esnaf ve sanatkarlar\u0131m\u0131z, odalar\u0131m\u0131z ve birliklerimiz bin [&hellip;]<\/p>\n","protected":false},"author":1,"featured_media":10330,"comment_status":"open","ping_status":"open","sticky":false,"template":"","format":"standard","meta":{"footnotes":""},"categories":[11],"tags":[846,4430,181],"class_list":["post-10329","post","type-post","status-publish","format-standard","has-post-thumbnail","hentry","category-manset","tag-cumhurbaskani-erdogan","tag-esnaf","tag-iran"],"_links":{"self":[{"href":"https:\/\/www.trabzonmanset.com\/index.php\/wp-json\/wp\/v2\/posts\/10329","targetHints":{"allow":["GET"]}}],"collection":[{"href":"https:\/\/www.trabzonmanset.com\/index.php\/wp-json\/wp\/v2\/posts"}],"about":[{"href":"https:\/\/www.trabzonmanset.com\/index.php\/wp-json\/wp\/v2\/types\/post"}],"author":[{"embeddable":true,"href":"https:\/\/www.trabzonmanset.com\/index.php\/wp-json\/wp\/v2\/users\/1"}],"replies":[{"embeddable":true,"href":"https:\/\/www.trabzonmanset.com\/index.php\/wp-json\/wp\/v2\/comments?post=10329"}],"version-history":[{"count":1,"href":"https:\/\/www.trabzonmanset.com\/index.php\/wp-json\/wp\/v2\/posts\/10329\/revisions"}],"predecessor-version":[{"id":10331,"href":"https:\/\/www.trabzonmanset.com\/index.php\/wp-json\/wp\/v2\/posts\/10329\/revisions\/10331"}],"wp:featuredmedia":[{"embeddable":true,"href":"https:\/\/www.trabzonmanset.com\/index.php\/wp-json\/wp\/v2\/media\/10330"}],"wp:attachment":[{"href":"https:\/\/www.trabzonmanset.com\/index.php\/wp-json\/wp\/v2\/media?parent=10329"}],"wp:term":[{"taxonomy":"category","embeddable":true,"href":"https:\/\/www.trabzonmanset.com\/index.php\/wp-json\/wp\/v2\/categories?post=10329"},{"taxonomy":"post_tag","embeddable":true,"href":"https:\/\/www.trabzonmanset.com\/index.php\/wp-json\/wp\/v2\/tags?post=10329"}],"curies":[{"name":"wp","href":"https:\/\/api.w.org\/{rel}","templated":true}]}}