{"id":10326,"date":"2026-03-05T18:30:00","date_gmt":"2026-03-05T15:30:00","guid":{"rendered":"https:\/\/www.trabzonmanset.com\/?p=10326"},"modified":"2026-03-05T19:09:45","modified_gmt":"2026-03-05T16:09:45","slug":"dsoden-nukleer-uyarisi-endise-verici","status":"publish","type":"post","link":"https:\/\/www.trabzonmanset.com\/index.php\/2026\/03\/05\/dsoden-nukleer-uyarisi-endise-verici\/","title":{"rendered":"DS\u00d6&#8217;den n\u00fckleer uyar\u0131s\u0131: Endi\u015fe verici"},"content":{"rendered":"\n<p>D\u00fcnya Sa\u011fl\u0131k \u00d6rg\u00fct\u00fc Genel Direkt\u00f6r\u00fc Ghebreyesus, ABD ve \u0130srail&#8217;in \u0130ran&#8217;\u0131 hedef almas\u0131n\u0131n ard\u0131ndan Orta Do\u011fu&#8217;da artan gerginlik ve n\u00fckleer tesislerin etkilenme tehdidi konusunda endi\u015felerini dile getirdi. Salg\u0131n\u0131n sa\u011fl\u0131k hizmetlerine y\u00f6nelik sald\u0131r\u0131larla ciddi sonu\u00e7lar do\u011furabilece\u011fini vurgulad\u0131.<\/p>\n\n\n\n<ul class=\"wp-block-list\">\n<li>D\u00fcnya Sa\u011fl\u0131k \u00d6rg\u00fct\u00fc, ABD ve \u0130srail&#8217;in \u0130ran&#8217;\u0131 hedef almas\u0131 sonucu Orta Do\u011fu&#8217;daki n\u00fckleer tesislerin etkilenme tehdidinin endi\u015fe verici oldu\u011funu bildirdi.<\/li>\n\n\n\n<li>DS\u00d6, \u0130ran&#8217;da yakla\u015f\u0131k 1000, L\u00fcbnan&#8217;da 50, \u0130srail&#8217;de 13 ve di\u011fer K\u00f6rfez \u00fclkelerinde 11 \u00f6l\u00fcm\u00fcn bildirildi\u011fini a\u00e7\u0131klad\u0131.<\/li>\n\n\n\n<li>DS\u00d6&#8217;n\u00fcn Dubai&#8217;deki k\u00fcresel sa\u011fl\u0131k acil durumlar\u0131 lojistik merkezi, g\u00fcvenlik sorunlar\u0131 nedeniyle ge\u00e7ici olarak durduruldu.<\/li>\n<\/ul>\n\n\n\n<p><strong>D\u00fcnya Sa\u011fl\u0131k \u00d6rg\u00fct\u00fc<\/strong> (DS\u00d6) Genel Direkt\u00f6r\u00fc Tedros Adhanom Ghebreyesus, ABD ile \u0130srail&#8217;in <strong>\u0130ran<\/strong>&#8216;\u0131 hedef almas\u0131 sonucu Orta Do\u011fu&#8217;da artan gerginlikten n\u00fckleer tesislerin etkilenme tehdidinin endi\u015fe verici oldu\u011funu bildirdi.<\/p>\n\n\n\n<p>Ghebreyesus ve DS\u00d6 Do\u011fu Akdeniz B\u00f6lge Direkt\u00f6r\u00fc Hanan Balkhy, DS\u00d6&#8217;n\u00fcn haftal\u0131k bas\u0131n toplant\u0131s\u0131nda de\u011ferlendirmelerde bulundu.<\/p>\n\n\n\n<p>ABD ve \u0130srail&#8217;in hedef ald\u0131\u011f\u0131 \u0130ran ve Orta Do\u011fu&#8217;daki \u00e7at\u0131\u015fmalar kar\u015f\u0131s\u0131nda \u00e7ok endi\u015feli olduklar\u0131n\u0131 kaydeden Ghebreyesus, &#8220;16 \u00fclkeyi etkileyen \u00e7at\u0131\u015fmalarda \u015fu ana kadar \u0130ran&#8217;da yakla\u015f\u0131k 1000, L\u00fcbnan&#8217;da 50, \u0130srail&#8217;de 13 ve di\u011fer K\u00f6rfez \u00fclkelerinde 11 \u00f6l\u00fcm bildirildi.&#8221; dedi.<\/p>\n\n\n\n<p>Ghebreyesus, DS\u00d6&#8217;n\u00fcn \u0130ran ve L\u00fcbnan&#8217;da sa\u011fl\u0131k hizmetlerine y\u00f6nelik baz\u0131 sald\u0131r\u0131lar\u0131 do\u011frulad\u0131\u011f\u0131n\u0131 hat\u0131rlatarak uluslararas\u0131 insanc\u0131l hukuk uyar\u0131nca sa\u011fl\u0131k hizmetlerinin korunmas\u0131 gerekti\u011fini kaydetti.<\/p>\n\n\n\n<h3 class=\"wp-block-heading\">\u0130RAN&#8217;DAN 100 B\u0130N K\u0130\u015e\u0130 AYRILDI<\/h3>\n\n\n\n<p>\u00c7at\u0131\u015fman\u0131n \u00f6nemli \u00f6l\u00e7\u00fcde yerinden edilmelere neden oldu\u011funu da s\u00f6yleyen DS\u00d6 Genel Direkt\u00f6r\u00fc, \u015fu ana kadar tahminen 100 bin ki\u015finin \u0130ran&#8217;dan ayr\u0131ld\u0131\u011f\u0131n\u0131 ve L\u00fcbnan&#8217;da 60 binden fazla ki\u015finin yerinden edildi\u011fini kaydetti.<\/p>\n\n\n\n<p>Ghebreyesus, \u0130srail&#8217;in L\u00fcbnan&#8217;\u0131n g\u00fcneyi i\u00e7inde yay\u0131mlad\u0131\u011f\u0131 &#8220;tahliye emirleri&#8221; nedeniyle en az 1 milyon ki\u015finin daha hareket halinde olabilece\u011finin tahmin edildi\u011fini belirtti.<\/p>\n\n\n\n<h3 class=\"wp-block-heading\">N\u00dcKLEER UYARISI<\/h3>\n\n\n\n<p>N\u00fckleer tesislerin etkilenme tehdidinin de endi\u015fe verici oldu\u011funu s\u00f6yleyen Ghebreyesus, n\u00fckleer g\u00fcvenli\u011fin tehlikeye at\u0131lmas\u0131n\u0131n ciddi halk sa\u011fl\u0131\u011f\u0131 sonu\u00e7lar\u0131na yol a\u00e7abilece\u011fini s\u00f6yledi.<\/p>\n\n\n\n<p>Ghebreyesus, DS\u00d6&#8217;n\u00fcn k\u00fcresel sa\u011fl\u0131k acil durumlar\u0131 i\u00e7in lojistik merkezi olan Dubai&#8217;deki operasyonlar\u0131n g\u00fcvenlik sorunlar\u0131 nedeniyle \u015fu anda ask\u0131ya al\u0131nd\u0131\u011f\u0131 bilgisini payla\u015ft\u0131.<\/p>\n\n\n\n<h3 class=\"wp-block-heading\">&#8220;DS\u00d6 GE\u00c7EN HAFTA \u0130RAN&#8217;DA 13, L\u00dcBNAN&#8217;DA \u0130SE B\u0130R SA\u011eLIK H\u0130ZMET\u0130NE Y\u00d6NEL\u0130K SALDIRIYI DO\u011eRULADI&#8221;<\/h3>\n\n\n\n<p>DS\u00d6 Do\u011fu Akdeniz B\u00f6lge Direkt\u00f6r\u00fc Balkhy ise Do\u011fu Akdeniz b\u00f6lgesindeki gerginli\u011fin h\u0131zla yay\u0131ld\u0131\u011f\u0131n\u0131, bunun b\u00f6lgedeki siviller ve sa\u011fl\u0131k sistemleri i\u00e7in ciddi sonu\u00e7lar do\u011furdu\u011funun alt\u0131n\u0131 \u00e7izdi.<\/p>\n\n\n\n<p>Son \u00e7at\u0131\u015fmalar nedeniyle 1000&#8217;den fazla ki\u015finin \u00f6ld\u00fc\u011f\u00fcne ve 7 bin ki\u015finin yaraland\u0131\u011f\u0131na i\u015faret eden Balkhy, en fazla sa\u011fl\u0131k sistemine y\u00f6nelik sald\u0131r\u0131lar\u0131ndan endi\u015fe duyduklar\u0131n\u0131 kaydetti.<\/p>\n\n\n\n<p>Balkhy, &#8220;DS\u00d6, ge\u00e7en hafta \u0130ran&#8217;da 13, L\u00fcbnan&#8217;da ise bir sa\u011fl\u0131k hizmetine y\u00f6nelik sald\u0131r\u0131y\u0131 do\u011frulad\u0131. (\u0130srail taraf\u0131ndan verilen) L\u00fcbnan&#8217;da tahliye emirleri 43 temel sa\u011fl\u0131k merkezinin ve iki hastanenin kapanmas\u0131na neden oldu. \u015eiddet, ilk m\u00fcdahale ekiplerini de etkiledi. Sa\u011fl\u0131k \u00e7al\u0131\u015fanlar\u0131, hastalar ve sa\u011fl\u0131k tesisleri sava\u015fta bile korunmal\u0131d\u0131r.&#8221; dedi.<\/p>\n\n\n\n<p>DS\u00d6&#8217;n\u00fcn Dubai&#8217;deki k\u00fcresel sa\u011fl\u0131k acil durumlar\u0131 lojistik merkezinin \u015fu anda tehlikede oldu\u011funu ve ge\u00e7ici olarak durduruldu\u011funu s\u00f6yleyen Balkhy, &#8220;Bu aksama, 18 milyon dolar de\u011ferindeki insani sa\u011fl\u0131k malzemelerine eri\u015fimi engellerken, 8 milyon dolar de\u011ferindeki sevkiyat da merkeze ula\u015fam\u0131yor. 25 \u00fclkeden gelen 50&#8217;den fazla acil yard\u0131m talebi \u015fu anda etkileniyor.&#8221; diye konu\u015ftu.<\/p>\n\n\n\n<h3 class=\"wp-block-heading\">ABD-\u0130SRA\u0130L&#8217;\u0130N SALDIRILARI<\/h3>\n\n\n\n<p>\u0130srail ve ABD, Tahran ile Washington y\u00f6netimleri aras\u0131nda m\u00fczakereler s\u00fcrerken 28 \u015eubat&#8217;ta \u0130ran&#8217;a askeri sald\u0131r\u0131 ba\u015flatt\u0131.<\/p>\n\n\n\n<p>\u0130ran da \u0130srail&#8217;in yan\u0131 s\u0131ra ABD \u00fcslerinin bulundu\u011fu Katar, Birle\u015fik Arap Emirlikleri (BAE) ve Bahreyn ba\u015fta olmak \u00fczere baz\u0131 b\u00f6lge \u00fclkelerinde belirledi\u011fi hedeflere sald\u0131r\u0131larla kar\u015f\u0131l\u0131k verdi.<\/p>\n\n\n\n<p>ABD-\u0130srail sald\u0131r\u0131lar\u0131nda, \u0130ran lideri Ayetullah Ali Hamaney&#8217;in yan\u0131 s\u0131ra \u00e7ok say\u0131da \u00fcst d\u00fczey yetkili \u00f6ld\u00fc.<\/p>\n\n\n\n<p>\u0130ran Sa\u011fl\u0131k Bakanl\u0131\u011f\u0131 S\u00f6zc\u00fcs\u00fc H\u00fcseyin Kermanpur, ABD-\u0130srail sald\u0131r\u0131lar\u0131nda 926 ki\u015finin hayat\u0131n\u0131 kaybetti\u011fini duyurdu.<\/p>\n\n\n\n<p><\/p>\n","protected":false},"excerpt":{"rendered":"<p>D\u00fcnya Sa\u011fl\u0131k \u00d6rg\u00fct\u00fc Genel Direkt\u00f6r\u00fc Ghebreyesus, ABD ve \u0130srail&#8217;in \u0130ran&#8217;\u0131 hedef almas\u0131n\u0131n ard\u0131ndan Orta Do\u011fu&#8217;da artan gerginlik ve n\u00fckleer tesislerin etkilenme tehdidi konusunda endi\u015felerini dile getirdi. Salg\u0131n\u0131n sa\u011fl\u0131k hizmetlerine y\u00f6nelik sald\u0131r\u0131larla ciddi sonu\u00e7lar do\u011furabilece\u011fini vurgulad\u0131. D\u00fcnya Sa\u011fl\u0131k \u00d6rg\u00fct\u00fc (DS\u00d6) Genel Direkt\u00f6r\u00fc Tedros Adhanom Ghebreyesus, ABD ile \u0130srail&#8217;in \u0130ran&#8216;\u0131 hedef almas\u0131 sonucu Orta Do\u011fu&#8217;da artan gerginlikten [&hellip;]<\/p>\n","protected":false},"author":1,"featured_media":10327,"comment_status":"open","ping_status":"open","sticky":false,"template":"","format":"standard","meta":{"footnotes":""},"categories":[127,1],"tags":[160,829,2468,4429,181,172,2453],"class_list":["post-10326","post","type-post","status-publish","format-standard","has-post-thumbnail","hentry","category-dunya","category-gundem","tag-abd","tag-dso-2","tag-dunya-saglik-orgutu","tag-ghebreyesus","tag-iran","tag-israil","tag-tedros-adhanom-ghebreyesus"],"_links":{"self":[{"href":"https:\/\/www.trabzonmanset.com\/index.php\/wp-json\/wp\/v2\/posts\/10326","targetHints":{"allow":["GET"]}}],"collection":[{"href":"https:\/\/www.trabzonmanset.com\/index.php\/wp-json\/wp\/v2\/posts"}],"about":[{"href":"https:\/\/www.trabzonmanset.com\/index.php\/wp-json\/wp\/v2\/types\/post"}],"author":[{"embeddable":true,"href":"https:\/\/www.trabzonmanset.com\/index.php\/wp-json\/wp\/v2\/users\/1"}],"replies":[{"embeddable":true,"href":"https:\/\/www.trabzonmanset.com\/index.php\/wp-json\/wp\/v2\/comments?post=10326"}],"version-history":[{"count":1,"href":"https:\/\/www.trabzonmanset.com\/index.php\/wp-json\/wp\/v2\/posts\/10326\/revisions"}],"predecessor-version":[{"id":10328,"href":"https:\/\/www.trabzonmanset.com\/index.php\/wp-json\/wp\/v2\/posts\/10326\/revisions\/10328"}],"wp:featuredmedia":[{"embeddable":true,"href":"https:\/\/www.trabzonmanset.com\/index.php\/wp-json\/wp\/v2\/media\/10327"}],"wp:attachment":[{"href":"https:\/\/www.trabzonmanset.com\/index.php\/wp-json\/wp\/v2\/media?parent=10326"}],"wp:term":[{"taxonomy":"category","embeddable":true,"href":"https:\/\/www.trabzonmanset.com\/index.php\/wp-json\/wp\/v2\/categories?post=10326"},{"taxonomy":"post_tag","embeddable":true,"href":"https:\/\/www.trabzonmanset.com\/index.php\/wp-json\/wp\/v2\/tags?post=10326"}],"curies":[{"name":"wp","href":"https:\/\/api.w.org\/{rel}","templated":true}]}}