{"id":10323,"date":"2026-03-05T16:44:00","date_gmt":"2026-03-05T13:44:00","guid":{"rendered":"https:\/\/www.trabzonmanset.com\/?p=10323"},"modified":"2026-03-05T19:05:01","modified_gmt":"2026-03-05T16:05:01","slug":"programa-damga-vuran-an-musavat-dervisoglu-ile-oguzhan-ugur-konusurken-olum-haberi-geldi","status":"publish","type":"post","link":"https:\/\/www.trabzonmanset.com\/index.php\/2026\/03\/05\/programa-damga-vuran-an-musavat-dervisoglu-ile-oguzhan-ugur-konusurken-olum-haberi-geldi\/","title":{"rendered":"Programa damga vuran an: M\u00fcsavat Dervi\u015fo\u011flu ile O\u011fuzhan U\u011fur konu\u015furken &#8220;\u00f6l\u00fcm&#8221; haberi geldi"},"content":{"rendered":"\n<p>Mevzular A\u00e7\u0131k Mikrofon program\u0131 s\u0131ras\u0131nda izleyicilerden bir gen\u00e7, babas\u0131n\u0131n vefat haberini al\u0131nca yay\u0131nda duygusal anlar ya\u015fand\u0131; O\u011fuzhan U\u011fur ve M\u00fcsavat Dervi\u015fo\u011flu gen\u00e7 k\u0131za ba\u015fsa\u011fl\u0131\u011f\u0131 diledi.<\/p>\n\n\n\n<ul class=\"wp-block-list\">\n<li>\u0130Y\u0130 Parti Genel Ba\u015fkan\u0131 M\u00fcsavat Dervi\u015fo\u011flu, Babala TV&#8217;de O\u011fuzhan U\u011fur&#8217;un sundu\u011fu Mevzular A\u00e7\u0131k Mikrofon program\u0131na konuk oldu.<\/li>\n\n\n\n<li>Program s\u0131ras\u0131nda salondaki bir izleyici, babas\u0131n\u0131n vefat haberini ald\u0131.<\/li>\n\n\n\n<li>O\u011fuzhan U\u011fur, programda ilk kez b\u00f6yle bir durumla kar\u015f\u0131la\u015ft\u0131klar\u0131n\u0131 belirtti.<\/li>\n<\/ul>\n\n\n\n<p>\u0130Y\u0130 Parti Genel Ba\u015fkan\u0131 M\u00fcsavat Dervi\u015fo\u011flu, Babala TV YouTube kanal\u0131nda O\u011fuzhan U\u011fur&#8217;un sundu\u011fu Mevzular A\u00e7\u0131k Mikrofon program\u0131na konuk oldu. \u00dc\u00e7 saatten fazla s\u00fcren programda Dervi\u015fo\u011flu, salondaki gen\u00e7lerin sorular\u0131n\u0131 yan\u0131tlad\u0131.<\/p>\n\n\n\n<h3 class=\"wp-block-heading\">BABASININ \u00d6L\u00dcM HABER\u0130N\u0130 ALDI<\/h3>\n\n\n\n<p>Program devam ederken salonda izleyici olarak bulunan gen\u00e7 bir k\u0131z, babas\u0131n\u0131n vefat etti\u011fi haberini ald\u0131. Ac\u0131 haberi \u00f6\u011frenen gen\u00e7 k\u0131z\u0131n ya\u015fad\u0131\u011f\u0131 \u00fcz\u00fcnt\u00fc \u00fczerine programda duygusal anlar ya\u015fand\u0131.<\/p>\n\n\n\n<h3 class=\"wp-block-heading\">&#8220;\u0130LK DEFA B\u00d6YLE B\u0130R \u015eEYLE KAR\u015eILA\u015eIYORUZ&#8221;<\/h3>\n\n\n\n<p>O\u011fuzhan U\u011fur, &#8220;Programda ilk defa b\u00f6yle bir \u015feyle kar\u015f\u0131la\u015f\u0131yoruz, izleyicimizin ba\u015f\u0131 sa\u011f olsun&#8221; diyerek gen\u00e7 k\u0131za taziyelerini iletti. M\u00fcsavat Dervi\u015fo\u011flu da ekip arkada\u015flar\u0131na seslenerek gen\u00e7 k\u0131za e\u015flik etmelerini istedi.<\/p>\n\n\n\n<p><\/p>\n","protected":false},"excerpt":{"rendered":"<p>Mevzular A\u00e7\u0131k Mikrofon program\u0131 s\u0131ras\u0131nda izleyicilerden bir gen\u00e7, babas\u0131n\u0131n vefat haberini al\u0131nca yay\u0131nda duygusal anlar ya\u015fand\u0131; O\u011fuzhan U\u011fur ve M\u00fcsavat Dervi\u015fo\u011flu gen\u00e7 k\u0131za ba\u015fsa\u011fl\u0131\u011f\u0131 diledi. \u0130Y\u0130 Parti Genel Ba\u015fkan\u0131 M\u00fcsavat Dervi\u015fo\u011flu, Babala TV YouTube kanal\u0131nda O\u011fuzhan U\u011fur&#8217;un sundu\u011fu Mevzular A\u00e7\u0131k Mikrofon program\u0131na konuk oldu. \u00dc\u00e7 saatten fazla s\u00fcren programda Dervi\u015fo\u011flu, salondaki gen\u00e7lerin sorular\u0131n\u0131 yan\u0131tlad\u0131. BABASININ [&hellip;]<\/p>\n","protected":false},"author":1,"featured_media":10324,"comment_status":"open","ping_status":"open","sticky":false,"template":"","format":"standard","meta":{"footnotes":""},"categories":[1],"tags":[1601,4428,3966],"class_list":["post-10323","post","type-post","status-publish","format-standard","has-post-thumbnail","hentry","category-gundem","tag-iyi-parti-2","tag-musavat-dervisoglu","tag-oguzhan-ugur"],"_links":{"self":[{"href":"https:\/\/www.trabzonmanset.com\/index.php\/wp-json\/wp\/v2\/posts\/10323","targetHints":{"allow":["GET"]}}],"collection":[{"href":"https:\/\/www.trabzonmanset.com\/index.php\/wp-json\/wp\/v2\/posts"}],"about":[{"href":"https:\/\/www.trabzonmanset.com\/index.php\/wp-json\/wp\/v2\/types\/post"}],"author":[{"embeddable":true,"href":"https:\/\/www.trabzonmanset.com\/index.php\/wp-json\/wp\/v2\/users\/1"}],"replies":[{"embeddable":true,"href":"https:\/\/www.trabzonmanset.com\/index.php\/wp-json\/wp\/v2\/comments?post=10323"}],"version-history":[{"count":1,"href":"https:\/\/www.trabzonmanset.com\/index.php\/wp-json\/wp\/v2\/posts\/10323\/revisions"}],"predecessor-version":[{"id":10325,"href":"https:\/\/www.trabzonmanset.com\/index.php\/wp-json\/wp\/v2\/posts\/10323\/revisions\/10325"}],"wp:featuredmedia":[{"embeddable":true,"href":"https:\/\/www.trabzonmanset.com\/index.php\/wp-json\/wp\/v2\/media\/10324"}],"wp:attachment":[{"href":"https:\/\/www.trabzonmanset.com\/index.php\/wp-json\/wp\/v2\/media?parent=10323"}],"wp:term":[{"taxonomy":"category","embeddable":true,"href":"https:\/\/www.trabzonmanset.com\/index.php\/wp-json\/wp\/v2\/categories?post=10323"},{"taxonomy":"post_tag","embeddable":true,"href":"https:\/\/www.trabzonmanset.com\/index.php\/wp-json\/wp\/v2\/tags?post=10323"}],"curies":[{"name":"wp","href":"https:\/\/api.w.org\/{rel}","templated":true}]}}