{"id":10320,"date":"2026-03-05T18:20:00","date_gmt":"2026-03-05T15:20:00","guid":{"rendered":"https:\/\/www.trabzonmanset.com\/?p=10320"},"modified":"2026-03-05T18:57:54","modified_gmt":"2026-03-05T15:57:54","slug":"aliyev-iran-yetkilileri-tarafindan-aciklama-yapilmali-ve-ozur-dilenmeli","status":"publish","type":"post","link":"https:\/\/www.trabzonmanset.com\/index.php\/2026\/03\/05\/aliyev-iran-yetkilileri-tarafindan-aciklama-yapilmali-ve-ozur-dilenmeli\/","title":{"rendered":"Aliyev: &#8220;\u0130ran yetkilileri taraf\u0131ndan a\u00e7\u0131klama yap\u0131lmal\u0131 ve \u00f6z\u00fcr dilenmeli&#8221;"},"content":{"rendered":"\n<p>Azerbaycan Cumhurba\u015fkan\u0131 \u0130lham Aliyev, Nah\u00e7\u0131van&#8217;a ger\u00e7ekle\u015ftirilen insans\u0131z hava arac\u0131 (\u0130HA) sald\u0131r\u0131s\u0131na ili\u015fkin, &#8220;\u0130ran yetkilileri taraf\u0131ndan a\u00e7\u0131klama yap\u0131lmal\u0131, \u00f6z\u00fcr dilenmeli ve bu ter\u00f6r eylemini ger\u00e7ekle\u015ftirenler cezai sorumlulu\u011fa tabi tutulmal\u0131d\u0131r&#8221; dedi.<\/p>\n\n\n\n<p>Azerbaycan Cumhurba\u015fkan\u0131 \u0130lham Aliyev, Nah\u00e7\u0131van \u00d6zerk Cumhuriyeti\u2019ndeki Nah\u00e7\u0131van Havaliman\u0131 ile \u015eekerabad k\u00f6y\u00fcndeki bir okulun yak\u0131nlar\u0131na kamikaze tipi \u0130HA d\u00fc\u015fmesinin ard\u0131ndan Azerbaycan G\u00fcvenlik Konseyi ile toplant\u0131 ger\u00e7ekle\u015ftirdi. Toplant\u0131da konu\u015fan Aliyev, &#8220;Bug\u00fcn \u0130ran taraf\u0131ndan Azerbaycan topraklar\u0131na, Azerbaycan devletine kar\u015f\u0131 bir ter\u00f6r eylemi ger\u00e7ekle\u015ftirilmi\u015ftir. Nah\u00e7\u0131van \u00d6zerk Cumhuriyeti\u2019nin topraklar\u0131 \u0130ran devleti taraf\u0131ndan \u0130HA\u2019lar ile ate\u015f alt\u0131na al\u0131nm\u0131\u015ft\u0131r. Ate\u015fin hedefleri sivil noktalard\u0131. Nah\u00e7\u0131van Uluslararas\u0131 Havaliman\u0131, terminal binas\u0131, okul ve di\u011fer yerler \u0130ran taraf\u0131ndan sald\u0131r\u0131ya u\u011fram\u0131\u015ft\u0131r. Azerbaycan devleti bu \u00e7irkin ter\u00f6r eylemini kesin bir \u015fekilde k\u0131n\u0131yor, bunu ger\u00e7ekle\u015ftirenler derhal sorumlu tutulmal\u0131d\u0131r. Azerbaycan taraf\u0131na \u0130ran yetkilileri taraf\u0131ndan a\u00e7\u0131klama yap\u0131lmal\u0131, \u00f6z\u00fcr dilenmeli ve bu ter\u00f6r eylemini ger\u00e7ekle\u015ftirenler cezai sorumlulu\u011fa tabi tutulmal\u0131d\u0131r&#8221; ifadelerini kulland\u0131.<\/p>\n\n\n\n<p><img decoding=\"async\" src=\"https:\/\/cdn.iha.com.tr\/Contents\/26-03\/05\/aw655589_02.jpg\" alt=\"Aliyev: \" width=\"850px\" height=\"100%\"><br><br><strong>&#8220;Bu ter\u00f6r eylemi ve sald\u0131r\u0131ya m\u00fcsamaha g\u00f6stermeyece\u011fiz&#8221;<\/strong><\/p>\n\n\n\n<p>Aliyev, &#8220;Hepimiz iyi hat\u0131rl\u0131yoruz ki daha \u00f6nce Azerbaycan\u2019\u0131n Tahran\u2019daki b\u00fcy\u00fckel\u00e7ili\u011fi ter\u00f6r eylemine maruz kalm\u0131\u015ft\u0131. B\u00fcy\u00fckel\u00e7ili\u011fe sald\u0131r\u0131, \u0130ran \u00f6zel servisleri taraf\u0131ndan talimatland\u0131r\u0131lm\u0131\u015f bir ki\u015fi taraf\u0131ndan Azerbaycan vatanda\u015flar\u0131na kar\u015f\u0131 kanl\u0131 bir ter\u00f6r eylemi olarak ger\u00e7ekle\u015ftirilmi\u015fti. Bunun sonucunda 1 vatanda\u015f hayat\u0131n\u0131 kaybetmi\u015f, 1 vatanda\u015f ise a\u011f\u0131r yaralanm\u0131\u015ft\u0131. Ayr\u0131ca belirtmeliyim ki Azerbaycan \u00f6zel servisinin silahs\u0131z bir personeli, otomatik t\u00fcfek, molotof kokteyli ve balta ile silahlanm\u0131\u015f ter\u00f6risti etkisiz hale getirmi\u015ftir. O zaman da \u015f\u00fcphemiz yoktu ki bunu ger\u00e7ekle\u015ftiren \u0130ran devletidir. \u00c7\u00fcnk\u00fc bu ter\u00f6r eylemi hem b\u00fcy\u00fckel\u00e7ilik i\u00e7inde hem de \u00e7evresinde yakla\u015f\u0131k 40 dakika s\u00fcrm\u00fc\u015ft\u00fc. Bu 40 dakika boyunca ne g\u00fcvenlik ne de polis g\u00f6revlisi b\u00fcy\u00fckel\u00e7ili\u011fe yakla\u015fmam\u0131\u015ft\u0131r. A\u00e7\u0131k\u00e7a g\u00f6r\u00fcl\u00fcyordu ki Azerbaycan\u2019\u0131 korkutmak ve Azerbaycan\u2019a kar\u015f\u0131 \u00e7irkin eylemlerini ger\u00e7ekle\u015ftirmek i\u00e7in bu ter\u00f6r eylemi \u0130ran devlet kurumlar\u0131n\u0131n en \u00fcst kademelerinden talimat alm\u0131\u015ft\u0131. Bildi\u011finiz gibi o zaman Azerbaycan bu olaya \u00e7ok sert bir tepki g\u00f6stermi\u015fti, Azerbaycan B\u00fcy\u00fckel\u00e7ili\u011fi tahliye edilmi\u015f, t\u00fcm diplomatik ili\u015fkiler durdurulmu\u015ftu. \u0130ran taraf\u0131 bizden \u00f6z\u00fcr dilemeye, su\u00e7unu kabul etmeye zorlanm\u0131\u015ft\u0131. O ter\u00f6r eylemini ger\u00e7ekle\u015ftiren ki\u015fi, bizim \u0131srar\u0131m\u0131zla en a\u011f\u0131r cezay\u0131 alm\u0131\u015ft\u0131. Hatta uzun s\u00fcre bu cezay\u0131 uygulamak istemeyen, hatta su\u00e7luyu kurtarmaya \u00e7al\u0131\u015fan \u0130ran devleti, ter\u00f6risti Azerbaycan temsilcilerinin g\u00f6z\u00fc \u00f6n\u00fcnde idam etmek zorunda kalm\u0131\u015ft\u0131&#8221; \u015feklinde konu\u015ftu. Aliyev, &#8220;Bu sefer de sonu\u00e7 ayn\u0131 olacak. Azerbaycan\u2019a kar\u015f\u0131 i\u015flenmi\u015f bu sebepsiz ter\u00f6r eylemi ve sald\u0131r\u0131ya m\u00fcsamaha g\u00f6stermeyece\u011fiz. Silahl\u0131 Kuvvetlerimize uygun misilleme \u00f6nlemlerini haz\u0131rlama ve uygulama talimat\u0131 verildi&#8221; diye konu\u015ftu.<br><br><strong>&#8220;Onlar\u0131n ger\u00e7ekle\u015ftirdi\u011fi bu ter\u00f6r eylemi, di\u011fer \u00e7irkin eylemlerle birlikte b\u00fcy\u00fck bir nank\u00f6rl\u00fck \u00f6rne\u011fidir&#8221;<\/strong><\/p>\n\n\n\n<p>\u0130ran taraf\u0131na defalarca Azerbaycan topraklar\u0131n\u0131n herhangi bir kom\u015fu devlete kar\u015f\u0131 kullan\u0131lmayaca\u011f\u0131n\u0131 bildirdiklerini hat\u0131rlatan Aliyev, &#8220;Biz buna izin vermeyece\u011fiz, t\u0131pk\u0131 \u015fimdiye kadar hi\u00e7bir zaman izin vermedi\u011fimiz gibi. Ge\u00e7ti\u011fimiz y\u0131l\u0131n yaz aylar\u0131nda ve sonras\u0131nda \u0130ran\u2019dan bize as\u0131ls\u0131z su\u00e7lamalar y\u00f6neltiliyordu. \u0130ran devlet kurumlar\u0131n\u0131n kontrol\u00fcndeki medya kaynaklar\u0131 Azerbaycan\u2019\u0131 karalamak, \u0130ran\u2019da ya\u015fayan soyda\u015flar\u0131m\u0131z\u0131n d\u00fc\u015f\u00fcncelerini de\u011fi\u015ftirmek i\u00e7in iftira kampanyas\u0131 y\u00fcr\u00fct\u00fcyordu. \u00c7\u00fcnk\u00fc iyi biliyorlard\u0131 ki bug\u00fcn ba\u011f\u0131ms\u0131z Azerbaycan devleti, \u0130ran\u2019da ya\u015fayan bir\u00e7ok Azerbaycanl\u0131 i\u00e7in de umut yeridir. Yani bizi karalamak, bize iftira atmak ve itibar\u0131m\u0131z\u0131 zedelemek amac\u0131yla \u0130ran toplumu kar\u015f\u0131s\u0131nda bunu yap\u0131yorlard\u0131. Bunun hi\u00e7bir temeli yoktu. Azerbaycan ne o zaman ne de bu kez \u0130ran\u2019a kar\u015f\u0131 herhangi bir operasyon y\u00fcr\u00fctmemektedir ve y\u00fcr\u00fctmeyecektir. \u00c7\u00fcnk\u00fc bizim duru\u015fumuz budur. Kom\u015fu \u00fclkelere kar\u015f\u0131 herhangi bir operasyon yapma ilgimiz yoktur ve politikam\u0131z buna izin vermez. Biz toprak b\u00fct\u00fcnl\u00fc\u011f\u00fcm\u00fcz\u00fc koruyoruz ve koruduk. T\u0131pk\u0131 Ermenistan i\u015fgaline son verdi\u011fimiz gibi. Her t\u00fcrl\u00fc k\u00f6t\u00fc niyetli g\u00fcce kar\u015f\u0131 g\u00fcc\u00fcm\u00fcz\u00fc g\u00f6stermek i\u00e7in haz\u0131r\u0131z ve \u0130ran bunu unutmamal\u0131d\u0131r. Onlar\u0131n ger\u00e7ekle\u015ftirdi\u011fi bu ter\u00f6r eylemi, di\u011fer \u00e7irkin eylemlerle birlikte b\u00fcy\u00fck bir nank\u00f6rl\u00fck \u00f6rne\u011fidir&#8221; ifadelerini kulland\u0131.<br><br><strong>&#8220;Bize kar\u015f\u0131 bu ter\u00f6r eylemini ger\u00e7ekle\u015ftirenler pi\u015fman olacak&#8221;<\/strong><\/p>\n\n\n\n<p>\u0130ran dini lideri Ali Hamaney&#8217;in \u00f6ld\u00fcr\u00fclmesinin ard\u0131ndan \u0130ran&#8217;a ba\u015f sa\u011fl\u0131\u011f\u0131 dilediklerini hat\u0131rlatan Aliyev, &#8220;D\u0131\u015fi\u015fleri Bakan\u0131, benim talimat\u0131mla meslekta\u015f\u0131yla g\u00f6r\u00fc\u015ft\u00fc. Ben onlar\u0131n b\u00fcy\u00fckel\u00e7ili\u011fine gidip ba\u015fsa\u011fl\u0131\u011f\u0131 dilemek i\u00e7in kendi duru\u015fumu bildirdim. Oysa benim d\u0131\u015f\u0131mda hi\u00e7bir cumhurba\u015fkan\u0131, \u0130ran\u2019\u0131n hi\u00e7bir b\u00fcy\u00fckel\u00e7ili\u011fine gitmedi. Bize kar\u015f\u0131 bu ter\u00f6r eylemini ger\u00e7ekle\u015ftirenler pi\u015fman olacak. G\u00fcc\u00fcm\u00fcz\u00fc s\u0131namas\u0131nlar. G\u00fcc\u00fcm\u00fcz\u00fc s\u0131namak isteyenlerin ba\u015f\u0131 demir yumruk ile ezildi. Bug\u00fcnk\u00fc olay da ayn\u0131 sonucu verecek. Bu nedenle konu ile ilgili bir tedbir plan\u0131 haz\u0131rlanmal\u0131d\u0131r. T\u00fcm talimatlar verilmi\u015ftir. \u0130ran\u2019\u0131n Azerbaycan\u2019daki b\u00fcy\u00fckel\u00e7isi D\u0131\u015fi\u015fleri Bakanl\u0131\u011f\u0131\u2019na \u00e7a\u011fr\u0131ld\u0131, protesto notas\u0131 sunulacak ve di\u011fer diplomatik ad\u0131mlar at\u0131lacakt\u0131r. S\u0131n\u0131r ile ilgili gerekli talimatlar verilmi\u015ftir&#8221; \u015feklinde konu\u015ftu.<\/p>\n\n\n\n<p><img decoding=\"async\" src=\"https:\/\/cdn.iha.com.tr\/Contents\/26-03\/05\/aw655589_03.jpg\" alt=\"Aliyev: \" width=\"850px\" height=\"100%\"><br><br><strong>&#8220;Bu leke, onlar\u0131n y\u00fczlerinden asla silinmeyecek&#8221;<\/strong><\/p>\n\n\n\n<p>Aliyev, &#8220;Ayr\u0131ca belirtmeliyim ki sabah bana bilgi verildi, \u0130ran D\u0131\u015fi\u015fleri Bakan Yard\u0131mc\u0131s\u0131 Bak\u00fc\u2019y\u00fc arayarak kendileri yapamad\u0131klar\u0131 i\u00e7in \u0130ran b\u00fcy\u00fckel\u00e7ili\u011finin L\u00fcbnan\u2019da kalan personelinin tahliyesine Azerbaycan\u2019\u0131n yard\u0131m etmesini istedi. Ben hemen talimat verdim. Yard\u0131m sa\u011flanacak, u\u00e7ak g\u00f6nderilecek. Hatta onlar bunun paras\u0131n\u0131 \u00f6demeye haz\u0131r olduklar\u0131n\u0131 s\u00f6ylediler. Ben dedim ki, gerek yok, \u015fimdi zor g\u00fcnde biz yard\u0131m etmezsek ne zaman edece\u011fiz? Buna ra\u011fmen Nah\u00e7\u0131van&#8217;a b\u00f6ylesine al\u00e7ak\u00e7a ve onursuz bir \u015fekilde sald\u0131rd\u0131lar. Bu leke, onlar\u0131n y\u00fczlerinden asla silinmeyecek. Bu nedenle diplomatik yollarla t\u00fcm gerekli tedbirler al\u0131nacakt\u0131r. Silahl\u0131 Kuvvetlerimiz, Savunma Bakanl\u0131\u011f\u0131, Devlet S\u0131n\u0131r Servisi ve di\u011fer t\u00fcm \u00d6zel Kuvvetler, bir numaral\u0131 seferberlik durumuna getirildi ve her t\u00fcrl\u00fc operasyonu ger\u00e7ekle\u015ftirmeye haz\u0131r olmal\u0131d\u0131r. Azerbaycan halk\u0131 emin olmal\u0131d\u0131r ki kendilerine kar\u015f\u0131 herhangi bir k\u00f6t\u00fc niyetli g\u00fc\u00e7, demir yumru\u011fumuzu g\u00f6recektir&#8221; dedi.<\/p>\n\n\n\n<p>Kaynak: \u0130HA<\/p>\n","protected":false},"excerpt":{"rendered":"<p>Azerbaycan Cumhurba\u015fkan\u0131 \u0130lham Aliyev, Nah\u00e7\u0131van&#8217;a ger\u00e7ekle\u015ftirilen insans\u0131z hava arac\u0131 (\u0130HA) sald\u0131r\u0131s\u0131na ili\u015fkin, &#8220;\u0130ran yetkilileri taraf\u0131ndan a\u00e7\u0131klama yap\u0131lmal\u0131, \u00f6z\u00fcr dilenmeli ve bu ter\u00f6r eylemini ger\u00e7ekle\u015ftirenler cezai sorumlulu\u011fa tabi tutulmal\u0131d\u0131r&#8221; dedi. Azerbaycan Cumhurba\u015fkan\u0131 \u0130lham Aliyev, Nah\u00e7\u0131van \u00d6zerk Cumhuriyeti\u2019ndeki Nah\u00e7\u0131van Havaliman\u0131 ile \u015eekerabad k\u00f6y\u00fcndeki bir okulun yak\u0131nlar\u0131na kamikaze tipi \u0130HA d\u00fc\u015fmesinin ard\u0131ndan Azerbaycan G\u00fcvenlik Konseyi ile toplant\u0131 ger\u00e7ekle\u015ftirdi. [&hellip;]<\/p>\n","protected":false},"author":1,"featured_media":10321,"comment_status":"open","ping_status":"open","sticky":false,"template":"","format":"standard","meta":{"footnotes":""},"categories":[127],"tags":[135,2288,1384,181,4427],"class_list":["post-10320","post","type-post","status-publish","format-standard","has-post-thumbnail","hentry","category-dunya","tag-azerbaycan","tag-iha","tag-ilham-aliyev","tag-iran","tag-nahcivan"],"_links":{"self":[{"href":"https:\/\/www.trabzonmanset.com\/index.php\/wp-json\/wp\/v2\/posts\/10320","targetHints":{"allow":["GET"]}}],"collection":[{"href":"https:\/\/www.trabzonmanset.com\/index.php\/wp-json\/wp\/v2\/posts"}],"about":[{"href":"https:\/\/www.trabzonmanset.com\/index.php\/wp-json\/wp\/v2\/types\/post"}],"author":[{"embeddable":true,"href":"https:\/\/www.trabzonmanset.com\/index.php\/wp-json\/wp\/v2\/users\/1"}],"replies":[{"embeddable":true,"href":"https:\/\/www.trabzonmanset.com\/index.php\/wp-json\/wp\/v2\/comments?post=10320"}],"version-history":[{"count":1,"href":"https:\/\/www.trabzonmanset.com\/index.php\/wp-json\/wp\/v2\/posts\/10320\/revisions"}],"predecessor-version":[{"id":10322,"href":"https:\/\/www.trabzonmanset.com\/index.php\/wp-json\/wp\/v2\/posts\/10320\/revisions\/10322"}],"wp:featuredmedia":[{"embeddable":true,"href":"https:\/\/www.trabzonmanset.com\/index.php\/wp-json\/wp\/v2\/media\/10321"}],"wp:attachment":[{"href":"https:\/\/www.trabzonmanset.com\/index.php\/wp-json\/wp\/v2\/media?parent=10320"}],"wp:term":[{"taxonomy":"category","embeddable":true,"href":"https:\/\/www.trabzonmanset.com\/index.php\/wp-json\/wp\/v2\/categories?post=10320"},{"taxonomy":"post_tag","embeddable":true,"href":"https:\/\/www.trabzonmanset.com\/index.php\/wp-json\/wp\/v2\/tags?post=10320"}],"curies":[{"name":"wp","href":"https:\/\/api.w.org\/{rel}","templated":true}]}}