{"id":10290,"date":"2026-03-03T21:10:00","date_gmt":"2026-03-03T18:10:00","guid":{"rendered":"https:\/\/www.trabzonmanset.com\/?p=10290"},"modified":"2026-03-04T00:32:12","modified_gmt":"2026-03-03T21:32:12","slug":"cumhurbaskani-erdogan-biz-bolgemizi-ve-insanligi-ilgilendiren-meselelerde-asla-tarafsiz-degiliz","status":"publish","type":"post","link":"https:\/\/www.trabzonmanset.com\/index.php\/2026\/03\/03\/cumhurbaskani-erdogan-biz-bolgemizi-ve-insanligi-ilgilendiren-meselelerde-asla-tarafsiz-degiliz\/","title":{"rendered":"Cumhurba\u015fkan\u0131 Erdo\u011fan: &#8220;Biz b\u00f6lgemizi ve insanl\u0131\u011f\u0131 ilgilendiren meselelerde asla tarafs\u0131z de\u011filiz&#8221;"},"content":{"rendered":"\n<p>Cumhurba\u015fkan\u0131 Recep Tayyip Erdo\u011fan, &#8220;Belirsizli\u011fin, gerilimin, \u00e7at\u0131\u015fman\u0131n ve hukuksuzlu\u011fun norm haline geldi\u011fi b\u00f6yle hassas bir konjonkt\u00fcrde T\u00fcrkiye\u2019nin tavr\u0131 bellidir. Biz b\u00f6lgemizi ve insanl\u0131\u011f\u0131 ilgilendiren meselelerde asla tarafs\u0131z de\u011filiz. Biz t\u00fcm d\u00fcnyan\u0131n gelece\u011fini tehdit eden konularda tarafs\u0131z de\u011filiz. Tam tersine T\u00fcrkiye olarak sulhu s\u00fckunun taraf\u0131nday\u0131z&#8221; dedi.<\/p>\n\n\n\n<p>Cumhurba\u015fkan\u0131 Recep Tayyip Erdo\u011fan, T\u00fcrkiye B\u00fcy\u00fck Millet Meclisi\u2019nde (TBMM) d\u00fczenlenen iftar program\u0131nda milletvekilleriyle bir araya geldi. Ramazan ay\u0131n\u0131 tebrik ederek konu\u015fmas\u0131na ba\u015flayan Erdo\u011fan, Meclis\u2019in tarihi rol\u00fcne ve k\u00fcresel geli\u015fmelere ili\u015fkin \u00f6nemli mesajlar verdi. Konu\u015fmas\u0131nda TBMM\u2019nin ikinci kez &#8220;gazi&#8221; unvan\u0131 ald\u0131\u011f\u0131na vurgu yapan Erdo\u011fan, 23 Nisan 1920\u2019den bu yana millete hizmet eden t\u00fcm milletvekillerini \u015f\u00fckranla and\u0131. Milli M\u00fccadele d\u00f6nemine at\u0131fta bulunan Erdo\u011fan, \u0130stiklal Harbi\u2019nin Ba\u015fkomutan\u0131 Mustafa Kemal Atat\u00fcrk\u2019\u00fcn &#8220;Ya istiklal ya \u00f6l\u00fcm&#8221; s\u00f6z\u00fcn\u00fc hat\u0131rlatarak, ba\u011f\u0131ms\u0131zl\u0131k ruhunun \u00f6nemine dikkat \u00e7ekti. &#8220;Bu vatan \u00f6lmez. \u00d6lmesi farz-\u0131 muhaldir&#8221; diyen Erdo\u011fan, &#8220;T\u00fcrkiye, T\u00fcrkiye\u2019den b\u00fcy\u00fckt\u00fcr&#8221; s\u00f6z\u00fcn\u00fcn hamasi bir s\u00f6ylem de\u011fil, milletin inanc\u0131n\u0131n ve iradesinin tescili oldu\u011funu s\u00f6yledi.<\/p>\n\n\n\n<p><strong>&#8220;Y\u0131llard\u0131r bize hukuktan, insan hak ve h\u00fcrriyetlerinden bahsedenlerin bizzat kendileri bug\u00fcn bu de\u011ferleri yok say\u0131yor&#8221;<\/strong><\/p>\n\n\n\n<p>D\u00fcnyan\u0131n tamam\u0131n\u0131n s\u0131k\u0131nt\u0131l\u0131 bir s\u00fcre\u00e7ten ge\u00e7ti\u011fini ve uluslararas\u0131 kurumlar\u0131n etkisizle\u015fti\u011fini ve k\u00fcresel adaletsizli\u011fin derinle\u015fti\u011fini belirten Cumhurba\u015fkan\u0131 Erdo\u011fan, \u015f\u00f6yle devam etti:<\/p>\n\n\n\n<p>&#8220;T\u00fcrkiye B\u00fcy\u00fck Millet Meclisi\u2019nin mensuplar\u0131 olarak sizler de \u00e7ok iyi biliyorsunuz ki sadece b\u00f6lgemiz de\u011fil, sadece i\u00e7inde bulundu\u011fumuz co\u011frafya de\u011fil, topyekun d\u00fcnya kritik d\u00f6nemlerden ge\u00e7iyor. Uluslararas\u0131 kurum ve kurulu\u015flar\u0131n etkisizle\u015fti\u011fi, g\u00fc\u00e7 dengesinin giderek bozuldu\u011fu, uluslararas\u0131 anla\u015fmalar\u0131n yamal\u0131 boh\u00e7aya d\u00f6nd\u00fc\u011f\u00fc, uluslararas\u0131 hukukun b\u00fcy\u00fck \u00f6l\u00e7\u00fcde rafa kald\u0131r\u0131ld\u0131\u011f\u0131, geleneksel diplomasi anlay\u0131\u015f\u0131n\u0131n terk edildi\u011fi bir eksen kaymas\u0131n\u0131 k\u00fcresel d\u00fczeyde hep beraber tecr\u00fcbe ediyoruz. \u0130kinci D\u00fcnya Sava\u015f\u0131 sonras\u0131 kurulan d\u00fcnya sistemi tabiri caizse \u00e7at\u0131r \u00e7at\u0131r diyor, temelinden sars\u0131l\u0131yor. D\u00fcnya en k\u00fc\u00e7\u00fck k\u0131v\u0131lc\u0131mda tutu\u015facak derecede \u0131s\u0131n\u0131yor, \u0131s\u0131t\u0131l\u0131yor. K\u00fcresel adaletsizlik gittik\u00e7e daha da derinle\u015fiyor, kronikle\u015fiyor. Eski d\u00fczen y\u0131k\u0131l\u0131rken yerine neyin konaca\u011f\u0131 hen\u00fcz tam olarak bilinmiyor. D\u00fcnyam\u0131z h\u0131zla kaba kuvvetin ve g\u00fc\u00e7l\u00fcn\u00fcn hukukunun i\u015fletildi\u011fi kaotik bir d\u00f6neme do\u011fru s\u00fcr\u00fckleniyor. Kom\u015fumuz \u0130ran\u2019a y\u00f6nelik sald\u0131r\u0131larla ba\u015flayan s\u00fcre\u00e7, bu vesileyle bunlara bir kez daha \u015fahitlik ediyoruz. Birle\u015fmi\u015f Milletler sisteminin sembolize etti\u011fi \u00e7ok tarafl\u0131l\u0131k, egemen e\u015fitlik, anla\u015fmazl\u0131klar\u0131n diplomasiyle \u00e7\u00f6z\u00fcm\u00fc gibi prensipler, bizzat bu sistemin kurucular\u0131 taraf\u0131ndan ac\u0131k\u0131nca yenilen putlara d\u00f6n\u00fc\u015ft\u00fcr\u00fclm\u00fc\u015f durumda. Y\u0131llard\u0131r bize hukuktan, insan hak ve h\u00fcrriyetlerinden bahsedenlerin bizzat kendileri bug\u00fcn bu de\u011ferleri yok say\u0131yor, \u00e7i\u011fnemekte hi\u00e7bir beis g\u00f6rm\u00fcyorlar.&#8221;<\/p>\n\n\n\n<p><strong>&#8220;Biz b\u00f6lgemizi ve insanl\u0131\u011f\u0131 ilgilendiren meselelerde asla tarafs\u0131z de\u011filiz&#8221;<\/strong><\/p>\n\n\n\n<p>Ya\u015fanan kaoslarda T\u00fcrkiye\u2019nin taraf\u0131n\u0131n net oldu\u011funun alt\u0131n\u0131 \u00e7izen Erdo\u011fan, &#8220;Belirsizli\u011fin, gerilimin, \u00e7at\u0131\u015fman\u0131n ve hukuksuzlu\u011fun norm haline geldi\u011fi b\u00f6yle hassas bir konjonkt\u00fcrde T\u00fcrkiye\u2019nin tavr\u0131 bellidir. Biz b\u00f6lgemizi ve insanl\u0131\u011f\u0131 ilgilendiren meselelerde asla tarafs\u0131z de\u011filiz. Biz karde\u015flerimiz ve kom\u015fular\u0131m\u0131z\u0131n huzurunu bozan hadiselerde tarafs\u0131z de\u011filiz. Biz t\u00fcm d\u00fcnyan\u0131n gelece\u011fini tehdit eden konularda tarafs\u0131z de\u011filiz. Tam tersine T\u00fcrkiye olarak sulh\u00fc s\u00fckunun taraf\u0131nday\u0131z. Huzurun ve istikrar\u0131n taraf\u0131nday\u0131z. Dayan\u0131\u015fman\u0131n ve i\u015f birli\u011finin taraf\u0131nday\u0131z. Evrensel de\u011ferlerin, adaletin ve kalk\u0131nman\u0131n taraf\u0131nday\u0131z. Sorunlar\u0131n diyalog ve diplomasiyle \u00e7\u00f6z\u00fclmesinin taraf\u0131nday\u0131z. \u00c7at\u0131\u015fma yerine m\u00fczakerenin, sava\u015f yerine bar\u0131\u015f\u0131n taraf\u0131nday\u0131z. \u00d6ld\u00fcrmenin, katletmenin, haydutlu\u011fun, soyk\u0131r\u0131m\u0131n ve soyk\u0131r\u0131mc\u0131lar\u0131n de\u011fil hakk\u0131n, hakikatin, nerede olursa olsun insan\u0131 ya\u015fatman\u0131n taraf\u0131nday\u0131z. Mazlumlar\u0131n g\u00f6zya\u015f\u0131n\u0131 dindirmenin, zulm\u00fc engellemenin taraf\u0131nday\u0131z. \u0130n\u015fallah bu \u00e7izgimizi, bu duru\u015fumuzu her daim koruyaca\u011f\u0131z. Nas\u0131l bug\u00fcnlere oyunlar\u0131 bozarak geldiysek, nas\u0131l bize demokrasi ve insan haklar\u0131 dersi verenler susarken zulm\u00fcn oldu\u011fu her yerde cesaretle hakk\u0131 hayk\u0131rd\u0131ysak, nas\u0131l zalimlere hi\u00e7bir zaman boyun e\u011fmediysek, Allah\u2019\u0131n izni, aziz milletimizin g\u00fc\u00e7l\u00fc deste\u011fiyle adaletsizlikler kar\u015f\u0131s\u0131nda dik durmaya devam edece\u011fiz. Basiretli d\u00fc\u015f\u00fcnmeye, so\u011fukkanl\u0131 olmaya, sa\u011fduyulu davranmaya devam edece\u011fiz. Bilhassa yak\u0131n \u00e7evremizde f\u00fczeler havada u\u00e7u\u015furken 86 milyonun tek bir ferdinin dahi k\u0131l\u0131na zarar gelmemesi i\u00e7in dikkatli, temkinli, sab\u0131rl\u0131 fakat haks\u0131zl\u0131klar ve haydutluklar kar\u015f\u0131s\u0131nda da bir o kadar dirayetli olmaya devam edece\u011fiz&#8221; a\u00e7\u0131klamas\u0131nda bulundu.<\/p>\n\n\n\n<p><strong>&#8220;Milli Dayan\u0131\u015fma, Karde\u015flik ve Demokrasi Komisyonu tarihi misyonunu ba\u015far\u0131yla yerine getirmi\u015ftir&#8221;<\/strong><\/p>\n\n\n\n<p>Ya\u015fanan t\u00fcm olumsuzluklara ra\u011fmen T\u00fcrkiye\u2019nin T\u00fcrkiye Y\u00fczy\u0131l\u0131\u2019na haz\u0131rland\u0131\u011f\u0131n\u0131 s\u00f6yleyen Cumhurba\u015fkan\u0131 Erdo\u011fan, &#8220;D\u00fcnyan\u0131n f\u0131rt\u0131nal\u0131 sularda seyretti\u011fi g\u00fcn\u00fcm\u00fczde altyap\u0131m\u0131z\u0131, ekonomimizi, diplomasimizi, ordumuzu ve savunma sanayimizi g\u00fc\u00e7lendirerek, milli birli\u011fimizi tahkim ederek hep beraber T\u00fcrkiye Y\u00fczy\u0131l\u0131\u2019na haz\u0131rlan\u0131yoruz. Burada \u015funu \u00f6nemli ifade etmek istiyorum; T\u00fcrkiye Y\u00fczy\u0131l\u0131 vizyonumuzun k\u00f6\u015fe ta\u015flar\u0131ndan biri ter\u00f6rs\u00fcz T\u00fcrkiye ve ter\u00f6rs\u00fcz b\u00f6lge hedefiyle y\u00fcr\u00fctt\u00fc\u011f\u00fcm\u00fcz \u00e7al\u0131\u015fmalard\u0131r. Bak\u0131n\u0131z bundan 94 y\u0131l \u00f6nce yine bu y\u00fcce \u00e7at\u0131 alt\u0131nda Gazi Pa\u015fa\u2019n\u0131n dile getirdi\u011fi \u015fu \u00f6nemli tespitler ge\u00e7erlili\u011fini aynen muhafaza etmektedir: \u2018B\u00fcy\u00fck milli dertler \u015fimdiye kadar ancak B\u00fcy\u00fck Millet Meclisi\u2019nde \u015fifa buldu. Atiyen de yaln\u0131z orada kati tedbirlerini bulabilecektir.\u2019 Evet 23 Nisan 1920\u2019den bug\u00fcne Meclisimiz milli dertlere milli re\u00e7eteler yazma konusunda maharetini farkl\u0131 vesilelerle g\u00f6stermi\u015ftir. Bu Gazi Meclis ne kadar komplike olursa olsun, \u00fclkenin ve milletin can\u0131n\u0131 yakan her t\u00fcrl\u00fc soruna \u00e7\u00f6z\u00fcm \u00fcretecek kapasiteye, dirayete ve demokratik olgunlu\u011fa hamdolsun bug\u00fcn de ziyadesiyle sahiptir. 5 A\u011fustos\u2019ta Meclisimiz b\u00fcnyesinde kurulan Milli Dayan\u0131\u015fma, Karde\u015flik ve Demokrasi Komisyonu tarihi misyonunu ba\u015far\u0131yla yerine getirmi\u015ftir. Komisyon siyasi parti gruplar\u0131n\u0131n mutabakat\u0131yla nihai raporunu kabul etmi\u015f, b\u00f6ylece s\u00fcrece olan inanc\u0131 g\u00fc\u00e7lendirmi\u015f, \u2018Ter\u00f6rs\u00fcz T\u00fcrkiye\u2019 hedefine giden yolda ufuk a\u00e7\u0131c\u0131 bir rol \u00fcstlenmi\u015ftir. Ba\u015fta Meclis Ba\u015fkan\u0131m\u0131z Say\u0131n Numan Kurtulmu\u015f olmak \u00fczere komisyonda g\u00f6rev alan t\u00fcm milletvekillerine kalpten te\u015fekk\u00fcr ediyorum. Partimizi ve ittifak\u0131m\u0131z\u0131 komisyonda b\u00fcy\u00fck bir ba\u015far\u0131yla temsil eden arkada\u015flar\u0131m\u0131z\u0131 ayr\u0131ca tebrik ediyorum. Gazi Meclisimizin nihai raporda v\u00fccut, anlam bulan uzla\u015f\u0131 ruhuna sahip \u00e7\u0131karak, \u00f6n\u00fcm\u00fczdeki d\u00f6nemde \u00fclkemizi bu sorundan tamamen kurtarmak i\u00e7in gerekli \u00f6z g\u00fcveni, cesareti ve iradeyi g\u00f6sterece\u011fine inan\u0131yorum&#8221; diye konu\u015ftu.<\/p>\n\n\n\n<p><strong>&#8220;Do\u011fru bildi\u011fimiz yolda emin, kararl\u0131 ve cesur ad\u0131mlarla ilerleyece\u011fiz&#8221;<\/strong><\/p>\n\n\n\n<p>T\u00fcrkiye\u2019nin ter\u00f6r sorunundan kurtulmas\u0131 gerekti\u011fini ve bu s\u00fcreci baltalamak isteyenlerin olaca\u011f\u0131n\u0131 belirten Erdo\u011fan, &#8220;\u015euras\u0131 bir ger\u00e7ek ki d\u00fcn oldu\u011fu gibi yar\u0131n da bu s\u00fcreci hazmedemeyenler, T\u00fcrkiye\u2019yi girdi\u011fi bu yoldan geri d\u00f6nd\u00fcrmek isteyenler, bu hay\u0131rl\u0131 s\u00fcreci var g\u00fc\u00e7leriyle engellemeye \u00e7al\u0131\u015fanlar olacakt\u0131r. Biz bunlara ald\u0131rmayaca\u011f\u0131z. Do\u011fru bildi\u011fimiz yolda emin, kararl\u0131 ve cesur ad\u0131mlarla ilerleyece\u011fiz. Bu f\u0131rsat\u0131, bu imkan\u0131 heba etmeyecek, heba edilmesine izin vermeyece\u011fiz. AK Parti ve Cumhur \u0130ttifak\u0131 olarak Meclisteki di\u011fer siyasi partilerimizin de m\u00fcspet katk\u0131lar\u0131yla s\u00fcrecin menziline varmas\u0131 i\u00e7in sorumluluk duygusuyla hareket edece\u011fiz. Yakla\u015f\u0131k yar\u0131m as\u0131rd\u0131r milletimizin aya\u011f\u0131na ba\u011f olan, on binlerce vatanda\u015f\u0131m\u0131z\u0131n can\u0131n\u0131 yakan, nice annenin y\u00fcre\u011fine ate\u015fler d\u00fc\u015f\u00fcren, \u00fclkemize ekonomik maliyeti 2 trilyon dolar\u0131 a\u015fan bu musibetten T\u00fcrkiye\u2019yi in\u015fallah kurtaraca\u011f\u0131z. Bunu da karde\u015flik hukuku i\u00e7inde, vatanda\u015fl\u0131k hukuku i\u00e7inde, \u015fehitlerimizin ruhlar\u0131n\u0131 muazzep etmeden, gazilerimizi ve \u015fehit yak\u0131nlar\u0131m\u0131z\u0131 m\u00fcteessir etmeden me\u015fru ve makul bir zeminde ger\u00e7ekle\u015ftirece\u011fiz. Ayn\u0131 hassasiyeti, ayn\u0131 \u00f6zg\u00fcvenli ve yap\u0131c\u0131 yakla\u015f\u0131m\u0131 bu \u00e7at\u0131 alt\u0131ndaki her bir milletvekilinden, t\u00fcm siyasi partilerden bekledi\u011fimizi bir kez daha vurgulamak istiyorum. \u0130n\u015fallah T\u00fcrkiye bu meseleyi kal\u0131c\u0131 olarak geride b\u0131rakt\u0131\u011f\u0131nda \u00e7ok farkl\u0131 bir atmosfer yakalayacak, kab\u0131na s\u0131\u011fmayacak, a\u011f\u0131r y\u00fcklerinden kurtulmu\u015f bir \u015fekilde ayd\u0131nl\u0131k yar\u0131nlar\u0131na do\u011fru ko\u015far ad\u0131m gidecektir&#8221; dedi.<\/p>\n\n\n\n<p>Kaynak: \u0130HA<\/p>\n","protected":false},"excerpt":{"rendered":"<p>Cumhurba\u015fkan\u0131 Recep Tayyip Erdo\u011fan, &#8220;Belirsizli\u011fin, gerilimin, \u00e7at\u0131\u015fman\u0131n ve hukuksuzlu\u011fun norm haline geldi\u011fi b\u00f6yle hassas bir konjonkt\u00fcrde T\u00fcrkiye\u2019nin tavr\u0131 bellidir. Biz b\u00f6lgemizi ve insanl\u0131\u011f\u0131 ilgilendiren meselelerde asla tarafs\u0131z de\u011filiz. Biz t\u00fcm d\u00fcnyan\u0131n gelece\u011fini tehdit eden konularda tarafs\u0131z de\u011filiz. Tam tersine T\u00fcrkiye olarak sulhu s\u00fckunun taraf\u0131nday\u0131z&#8221; dedi. Cumhurba\u015fkan\u0131 Recep Tayyip Erdo\u011fan, T\u00fcrkiye B\u00fcy\u00fck Millet Meclisi\u2019nde (TBMM) d\u00fczenlenen [&hellip;]<\/p>\n","protected":false},"author":1,"featured_media":10291,"comment_status":"open","ping_status":"open","sticky":false,"template":"","format":"standard","meta":{"footnotes":""},"categories":[11],"tags":[846,620,975],"class_list":["post-10290","post","type-post","status-publish","format-standard","has-post-thumbnail","hentry","category-manset","tag-cumhurbaskani-erdogan","tag-recep-tayyip-erdogan","tag-tbmm"],"_links":{"self":[{"href":"https:\/\/www.trabzonmanset.com\/index.php\/wp-json\/wp\/v2\/posts\/10290","targetHints":{"allow":["GET"]}}],"collection":[{"href":"https:\/\/www.trabzonmanset.com\/index.php\/wp-json\/wp\/v2\/posts"}],"about":[{"href":"https:\/\/www.trabzonmanset.com\/index.php\/wp-json\/wp\/v2\/types\/post"}],"author":[{"embeddable":true,"href":"https:\/\/www.trabzonmanset.com\/index.php\/wp-json\/wp\/v2\/users\/1"}],"replies":[{"embeddable":true,"href":"https:\/\/www.trabzonmanset.com\/index.php\/wp-json\/wp\/v2\/comments?post=10290"}],"version-history":[{"count":1,"href":"https:\/\/www.trabzonmanset.com\/index.php\/wp-json\/wp\/v2\/posts\/10290\/revisions"}],"predecessor-version":[{"id":10292,"href":"https:\/\/www.trabzonmanset.com\/index.php\/wp-json\/wp\/v2\/posts\/10290\/revisions\/10292"}],"wp:featuredmedia":[{"embeddable":true,"href":"https:\/\/www.trabzonmanset.com\/index.php\/wp-json\/wp\/v2\/media\/10291"}],"wp:attachment":[{"href":"https:\/\/www.trabzonmanset.com\/index.php\/wp-json\/wp\/v2\/media?parent=10290"}],"wp:term":[{"taxonomy":"category","embeddable":true,"href":"https:\/\/www.trabzonmanset.com\/index.php\/wp-json\/wp\/v2\/categories?post=10290"},{"taxonomy":"post_tag","embeddable":true,"href":"https:\/\/www.trabzonmanset.com\/index.php\/wp-json\/wp\/v2\/tags?post=10290"}],"curies":[{"name":"wp","href":"https:\/\/api.w.org\/{rel}","templated":true}]}}