{"id":10243,"date":"2026-03-02T15:10:00","date_gmt":"2026-03-02T12:10:00","guid":{"rendered":"https:\/\/www.trabzonmanset.com\/?p=10243"},"modified":"2026-03-02T19:49:17","modified_gmt":"2026-03-02T16:49:17","slug":"trabzonspora-kupa-maci-oncesi-nwaiwudan-kotu-haber","status":"publish","type":"post","link":"https:\/\/www.trabzonmanset.com\/index.php\/2026\/03\/02\/trabzonspora-kupa-maci-oncesi-nwaiwudan-kotu-haber\/","title":{"rendered":"Trabzonspor&#8217;a kupa ma\u00e7\u0131 \u00f6ncesi Nwaiwu&#8217;dan k\u00f6t\u00fc haber"},"content":{"rendered":"\n<p>Trabzonspor, Nwaiwu&#8217;nun sol uyluk i\u00e7 kas grubunda kanama ve \u00f6dem belirlendi\u011fini duyurdu.<\/p>\n\n\n\n<p>Trabzonspor, Nwaiwu&#8217;nun sol uyluk i\u00e7 kas grubunda sakatl\u0131k belirlendi.<br><br>T\u00fcrkiye Kupas\u0131&#8217;nda yar\u0131n deplasmanda Ba\u015fak\u015fehir&#8217;le kar\u015f\u0131la\u015facak Bordo-mavili tak\u0131mda Nijeryal\u0131 stoper Nwaiwu&#8217;dan gelen sakatl\u0131k haberiyle sars\u0131ld\u0131.<br><br>Bordo-mavili ekipten yap\u0131lan a\u00e7\u0131klama \u015fu \u015fekilde:<br><br><strong>&#8220;Trendyol S\u00fcper Lig Mehmet Ali Y\u0131lmaz Sezonu\u2019nun 24. haftas\u0131nda oynad\u0131\u011f\u0131m\u0131z Fatih Karag\u00fcmr\u00fck ma\u00e7\u0131nda sakatlanarak oyundan \u00e7\u0131kan futbolcumuz Chibuike Nwaiwu\u2019nun yap\u0131lan muayene ve MR g\u00f6r\u00fcnt\u00fclemesi sonucunda sol uyluk i\u00e7 kas grubunda kanama ve \u00f6dem saptanm\u0131\u015ft\u0131r. Oyuncumuzun tedavisine sa\u011fl\u0131k ekibimizce ba\u015flanm\u0131\u015ft\u0131r.&#8221;<\/strong><\/p>\n\n\n\n<p><\/p>\n","protected":false},"excerpt":{"rendered":"<p>Trabzonspor, Nwaiwu&#8217;nun sol uyluk i\u00e7 kas grubunda kanama ve \u00f6dem belirlendi\u011fini duyurdu. Trabzonspor, Nwaiwu&#8217;nun sol uyluk i\u00e7 kas grubunda sakatl\u0131k belirlendi. T\u00fcrkiye Kupas\u0131&#8217;nda yar\u0131n deplasmanda Ba\u015fak\u015fehir&#8217;le kar\u015f\u0131la\u015facak Bordo-mavili tak\u0131mda Nijeryal\u0131 stoper Nwaiwu&#8217;dan gelen sakatl\u0131k haberiyle sars\u0131ld\u0131. Bordo-mavili ekipten yap\u0131lan a\u00e7\u0131klama \u015fu \u015fekilde: &#8220;Trendyol S\u00fcper Lig Mehmet Ali Y\u0131lmaz Sezonu\u2019nun 24. haftas\u0131nda oynad\u0131\u011f\u0131m\u0131z Fatih Karag\u00fcmr\u00fck ma\u00e7\u0131nda [&hellip;]<\/p>\n","protected":false},"author":1,"featured_media":10244,"comment_status":"open","ping_status":"open","sticky":false,"template":"","format":"standard","meta":{"footnotes":""},"categories":[14],"tags":[1316,4339,448,3478],"class_list":["post-10243","post","type-post","status-publish","format-standard","has-post-thumbnail","hentry","category-spor","tag-basaksehir","tag-nwaiwu","tag-trabzonspor","tag-turkiye-kupasi"],"_links":{"self":[{"href":"https:\/\/www.trabzonmanset.com\/index.php\/wp-json\/wp\/v2\/posts\/10243","targetHints":{"allow":["GET"]}}],"collection":[{"href":"https:\/\/www.trabzonmanset.com\/index.php\/wp-json\/wp\/v2\/posts"}],"about":[{"href":"https:\/\/www.trabzonmanset.com\/index.php\/wp-json\/wp\/v2\/types\/post"}],"author":[{"embeddable":true,"href":"https:\/\/www.trabzonmanset.com\/index.php\/wp-json\/wp\/v2\/users\/1"}],"replies":[{"embeddable":true,"href":"https:\/\/www.trabzonmanset.com\/index.php\/wp-json\/wp\/v2\/comments?post=10243"}],"version-history":[{"count":1,"href":"https:\/\/www.trabzonmanset.com\/index.php\/wp-json\/wp\/v2\/posts\/10243\/revisions"}],"predecessor-version":[{"id":10245,"href":"https:\/\/www.trabzonmanset.com\/index.php\/wp-json\/wp\/v2\/posts\/10243\/revisions\/10245"}],"wp:featuredmedia":[{"embeddable":true,"href":"https:\/\/www.trabzonmanset.com\/index.php\/wp-json\/wp\/v2\/media\/10244"}],"wp:attachment":[{"href":"https:\/\/www.trabzonmanset.com\/index.php\/wp-json\/wp\/v2\/media?parent=10243"}],"wp:term":[{"taxonomy":"category","embeddable":true,"href":"https:\/\/www.trabzonmanset.com\/index.php\/wp-json\/wp\/v2\/categories?post=10243"},{"taxonomy":"post_tag","embeddable":true,"href":"https:\/\/www.trabzonmanset.com\/index.php\/wp-json\/wp\/v2\/tags?post=10243"}],"curies":[{"name":"wp","href":"https:\/\/api.w.org\/{rel}","templated":true}]}}