{"id":10209,"date":"2026-03-01T23:40:00","date_gmt":"2026-03-01T20:40:00","guid":{"rendered":"https:\/\/www.trabzonmanset.com\/?p=10209"},"modified":"2026-03-02T00:02:39","modified_gmt":"2026-03-01T21:02:39","slug":"abd-tarihinde-ilk-kez-kullandi-irana-bunlarla-saldirdilar","status":"publish","type":"post","link":"https:\/\/www.trabzonmanset.com\/index.php\/2026\/03\/01\/abd-tarihinde-ilk-kez-kullandi-irana-bunlarla-saldirdilar\/","title":{"rendered":"ABD tarihinde ilk kez kulland\u0131: \u0130ran&#8217;a bunlarla sald\u0131rd\u0131lar!"},"content":{"rendered":"\n<p>ABD Merkez Kuvvetler Komutanl\u0131\u011f\u0131, ABD&#8217;nin \u0130ran&#8217;a ger\u00e7ekle\u015ftirdi\u011fi &#8220;Destans\u0131 \u00d6fke&#8221; olarak adland\u0131r\u0131lan operasyonun detaylar\u0131n\u0131 payla\u015ft\u0131. CENTCOM, s\u00f6z konusu sald\u0131r\u0131larda ilk kez kamikaze insans\u0131z hava arac\u0131 kullan\u0131ld\u0131\u011f\u0131n\u0131 a\u00e7\u0131klad\u0131.<\/p>\n\n\n\n<p>ABD Merkez Kuvvetler Komutanl\u0131\u011f\u0131 (CENTCOM), ABD&#8217;nin\u00a0\u0130ran&#8217;a ger\u00e7ekle\u015ftirdi\u011fi &#8220;Destans\u0131 \u00d6fke&#8221; olarak adland\u0131r\u0131lan operasyonun detaylar\u0131n\u0131 payla\u015ft\u0131. CENTCOM, s\u00f6z konusu sald\u0131r\u0131larda ilk kez kamikaze insans\u0131z hava arac\u0131 (\u0130HA) kullan\u0131ld\u0131\u011f\u0131n\u0131 a\u00e7\u0131klad\u0131.<\/p>\n\n\n\n<figure class=\"wp-block-image\"><a href=\"https:\/\/www.haber7.com\/dunya\/haber\/3608396-bir-ulke-daha-irana-saldirmaya-hazirlaniyor-yetki-verildi-deyip-duyurdular\" target=\"_blank\" rel=\"noreferrer noopener\"><img decoding=\"async\" src=\"https:\/\/i12.haber7.net\/\/haber\/haber7\/photos\/2026\/09\/XQo2M_1772396192_026.jpg\" alt=\"\"\/><\/a><\/figure>\n\n\n\n<h3 class=\"wp-block-heading\"><strong>CENTCOM&#8217;DAN \u0130RAN OPERASYONU A\u00c7IKLAMASI<\/strong><\/h3>\n\n\n\n<p>ABD Merkez Kuvvetler Komutanl\u0131\u011f\u0131 (CENTCOM), ABD&#8217;nin \u0130srail ile koordinasyon i\u00e7inde&nbsp;\u0130ran&#8217;a ger\u00e7ekle\u015ftirdi\u011fi sald\u0131r\u0131ya ili\u015fkin detay ve g\u00f6r\u00fcnt\u00fcler payla\u015ft\u0131. ABD Ba\u015fkan\u0131 Donald Trump&#8217;\u0131n talimat\u0131yla ba\u015flat\u0131lan operasyonda &#8220;acil tehdit olu\u015fturan noktalara \u00f6ncelik verildi\u011fi&#8221; ifade edilen a\u00e7\u0131klamada, &#8220;\u0130ran&nbsp;rejiminin g\u00fcvenlik yap\u0131s\u0131n\u0131 da\u011f\u0131tmak amac\u0131yla hedeflere y\u00f6nelik sald\u0131r\u0131lara ba\u015fland\u0131. Hedefler aras\u0131nda \u0130ran Devrim Muhaf\u0131zlar\u0131 Ordusu&#8217;nun (DMO) komuta ve kontrol merkezleri, \u0130ran&#8217;\u0131n hava savunma kabiliyetleri, f\u00fcze ve insans\u0131z hava arac\u0131 f\u0131rlatma sahalar\u0131 ve askeri havaalanlar\u0131 yer ald\u0131&#8221; denildi.<\/p>\n\n\n\n<p>ABD ve ortak kuvvetlerin ilk sald\u0131r\u0131 dalgas\u0131n\u0131n ard\u0131ndan CENTCOM&#8217;un y\u00fczlerce \u0130ran f\u00fczesi ve insans\u0131z hava arac\u0131 sald\u0131r\u0131s\u0131na kar\u015f\u0131 savunma ger\u00e7ekle\u015ftirdi\u011fi ifade edilen a\u00e7\u0131klamada, &#8220;ABD personeline ait can kayb\u0131 ya da muharebeye ba\u011fl\u0131 yaralanma kaydedilmedi. ABD tesislerindeki hasar asgari d\u00fczeyde kald\u0131 ve operasyonlar\u0131 etkilemedi&#8221; denildi.<\/p>\n\n\n\n<figure class=\"wp-block-image\"><img decoding=\"async\" src=\"https:\/\/i12.haber7.net\/\/haber\/haber7\/photos\/2026\/09\/Q5X7K_1772383229_1522.jpg\" alt=\"\"\/><\/figure>\n\n\n\n<h3 class=\"wp-block-heading\"><strong>KAM\u0130KAZE \u0130HA&#8217;LARI \u0130LK KEZ \u0130RAN&#8217;I VURMAK \u0130\u00c7\u0130N KULLANDILAR<\/strong><\/h3>\n\n\n\n<p>A\u00e7\u0131klamada ayr\u0131ca, ABD ordusunun \u0130ran&#8217;a y\u00f6nelik sald\u0131r\u0131larda, Rusya&#8217;n\u0131n Ukrayna&#8217;da rutin olarak kulland\u0131\u011f\u0131 \u0130ran men\u015feli Shaheed \u0130HA&#8217;lar\u0131na benzeyen d\u00fc\u015f\u00fck maliyetli kamikaze \u0130HA&#8217;lar\u0131 ilk defa kulland\u0131\u011f\u0131 da duyuruldu. A\u00e7\u0131klamada, &#8220;Harekat\u0131n ilk saatlerinde hava, kara ve denizden f\u0131rlat\u0131lan hassas g\u00fcd\u00fcml\u00fc m\u00fchimmatlar kullan\u0131ld\u0131. Ayr\u0131ca, CENTCOM b\u00fcnyesindeki Scorpion Strike (Akrep Sald\u0131r\u0131s\u0131) G\u00f6rev G\u00fcc\u00fc, d\u00fc\u015f\u00fck maliyetli tek y\u00f6nl\u00fc sald\u0131r\u0131 \u0130HA&#8217;lar\u0131n\u0131 ilk kez muharebede kulland\u0131&#8221; denildi.<\/p>\n\n\n\n<figure class=\"wp-block-image\"><a href=\"https:\/\/www.haber7.com\/dunya\/haber\/3608384-trumptan-son-dakika-aciklama-iranda-48-lideri-oldurduk\" target=\"_blank\" rel=\"noreferrer noopener\"><img decoding=\"async\" src=\"https:\/\/i12.haber7.net\/\/haber\/haber7\/photos\/2026\/09\/Qd5aB_1772383262_7904.jpg\" alt=\"\"\/><\/a><\/figure>\n\n\n\n<p>A\u00e7\u0131klamada, &#8220;Destans\u0131 \u00d6fke Harekat\u0131, Amerikan askeri ate\u015f g\u00fcc\u00fcn\u00fcn bu neslin g\u00f6rd\u00fc\u011f\u00fc en b\u00fcy\u00fck kuvvet y\u0131\u011f\u0131na\u011f\u0131n\u0131 temsil etmektedir&#8221; ifadeleri kullan\u0131ld\u0131.<\/p>\n\n\n\n<p>A\u00e7\u0131klamada CENTCOM Komutan\u0131 Amiral Brad Cooper&#8217;\u0131n, &#8220;Ba\u015fkan, kararl\u0131 bir eylem emri verdi ve cesur askerlerimiz; Kara Kuvvetleri, Deniz Kuvvetleri, Hava Kuvvetleri, Deniz Piyadeleri, Uzak Kuvvetleri ve Sahil G\u00fcvenlik personelimiz bu \u00e7a\u011fr\u0131ya kar\u015f\u0131l\u0131k veriyor&#8221; \u015feklindeki ifadelerine de yer verildi.<\/p>\n\n\n\n<p><\/p>\n","protected":false},"excerpt":{"rendered":"<p>ABD Merkez Kuvvetler Komutanl\u0131\u011f\u0131, ABD&#8217;nin \u0130ran&#8217;a ger\u00e7ekle\u015ftirdi\u011fi &#8220;Destans\u0131 \u00d6fke&#8221; olarak adland\u0131r\u0131lan operasyonun detaylar\u0131n\u0131 payla\u015ft\u0131. CENTCOM, s\u00f6z konusu sald\u0131r\u0131larda ilk kez kamikaze insans\u0131z hava arac\u0131 kullan\u0131ld\u0131\u011f\u0131n\u0131 a\u00e7\u0131klad\u0131. ABD Merkez Kuvvetler Komutanl\u0131\u011f\u0131 (CENTCOM), ABD&#8217;nin\u00a0\u0130ran&#8217;a ger\u00e7ekle\u015ftirdi\u011fi &#8220;Destans\u0131 \u00d6fke&#8221; olarak adland\u0131r\u0131lan operasyonun detaylar\u0131n\u0131 payla\u015ft\u0131. CENTCOM, s\u00f6z konusu sald\u0131r\u0131larda ilk kez kamikaze insans\u0131z hava arac\u0131 (\u0130HA) kullan\u0131ld\u0131\u011f\u0131n\u0131 a\u00e7\u0131klad\u0131. CENTCOM&#8217;DAN \u0130RAN [&hellip;]<\/p>\n","protected":false},"author":1,"featured_media":10210,"comment_status":"open","ping_status":"open","sticky":false,"template":"","format":"standard","meta":{"footnotes":""},"categories":[127],"tags":[160,4381,4382],"class_list":["post-10209","post","type-post","status-publish","format-standard","has-post-thumbnail","hentry","category-dunya","tag-abd","tag-centcom","tag-destansi-ofke"],"_links":{"self":[{"href":"https:\/\/www.trabzonmanset.com\/index.php\/wp-json\/wp\/v2\/posts\/10209","targetHints":{"allow":["GET"]}}],"collection":[{"href":"https:\/\/www.trabzonmanset.com\/index.php\/wp-json\/wp\/v2\/posts"}],"about":[{"href":"https:\/\/www.trabzonmanset.com\/index.php\/wp-json\/wp\/v2\/types\/post"}],"author":[{"embeddable":true,"href":"https:\/\/www.trabzonmanset.com\/index.php\/wp-json\/wp\/v2\/users\/1"}],"replies":[{"embeddable":true,"href":"https:\/\/www.trabzonmanset.com\/index.php\/wp-json\/wp\/v2\/comments?post=10209"}],"version-history":[{"count":1,"href":"https:\/\/www.trabzonmanset.com\/index.php\/wp-json\/wp\/v2\/posts\/10209\/revisions"}],"predecessor-version":[{"id":10211,"href":"https:\/\/www.trabzonmanset.com\/index.php\/wp-json\/wp\/v2\/posts\/10209\/revisions\/10211"}],"wp:featuredmedia":[{"embeddable":true,"href":"https:\/\/www.trabzonmanset.com\/index.php\/wp-json\/wp\/v2\/media\/10210"}],"wp:attachment":[{"href":"https:\/\/www.trabzonmanset.com\/index.php\/wp-json\/wp\/v2\/media?parent=10209"}],"wp:term":[{"taxonomy":"category","embeddable":true,"href":"https:\/\/www.trabzonmanset.com\/index.php\/wp-json\/wp\/v2\/categories?post=10209"},{"taxonomy":"post_tag","embeddable":true,"href":"https:\/\/www.trabzonmanset.com\/index.php\/wp-json\/wp\/v2\/tags?post=10209"}],"curies":[{"name":"wp","href":"https:\/\/api.w.org\/{rel}","templated":true}]}}