{"id":10107,"date":"2026-02-27T19:43:00","date_gmt":"2026-02-27T16:43:00","guid":{"rendered":"https:\/\/www.trabzonmanset.com\/?p=10107"},"modified":"2026-02-28T00:45:27","modified_gmt":"2026-02-27T21:45:27","slug":"28-subat-postmodern-darbesinin-uzerinden-29-yil-gecti","status":"publish","type":"post","link":"https:\/\/www.trabzonmanset.com\/index.php\/2026\/02\/27\/28-subat-postmodern-darbesinin-uzerinden-29-yil-gecti\/","title":{"rendered":"28 \u015eubat &#8220;postmodern darbesi&#8221;nin \u00fczerinden 29 y\u0131l ge\u00e7ti"},"content":{"rendered":"\n<p>T\u00fcrkiye tarihine &#8220;postmodern darbe&#8221; olarak ge\u00e7en ve sonu\u00e7lar\u0131 uzun y\u0131llar tart\u0131\u015f\u0131lan 28 \u015eubat 1997&#8217;deki Milli G\u00fcvenlik Kurulu (MGK) toplant\u0131s\u0131n\u0131n \u00fczerinden 29 y\u0131l ge\u00e7ti.<\/p>\n\n\n\n<p>AA muhabirinin derledi\u011fi bilgilere g\u00f6re, Refah Partisi (RP) ve Do\u011fru Yol Partisince (DYP) kurulan 54. H\u00fck\u00fcmet, 28 Haziran 1996&#8217;da \u00fclke y\u00f6netimini devrald\u0131.<\/p>\n\n\n\n<p>Merhum Necmettin Erbakan&#8217;\u0131n Ba\u015fbakan, DYP Genel Ba\u015fkan\u0131 Tansu \u00c7iller&#8217;in ise Ba\u015fbakan Yard\u0131mc\u0131s\u0131 ve D\u0131\u015fi\u015fleri Bakan\u0131 olarak g\u00f6rev yapt\u0131\u011f\u0131 h\u00fck\u00fcmet, &#8220;rejimi tehdit etti\u011fi&#8221; iddias\u0131yla tart\u0131\u015fmalar\u0131n oda\u011f\u0131 oldu.<\/p>\n\n\n\n<p>Yarg\u0131tay Cumhuriyet Ba\u015fsavc\u0131l\u0131\u011f\u0131, Erbakan&#8217;\u0131n, 24 Ocak 1997&#8217;de Kayseri&#8217;ye yapt\u0131\u011f\u0131 gezi s\u0131ras\u0131nda, tek tip elbise giyip bere takan il \u00f6rg\u00fct\u00fc g\u00f6revlileriyle ilgili partiye uyar\u0131da bulundu. S\u00f6z konusu durumun &#8220;Siyasi Partiler Yasas\u0131na ayk\u0131r\u0131 oldu\u011funu&#8221; belirten ba\u015fsavc\u0131l\u0131k, RP Kayseri \u0130l Y\u00f6netim Kurulunun 30 g\u00fcn i\u00e7inde g\u00f6revden el \u00e7ektirilmesini istedi.<\/p>\n\n\n\n<p>Ba\u015fsavc\u0131l\u0131k, &#8220;fesih i\u015fleminin yap\u0131lmamas\u0131 halinde, RP hakk\u0131nda kapatma istemiyle dava a\u00e7\u0131laca\u011f\u0131n\u0131&#8221; da partiye bildirdi.<\/p>\n\n\n\n<figure class=\"wp-block-image\"><img decoding=\"async\" src=\"https:\/\/www.aa.com.tr\/uploads\/userFiles\/de89f914-66b1-4a0b-9347-13c0eafe70cc\/2026%2F02%2FAA-30422821.jpg\" alt=\"\"\/><\/figure>\n\n\n\n<p>RP&#8217;li Sincan Belediye Ba\u015fkan\u0131 Bekir Y\u0131ld\u0131z&#8217;\u0131n 31 Ocak 1997&#8217;de d\u00fczenledi\u011fi &#8220;Kud\u00fcs Gecesi&#8221;nde \u0130ran&#8217;\u0131n Ankara B\u00fcy\u00fckel\u00e7isi Muhammed R\u0131za Bagheri&#8217;nin de kat\u0131larak bir konu\u015fma yapmas\u0131 ve sergilenen g\u00f6steriler, &#8220;rejim tart\u0131\u015fmalar\u0131n\u0131n&#8221; daha da alevlenmesine neden oldu.<\/p>\n\n\n\n<p>Ba\u015fbakan Erbakan, 1 \u015eubat 1997&#8217;de itirazlara ve DYP&#8217;li baz\u0131 bakanlar\u0131n &#8220;imza atmay\u0131z&#8221; tepkisine ra\u011fmen &#8220;\u00fcniversitelerde ba\u015f\u00f6rt\u00fcs\u00fcn\u00fc serbest b\u0131rakan&#8221; kararnameyi, Bakanlar Kurulunda imzaya a\u00e7t\u0131.<\/p>\n\n\n\n<h3 class=\"wp-block-heading\">&#8220;Kud\u00fcs Gecesi&#8221;ne soru\u015fturma<\/h3>\n\n\n\n<p>Ankara Cumhuriyet Ba\u015fsavc\u0131l\u0131\u011f\u0131 ve Devlet G\u00fcvenlik Mahkemesi (DGM) Ba\u015fsavc\u0131l\u0131\u011f\u0131, tepkilere yol a\u00e7an &#8220;Kud\u00fcs Gecesi&#8221;ni d\u00fczenleyen RP&#8217;li Belediye Ba\u015fkan\u0131 Y\u0131ld\u0131z hakk\u0131nda 2 \u015eubat 1997&#8217;de ayr\u0131 ayr\u0131 soru\u015fturma ba\u015flatt\u0131.<\/p>\n\n\n\n<figure class=\"wp-block-image\"><img decoding=\"async\" src=\"https:\/\/www.aa.com.tr\/uploads\/userFiles\/de89f914-66b1-4a0b-9347-13c0eafe70cc\/2026%2F02%2FAA-30422827.jpg\" alt=\"\"\/><\/figure>\n\n\n\n<p>Bu gecede konu\u015fan \u0130ran&#8217;\u0131n Ankara B\u00fcy\u00fckel\u00e7isi Bagheri, 3 \u015eubat 1997&#8217;de D\u0131\u015fi\u015fleri Bakanl\u0131\u011f\u0131na \u00e7a\u011fr\u0131larak protesto edildi.<\/p>\n\n\n\n<p>Bu arada, 28 \u015eubat s\u00fcrecinde haf\u0131zalara kazanan &#8220;Sincan&#8217;dan tanklar\u0131n ge\u00e7mesi&#8221; olay\u0131 ya\u015fand\u0131. Sincan&#8217;da 4 \u015eubat 1997&#8217;de 15 tank ve 20 kariyer, il\u00e7eden ge\u00e7erek Yenikent&#8217;teki tatbikat alan\u0131na gitti.<\/p>\n\n\n\n<p>&#8220;Askerin uyar\u0131s\u0131&#8221; olarak de\u011ferlendirilen bu geli\u015fme, Sincanl\u0131lar taraf\u0131ndan &#8220;darbe oluyor&#8221; \u015feklinde alg\u0131lanarak, \u015fa\u015fk\u0131nl\u0131\u011fa yol a\u00e7t\u0131.<\/p>\n\n\n\n<h3 class=\"wp-block-heading\">&#8220;Koalisyon ortaklar\u0131 aras\u0131nda sorun&#8221;<\/h3>\n\n\n\n<p>Ya\u015fanan geli\u015fmeler \u00fczerine harekete ge\u00e7en d\u00f6nemin \u0130\u00e7i\u015fleri Bakan\u0131 Meral Ak\u015fener, Sincan&#8217;dan tanklar\u0131n ge\u00e7ti\u011fi g\u00fcn Belediye Ba\u015fkan\u0131 Y\u0131ld\u0131z&#8217;\u0131 g\u00f6revden uzakla\u015ft\u0131rd\u0131.<\/p>\n\n\n\n<p>Ankara DGM&#8217;deki sorgusunun ard\u0131ndan Ter\u00f6rle M\u00fccadele \u015eubesince g\u00f6zalt\u0131na al\u0131nan Y\u0131ld\u0131z, beraberindeki 9 ki\u015fiyle &#8220;yasa d\u0131\u015f\u0131 silahl\u0131 \u00e7eteye yard\u0131m, halk\u0131 kin ve d\u00fc\u015fmanl\u0131\u011fa tahrik&#8221; iddias\u0131yla tutukland\u0131.<\/p>\n\n\n\n<figure class=\"wp-block-image\"><img decoding=\"async\" src=\"https:\/\/www.aa.com.tr\/uploads\/userFiles\/de89f914-66b1-4a0b-9347-13c0eafe70cc\/2026%2F02%2FAA-30422830.jpg\" alt=\"\"\/><\/figure>\n\n\n\n<p>Ya\u015fananlar, d\u00f6nemin Cumhurba\u015fkan\u0131 S\u00fcleyman Demirel&#8217;in de dahil oldu\u011fu ciddi siyasi tart\u0131\u015fmalara neden oldu.<\/p>\n\n\n\n<p>D\u00f6nemin Ba\u015fbakan Yard\u0131mc\u0131s\u0131 Tansu \u00c7iller&#8217;in ya\u015fanan s\u00fcre\u00e7ten duydu\u011fu rahats\u0131zl\u0131\u011f\u0131 Ba\u015fbakan Erbakan&#8217;a iletmesi ve sonras\u0131ndaki geli\u015fmeler, koalisyon ortaklar\u0131 aras\u0131nda sorunlara yol a\u00e7t\u0131.<\/p>\n\n\n\n<h3 class=\"wp-block-heading\">&#8220;Demokrasiye balans ayar\u0131&#8221;<\/h3>\n\n\n\n<p>Siyasiler aras\u0131nda ya\u015fanan gerginlik, kamuoyuna da yans\u0131d\u0131. Bu kapsamda, sivil toplum \u00f6rg\u00fctlerinin kad\u0131n temsilcileri taraf\u0131ndan Ankara&#8217;da geni\u015f kat\u0131l\u0131ml\u0131 bir miting d\u00fczenlendi.<\/p>\n\n\n\n<p>\u0130ran B\u00fcy\u00fckel\u00e7isi Bagheri ise Kud\u00fcs Gecesi&#8217;ndeki konu\u015fmalar\u0131n\u0131n ard\u0131ndan artan tepkiler \u00fczerine \u00fclkesine gitmek zorunda kald\u0131.<\/p>\n\n\n\n<p>Kud\u00fcs Gecesi&#8217;nden 4 g\u00fcn sonra \u0130\u00e7i\u015fleri Bakanl\u0131\u011f\u0131na bir yaz\u0131 g\u00f6nderen d\u00f6nemin Cumhurba\u015fkan\u0131 Demirel, &#8220;belediyelerdeki k\u00f6kten dinci kadrola\u015fman\u0131n derhal incelenmesini&#8221; istedi. Bunun \u00fczerine \u0130\u00e7i\u015fleri Bakan\u0131 Meral Ak\u015fener, valiliklere g\u00f6nderdi\u011fi yaz\u0131da &#8220;Cumhurba\u015fkan\u0131na bilgi verilmek \u00fczere&#8221; konunun ara\u015ft\u0131r\u0131lmas\u0131 talimat\u0131n\u0131 verdi.<\/p>\n\n\n\n<p>Ba\u015fbakan Erbakan, 21 \u015eubat 1997&#8217;de Cumhurba\u015fkan\u0131 Demirel ile yapt\u0131\u011f\u0131 g\u00f6r\u00fc\u015fme sonras\u0131nda &#8220;T\u00fcrkiye&#8217;nin rejim meselesi yok.&#8221; a\u00e7\u0131klamas\u0131 yapt\u0131.<\/p>\n\n\n\n<p>Ayn\u0131 g\u00fcn, Washington&#8217;da T\u00fcrk-ABD Konseyi kapan\u0131\u015f balosunda konu\u015fan d\u00f6nemin Genelkurmay \u0130kinci Ba\u015fkan\u0131 Orgeneral \u00c7evik Bir, y\u0131llarca zihinlerden silinmeyecek &#8220;Sincan&#8217;da demokrasiye balans ayar\u0131 yapt\u0131k.&#8221; ifadesini kulland\u0131.<\/p>\n\n\n\n<h3 class=\"wp-block-heading\">&#8220;MGK toplant\u0131s\u0131 8 saat 45 dakika s\u00fcrd\u00fc&#8221;<\/h3>\n\n\n\n<p>Tart\u0131\u015fmalar\u0131n en yo\u011fun d\u00f6neminde, Cumhurba\u015fkan\u0131 Demirel&#8217;in, 26 \u015eubat&#8217;ta Ba\u015fbakan Erbakan&#8217;a &#8220;rejim konusunda endi\u015felerini dile getiren bir mektup g\u00f6nderdi\u011fi&#8221; ortaya \u00e7\u0131kt\u0131.<\/p>\n\n\n\n<p>Ya\u015fanan t\u00fcm bu geli\u015fmelerin \u0131\u015f\u0131\u011f\u0131nda, 28 \u015eubat 1997&#8217;de MGK, Cumhurba\u015fkan\u0131 Demirel&#8217;in ba\u015fkanl\u0131\u011f\u0131nda topland\u0131.<\/p>\n\n\n\n<p>MGK tarihinin en uzun toplant\u0131lar\u0131ndan biri olan, T\u00fcrkiye&#8217;ye siyasal ve sosyal anlamda yeni bir istikamet \u00e7izen bu toplant\u0131, 8 saat 45 dakika s\u00fcrd\u00fc. \u00c7ankaya K\u00f6\u015fk\u00fc&#8217;nde saat 15.10&#8217;da ba\u015flayan toplant\u0131, saat 23.55&#8217;te sona erdi.<\/p>\n\n\n\n<p>MGK toplant\u0131s\u0131na Ba\u015fbakan Necmettin Erbakan, Genelkurmay Ba\u015fkan\u0131 Orgeneral \u0130smail Hakk\u0131 Karaday\u0131, D\u0131\u015fi\u015fleri Bakan\u0131 ve Ba\u015fbakan Yard\u0131mc\u0131s\u0131 Tansu \u00c7iller, Milli Savunma Bakan\u0131 Turhan Tayan, \u0130\u00e7i\u015fleri Bakan\u0131 Meral Ak\u015fener, Kara Kuvvetleri Komutan\u0131 Orgeneral Hikmet K\u00f6ksal, Deniz Kuvvetleri Komutan\u0131 Oramiral G\u00fcven Erkaya, Hava Kuvvetleri Komutan\u0131 Orgeneral Ahmet \u00c7\u00f6rek\u00e7i, Jandarma Genel Komutan\u0131 Orgeneral Teoman Koman ve MGK Genel Sekreteri Orgeneral \u0130lhan K\u0131l\u0131\u00e7 da kat\u0131ld\u0131.<\/p>\n\n\n\n<p>Toplant\u0131da, M\u0130T M\u00fcste\u015far\u0131 S\u00f6nmez K\u00f6ksal, D\u0131\u015fi\u015fleri Bakanl\u0131\u011f\u0131 M\u00fcste\u015far\u0131 Onur \u00d6ymen, Emniyet Genel M\u00fcd\u00fcr\u00fc Alaaddin Y\u00fcksel, Ola\u011fan\u00fcst\u00fc Hal B\u00f6lge Valisi Necati Bilican ve Cumhurba\u015fkanl\u0131\u011f\u0131 Genel Sekreteri Necdet Se\u00e7kin\u00f6z, Genelkurmay \u0130stihbarat Ba\u015fkan\u0131 Korgeneral \u00c7etin Taner ile MGK Genel Sekreter Ba\u015fyard\u0131mc\u0131s\u0131 Korgeneral Necdet Timur da haz\u0131r bulundu.<\/p>\n\n\n\n<h3 class=\"wp-block-heading\">Bildiride &#8220;taviz verilemez&#8221; vurgusu<\/h3>\n\n\n\n<p>Toplant\u0131 sonras\u0131nda yay\u0131mlanan 4 maddelik MGK bildirisinde \u00f6zetle &#8220;Cumhuriyet ve rejim aleyhtar\u0131 y\u0131k\u0131c\u0131 ve b\u00f6l\u00fcc\u00fc gruplar\u0131n, laik ve anti-laik ayr\u0131m\u0131 ile demokratik ve sosyal hukuk devletini g\u00fc\u00e7s\u00fczle\u015ftirmeye yeltendiklerinin m\u00fc\u015fahede edildi\u011fi&#8221; belirtilerek, &#8220;Anayasa ve Cumhuriyet yasalar\u0131n\u0131n uygulanmas\u0131ndan asla taviz verilmeyece\u011fi&#8221; vurguland\u0131.<\/p>\n\n\n\n<p>Bildirinin en dikkati \u00e7eken ifadeleri ise \u015funlar oldu:<\/p>\n\n\n\n<p>&#8220;Toplant\u0131da bilhassa Anayasa ile Atat\u00fcrk milliyet\u00e7ili\u011fine ba\u011fl\u0131 demokratik, laik, sosyal hukuk devleti olarak belirlenen T\u00fcrkiye Cumhuriyeti Devleti&#8217;ne kar\u015f\u0131 \u00e7a\u011f d\u0131\u015f\u0131 bir kisve alt\u0131nda zemin olu\u015fturmaya y\u00f6nelik rejim aleyhtar\u0131 faaliyetler de g\u00f6zden ge\u00e7irilmi\u015f, T\u00fcrkiye Cumhuriyeti&#8217;nin varl\u0131\u011f\u0131n\u0131, Atat\u00fcrk ilke ve ink\u0131laplar\u0131 do\u011frultusunda, \u00e7a\u011fda\u015f medeniyet yolunda, demokratik sistem i\u00e7erisinde ilerlemesini teminat alt\u0131na alan Anayasa ve Cumhuriyet yasalar\u0131n\u0131n uygulanmas\u0131ndan asla taviz verilmemesi gerekti\u011fi, Anayasan\u0131n tan\u0131mlad\u0131\u011f\u0131 Cumhuriyet&#8217;in demokratik, laik ve sosyal hukuk devlet ilkelerinin sa\u011fl\u0131kl\u0131 bir \u015fekilde d\u00fczenlenmesine imkan sa\u011flayacak g\u00fcvenlik, huzur ve toplumsal bar\u0131\u015f\u0131n \u00f6nem ve \u00f6ncelik ta\u015f\u0131d\u0131\u011f\u0131, Cumhuriyet ve rejim aleyhtar\u0131 y\u0131k\u0131c\u0131 ve b\u00f6l\u00fcc\u00fc gruplar\u0131n laik ve anti-laik ayr\u0131m\u0131 ile demokratik ve sosyal hukuk devletini g\u00fc\u00e7s\u00fczle\u015ftirmeye yeltendikleri, T\u00fcrkiye&#8217;de laikli\u011fin sadece rejimin de\u011fil, ayn\u0131 zamanda demokrasinin ve toplumun huzurunun da teminat\u0131 ve bir ya\u015fam tarz\u0131 oldu\u011fu, devletin yap\u0131sal \u00f6z\u00fcn\u00fc olu\u015fturan sosyal hukuk devleti ve adalet ilkeleri anlay\u0131\u015f\u0131ndan vazge\u00e7ilemeyece\u011fi, yasalarla belirlenmi\u015f kurallar\u0131n g\u00f6z ard\u0131 edilerek yap\u0131lan \u00e7a\u011f d\u0131\u015f\u0131 uygulamalar\u0131n da hukukun \u00fcst\u00fcnl\u00fc\u011f\u00fc ilkesiyle ba\u011fda\u015fmayaca\u011f\u0131, T\u00fcrkiye&#8217;nin 1997 y\u0131l\u0131 i\u00e7inde AB&#8217;ye tam \u00fcye olacak \u00fclkeler listesine girmeyi \u00f6ncelikli bir hedef alarak s\u00fcrd\u00fcrd\u00fc\u011f\u00fc, b\u00f6yle bir d\u00f6nemde resmi ve sivil kurum ve kurulu\u015flar\u0131n bu s\u00fcrece katk\u0131da bulunmas\u0131n\u0131n gerekli oldu\u011fu, bu sebeple demokrasimiz hakk\u0131nda ku\u015fkulara yol a\u00e7acak, T\u00fcrkiye&#8217;nin yurt d\u0131\u015f\u0131ndaki imaj\u0131n\u0131 ve itibar\u0131n\u0131 zedeleyecek her t\u00fcrl\u00fc spek\u00fclasyona son vermek gerekti\u011fi, T\u00fcrkiye Cumhuriyeti&#8217;nin laik, demokratik insan haklar\u0131na sayg\u0131l\u0131, sosyal bir hukuk devleti oldu\u011fu yolundaki temel ilkelerinin Anayasam\u0131z\u0131n ve devletimizin teminat\u0131 alt\u0131nda oldu\u011fu, rejimin, kendisine ve gelece\u011fine y\u00f6nelik tart\u0131\u015fmalar\u0131n, i\u00e7inde bulundu\u011fumuz ortamda T\u00fcrkiye&#8217;ye yarardan \u00e7ok zarar verdi\u011fi, a\u00e7\u0131klanan bu esaslar aksine davran\u0131\u015flar\u0131n, toplumumuzda huzur ve g\u00fcveni bozarak yeni gerginliklere ve yapt\u0131r\u0131mlara neden olaca\u011f\u0131 de\u011ferlendirilmi\u015f, bu konularda al\u0131nacak ve al\u0131nmas\u0131 gereken tedbirlerin Bakanlar Kuruluna bildirilmesine karar verilmi\u015ftir.&#8221;<\/p>\n\n\n\n<h3 class=\"wp-block-heading\">&#8220;\u00c7iller, Erbakan&#8217;\u0131 iknaya \u00e7al\u0131\u015ft\u0131&#8221;<\/h3>\n\n\n\n<p>MGK bildirisinin yay\u0131mlanmas\u0131n\u0131n ard\u0131ndan, 1 Mart 1997&#8217;de askerlerin MGK toplant\u0131s\u0131na getirerek, h\u00fck\u00fcmetten yap\u0131lmas\u0131n\u0131 istedi\u011fi 20 madde ortaya \u00e7\u0131kt\u0131. Bu taleplerin aras\u0131nda, &#8220;Temel e\u011fitimin 8 y\u0131la \u00e7\u0131kmas\u0131, imam hatip okullar\u0131n\u0131n meslek okullar\u0131na d\u00f6n\u00fc\u015ft\u00fcr\u00fclmesi, irticai faaliyetlere kar\u0131\u015ft\u0131klar\u0131 i\u00e7in TSK&#8217;daki g\u00f6revlerine son verilen askerlerin belediyelerde istihdam edilmesinin \u00f6n\u00fcne ge\u00e7ilmesi&#8221; de vard\u0131.<\/p>\n\n\n\n<p>Erbakan, bu 20 maddedeki baz\u0131 ifadeleri kabul etmeyerek, kararlar\u0131 imzalamad\u0131. 3 Mart&#8217;ta DYP&#8217;nin baz\u0131 \u00f6nde gelen isimleri, h\u00fck\u00fcmetten \u00e7ekilme \u00e7a\u011fr\u0131s\u0131nda bulundu.<\/p>\n\n\n\n<p>\u00c7iller, Ba\u015fbakanl\u0131k&#8217;ta bir araya geldi\u011fi Erbakan&#8217;\u0131 &#8220;MGK kararlar\u0131n\u0131 imzalamas\u0131&#8221; konusunda iknaya \u00e7al\u0131\u015ft\u0131.<\/p>\n\n\n\n<p>Bu s\u00fcre\u00e7te bir bas\u0131n toplant\u0131s\u0131 d\u00fczenleyen Erbakan, yeni h\u00fck\u00fcmet aray\u0131\u015flar\u0131na tepki g\u00f6stererek, &#8220;H\u00fck\u00fcmet TBMM&#8217;de kurulur, MGK&#8217;da kurulmaz.&#8221; dedi.<\/p>\n\n\n\n<p>Baz\u0131 sivil toplum kurulu\u015flar\u0131 da a\u00e7\u0131klamalar yaparak, MGK kararlar\u0131na tam destek verdiklerini ifade etti.<\/p>\n\n\n\n<h3 class=\"wp-block-heading\">&#8220;Tart\u0131\u015fmalar yol ayr\u0131m\u0131n\u0131 h\u0131zland\u0131rd\u0131&#8221;<\/h3>\n\n\n\n<p>\u00c7iller, Erbakan&#8217;dan Temmuz 1997&#8217;de Ba\u015fbakanl\u0131k g\u00f6revini kendisine devretmesini istedi. Bu iste\u011fi reddeden Erbakan, 5 Mart 1997&#8217;de MGK kararlar\u0131n\u0131 imzalad\u0131. \u00c7iller, Ba\u015fkanl\u0131k Divan\u0131 toplant\u0131s\u0131nda MGK kararlar\u0131 ve uygulanmas\u0131 konusunda TBMM&#8217;de genel g\u00f6r\u00fc\u015fme a\u00e7\u0131lmas\u0131 i\u00e7in Erbakan ile anla\u015ft\u0131klar\u0131n\u0131, genel g\u00f6r\u00fc\u015fme \u00f6nergesini hafta ba\u015f\u0131nda Meclise sunacaklar\u0131n\u0131 a\u00e7\u0131klad\u0131. Ancak di\u011fer partilerin sert tepki g\u00f6stermesi \u00fczerine, bu plan uygulanamad\u0131.<\/p>\n\n\n\n<p>Cumhurba\u015fkan\u0131 Demirel, MGK&#8217;nin anayasal ve kendine \u00f6zg\u00fc bir kurulu\u015f oldu\u011funu vurgulayarak, &#8220;MGK kararlar\u0131n\u0131n uygulanmamas\u0131 halinde devletin y\u00fcr\u00fcmeyece\u011fini, uygulamayanlar\u0131n sorumlu olaca\u011f\u0131n\u0131&#8221; kaydetti.<\/p>\n\n\n\n<p>Bunun \u00fczerine Erbakan, MGK kararlar\u0131 i\u00e7in RP&#8217;li bakanlar Fehim Adak ve \u015eevket Kazan ile DYP&#8217;li Nevzat Ercan&#8217;dan olu\u015fan bir &#8220;uygulama komitesi&#8221; kurdu.<\/p>\n\n\n\n<p>Bundan sonraki s\u00fcre\u00e7te, ba\u015fta 8 y\u0131ll\u0131k kesintisiz e\u011fitim olmak \u00fczere MGK kararlar\u0131n\u0131n uygulanmas\u0131nda ortaya \u00e7\u0131kan tart\u0131\u015fmalar, DYP ve RP aras\u0131ndaki yol ayr\u0131m\u0131n\u0131 h\u0131zland\u0131rd\u0131.<\/p>\n\n\n\n<h3 class=\"wp-block-heading\">RP&#8217;ye kapatma istemiyle dava<\/h3>\n\n\n\n<p>Ba\u015fbakan Yard\u0131mc\u0131s\u0131 \u00c7iller, DYP Grup Toplant\u0131s\u0131&#8217;nda yapt\u0131\u011f\u0131 konu\u015fmada, MGK kararlar\u0131na direnilmemesini istedi. Bundan sonra DYP&#8217;de &#8220;h\u00fck\u00fcmetten \u00e7ekilelim&#8221; sesleri y\u00fckselmeye ba\u015flad\u0131.<\/p>\n\n\n\n<p>Anayasa Mahkemesinin kurulu\u015f y\u0131l d\u00f6n\u00fcm\u00fcnde konu\u015fan Cumhurba\u015fkan\u0131 Demirel, &#8220;Kimse laik Cumhuriyet&#8217;e alternatif aramaya kalk\u0131\u015fmas\u0131n&#8221; s\u00f6zlerini sarf etti. Demirel, 22 Nisan&#8217;daki bir ba\u015fka konu\u015fmas\u0131nda ise T\u00fcrkiye&#8217;nin i\u00e7inde bulundu\u011fu krizden \u00e7\u0131k\u0131\u015f yolunu &#8220;se\u00e7im&#8221; olarak g\u00f6sterdi.<\/p>\n\n\n\n<p>MGK, 26 Nisan&#8217;da topland\u0131 ve 28 \u015eubat&#8217;ta al\u0131nan kararlar\u0131n ne kadar uyguland\u0131\u011f\u0131n\u0131 belirleyebilmek i\u00e7in &#8220;\u0130zleme Komitesi&#8221; kurulmas\u0131n\u0131 kararla\u015ft\u0131rd\u0131. Bu komite, her ay MGK&#8217;ye bir de rapor sunacakt\u0131.<\/p>\n\n\n\n<p>D\u00f6nemin Yarg\u0131tay Cumhuriyet Ba\u015fsavc\u0131s\u0131 Vural Sava\u015f, 21 May\u0131s 1997&#8217;de, &#8220;Anayasan\u0131n laiklik ilkesine ayk\u0131r\u0131 eylemlerin oda\u011f\u0131 haline geldi\u011fi a\u00e7\u0131kl\u0131kla anla\u015f\u0131ld\u0131\u011f\u0131&#8221; gerek\u00e7esiyle, RP&#8217;nin s\u00fcrekli kapat\u0131lmas\u0131 istemiyle dava a\u00e7t\u0131.<\/p>\n\n\n\n<h3 class=\"wp-block-heading\">Demirel, h\u00fck\u00fcmeti kurma g\u00f6revini Mesut Y\u0131lmaz&#8217;a verdi<\/h3>\n\n\n\n<p>Genelkurmay Ba\u015fkanl\u0131\u011f\u0131 b\u00fcnyesinde 11 Haziran&#8217;da irticaya kar\u015f\u0131 &#8220;Bat\u0131 \u00c7al\u0131\u015fma Grubu&#8221; olu\u015fturuldu.<\/p>\n\n\n\n<p>Haziran\u0131n 18&#8217;inde Ba\u015fbakan Necmettin Erbakan ile yard\u0131mc\u0131s\u0131 Tansu \u00c7iller, &#8220;giderek artan toplumsal gerginlik nedeniyle h\u00fck\u00fcmetin nas\u0131l devam edece\u011fi&#8221; konusundaki g\u00f6r\u00fc\u015fmelerinde uzla\u015ft\u0131lar. Ba\u015fbakanl\u0131\u011f\u0131 \u00c7iller devralacak, BBP h\u00fck\u00fcmete girecek ve erken se\u00e7im yap\u0131lacakt\u0131. Bu anla\u015fmadan sonra Erbakan ayn\u0131 g\u00fcn h\u00fck\u00fcmetin istifas\u0131n\u0131 Cumhurba\u015fkan\u0131 Demirel&#8217;e sundu.<\/p>\n\n\n\n<p>Erbakan, Demirel ile g\u00f6r\u00fc\u015fmesinde RP, DYP ve BBP&#8217;nin anla\u015ft\u0131\u011f\u0131n\u0131, Bakanlar Kurulu ve h\u00fck\u00fcmet program\u0131n\u0131n haz\u0131r oldu\u011funu bildirdi ve h\u00fck\u00fcmeti kurma g\u00f6revinin \u00c7iller&#8217;e verilmesini istedi.<\/p>\n\n\n\n<p>Cumhurba\u015fkan\u0131 Demirel ertesi g\u00fcn muhalefet lideri Mesut Y\u0131lmaz, B\u00fclent Ecevit, Deniz Baykal ve H\u00fcsamettin Cindoruk ile g\u00f6r\u00fc\u015ft\u00fc, ard\u0131ndan da h\u00fck\u00fcmeti kurma g\u00f6revini ANAP Genel Ba\u015fkan\u0131 Y\u0131lmaz&#8217;a verdi. Y\u0131lmaz&#8217;\u0131n g\u00f6revlendirilmesine RP, DYP ve BBP liderleri tepki g\u00f6stererek, Demirel&#8217;i ele\u015ftirdi.<\/p>\n\n\n\n<h3 class=\"wp-block-heading\">&#8220;RP&#8217;nin 14 y\u0131l s\u00fcren siyasi ya\u015fam\u0131 sona erdi&#8221;<\/h3>\n\n\n\n<p>Demirel ba\u015fkanl\u0131\u011f\u0131nda 25 Haziran&#8217;da ger\u00e7ekle\u015fen MGK toplant\u0131s\u0131, Erbakan&#8217;\u0131n kat\u0131ld\u0131\u011f\u0131 son MGK toplant\u0131s\u0131 oldu. 30 Haziran&#8217;da 55. Cumhuriyet H\u00fck\u00fcmeti, ANAP Genel Ba\u015fkan\u0131 Mesut Y\u0131lmaz&#8217;\u0131n ba\u015fbakanl\u0131\u011f\u0131nda kuruldu.<\/p>\n\n\n\n<p>ANAP-DSP ve DTP ortakl\u0131\u011f\u0131yla kurulan h\u00fck\u00fcmette DSP lideri B\u00fclent Ecevit Ba\u015fbakan Yard\u0131mc\u0131s\u0131 olarak g\u00f6rev ald\u0131.<\/p>\n\n\n\n<p>MGK kararlar\u0131ndan en \u00e7ok tart\u0131\u015f\u0131lan 8 y\u0131ll\u0131k kesintisiz e\u011fitim ile ilgili yasa tasar\u0131s\u0131, 16 A\u011fustos 1997&#8217;de, TBMM&#8217;de 242&#8217;ye kar\u015f\u0131 277 oyla kabul edildi. 8 y\u0131ll\u0131k kesintisiz e\u011fitim uygulamas\u0131, 1997-1998 e\u011fitim-\u00f6\u011fretim y\u0131l\u0131n\u0131n a\u00e7\u0131ld\u0131\u011f\u0131 15 Eyl\u00fcl&#8217;den itibaren uygulanmaya ba\u015fland\u0131.<\/p>\n\n\n\n<p>Bu arada, Anayasa Mahkemesi, RP&#8217;yi, 16 Ocak 1998&#8217;de &#8220;demokratik ve laik cumhuriyet ilkelerine ayk\u0131r\u0131 davranarak, devletin \u00fclkesi ve milletiyle b\u00f6l\u00fcnmez b\u00fct\u00fcnl\u00fc\u011f\u00fc ve millet egemenli\u011fi ilkelerini \u00e7i\u011fnedi\u011fi ve irticai faaliyetlerin oda\u011f\u0131 oldu\u011fu&#8221; gerek\u00e7esiyle kapatt\u0131. Genel Ba\u015fkan Necmettin Erbakan ile \u015eevket Kazan, Ahmet Tekdal, \u015eevki Y\u0131lmaz, Hasan H\u00fcseyin Ceylan, \u0130brahim Halil \u00c7elik&#8217;in milletvekillikleri d\u00fc\u015f\u00fcr\u00fcld\u00fc ve 5 y\u0131l siyaset yasa\u011f\u0131 konuldu.<\/p>\n\n\n\n<p>Karar\u0131n, 22 \u015eubat 1998&#8217;de, Resmi Gazetede yay\u0131mlanmas\u0131yla RP&#8217;nin 14 y\u0131l s\u00fcren siyasi ya\u015fam\u0131 sona erdi.<\/p>\n\n\n\n<p><\/p>\n","protected":false},"excerpt":{"rendered":"<p>T\u00fcrkiye tarihine &#8220;postmodern darbe&#8221; olarak ge\u00e7en ve sonu\u00e7lar\u0131 uzun y\u0131llar tart\u0131\u015f\u0131lan 28 \u015eubat 1997&#8217;deki Milli G\u00fcvenlik Kurulu (MGK) toplant\u0131s\u0131n\u0131n \u00fczerinden 29 y\u0131l ge\u00e7ti. AA muhabirinin derledi\u011fi bilgilere g\u00f6re, Refah Partisi (RP) ve Do\u011fru Yol Partisince (DYP) kurulan 54. H\u00fck\u00fcmet, 28 Haziran 1996&#8217;da \u00fclke y\u00f6netimini devrald\u0131. Merhum Necmettin Erbakan&#8217;\u0131n Ba\u015fbakan, DYP Genel Ba\u015fkan\u0131 Tansu \u00c7iller&#8217;in ise [&hellip;]<\/p>\n","protected":false},"author":1,"featured_media":10108,"comment_status":"open","ping_status":"open","sticky":false,"template":"","format":"standard","meta":{"footnotes":""},"categories":[1],"tags":[4341,4340,4342],"class_list":["post-10107","post","type-post","status-publish","format-standard","has-post-thumbnail","hentry","category-gundem","tag-dyp","tag-postmodern-darbesi","tag-rp"],"_links":{"self":[{"href":"https:\/\/www.trabzonmanset.com\/index.php\/wp-json\/wp\/v2\/posts\/10107","targetHints":{"allow":["GET"]}}],"collection":[{"href":"https:\/\/www.trabzonmanset.com\/index.php\/wp-json\/wp\/v2\/posts"}],"about":[{"href":"https:\/\/www.trabzonmanset.com\/index.php\/wp-json\/wp\/v2\/types\/post"}],"author":[{"embeddable":true,"href":"https:\/\/www.trabzonmanset.com\/index.php\/wp-json\/wp\/v2\/users\/1"}],"replies":[{"embeddable":true,"href":"https:\/\/www.trabzonmanset.com\/index.php\/wp-json\/wp\/v2\/comments?post=10107"}],"version-history":[{"count":1,"href":"https:\/\/www.trabzonmanset.com\/index.php\/wp-json\/wp\/v2\/posts\/10107\/revisions"}],"predecessor-version":[{"id":10109,"href":"https:\/\/www.trabzonmanset.com\/index.php\/wp-json\/wp\/v2\/posts\/10107\/revisions\/10109"}],"wp:featuredmedia":[{"embeddable":true,"href":"https:\/\/www.trabzonmanset.com\/index.php\/wp-json\/wp\/v2\/media\/10108"}],"wp:attachment":[{"href":"https:\/\/www.trabzonmanset.com\/index.php\/wp-json\/wp\/v2\/media?parent=10107"}],"wp:term":[{"taxonomy":"category","embeddable":true,"href":"https:\/\/www.trabzonmanset.com\/index.php\/wp-json\/wp\/v2\/categories?post=10107"},{"taxonomy":"post_tag","embeddable":true,"href":"https:\/\/www.trabzonmanset.com\/index.php\/wp-json\/wp\/v2\/tags?post=10107"}],"curies":[{"name":"wp","href":"https:\/\/api.w.org\/{rel}","templated":true}]}}