{"id":10097,"date":"2026-02-26T19:40:00","date_gmt":"2026-02-26T16:40:00","guid":{"rendered":"https:\/\/www.trabzonmanset.com\/?p=10097"},"modified":"2026-02-27T00:43:08","modified_gmt":"2026-02-26T21:43:08","slug":"cumhurbaskani-erdogan-kuresel-guc-turkiye-icin-ilk-gunku-heyecanla-calismaya-devam-edecegiz","status":"publish","type":"post","link":"https:\/\/www.trabzonmanset.com\/index.php\/2026\/02\/26\/cumhurbaskani-erdogan-kuresel-guc-turkiye-icin-ilk-gunku-heyecanla-calismaya-devam-edecegiz\/","title":{"rendered":"Cumhurba\u015fkan\u0131 Erdo\u011fan: K\u00fcresel g\u00fc\u00e7 T\u00fcrkiye i\u00e7in ilk g\u00fcnk\u00fc heyecanla \u00e7al\u0131\u015fmaya devam edece\u011fiz"},"content":{"rendered":"\n<p>Cumhurba\u015fkan\u0131 Erdo\u011fan, &#8220;Gen\u00e7lerimizin huzurla g\u00fcvenle ya\u015fayabilece\u011fi k\u00fcresel g\u00fc\u00e7 T\u00fcrkiye i\u00e7in ilk g\u00fcnk\u00fc heyecanla \u00e7al\u0131\u015fmaya, son nefesimize kadar bu u\u011furda ko\u015fturmaya devam edece\u011fiz.&#8221; dedi.<\/p>\n\n\n\n<p>Cumhurba\u015fkan\u0131 Erdo\u011fan, Be\u015ftepe Millet Sergi Salonu&#8217;nda Gen\u00e7lik ve Spor Bakanl\u0131\u011f\u0131 (GSB) yurdu \u00f6\u011frencileri, sporcular ve gen\u00e7ler i\u00e7in d\u00fczenlenen iftar program\u0131nda konu\u015ftu.<\/p>\n\n\n\n<p>Burada konu\u015fan Cumhurba\u015fkan\u0131 Erdo\u011fan, iftara kat\u0131lanlar\u0131n \u015fahs\u0131nda y\u00fcre\u011fi umut dolu, kalbi T\u00fcrkiye i\u00e7in \u00e7arpan t\u00fcm gen\u00e7lere selam ve sevgilerini g\u00f6nderdi\u011fini, ramazan vesilesiyle gen\u00e7lerle beraber olman\u0131n ve onlarla ayn\u0131 sofray\u0131 payla\u015fman\u0131n heyecan\u0131 ve bahtiyarl\u0131\u011f\u0131 i\u00e7inde oldu\u011funu s\u00f6yledi.<\/p>\n\n\n\n<p>Ramazan\u0131n \u00fclke, millet ve \u0130slam alemi ve t\u00fcm insanl\u0131k i\u00e7in hay\u0131rlar getirmesi dile\u011finde bulunan Erdo\u011fan, Ramazan-\u0131 \u015eerif&#8217;in bar\u0131\u015fa, huzura vesile olmas\u0131n\u0131 temenni etti.<\/p>\n\n\n\n<p>Tutulan oru\u00e7lar\u0131n, yap\u0131lan ibadetlerin Cenab\u0131hak kat\u0131nda kabul olmas\u0131 niyaz\u0131nda bulunan Erdo\u011fan, \u015f\u00f6yle konu\u015ftu:<\/p>\n\n\n\n<p>&#8220;Ecdad\u0131m\u0131z\u0131n bir \u015fefkat ve adalet medeniyeti in\u015fa etti\u011fi bu topraklarda ramazan\u0131n zengin manevi atmosferi bu y\u0131l ma\u015fallah bir ba\u015fka ya\u015fan\u0131yor. \u0130nsanlar\u0131m\u0131z aras\u0131ndaki mesafeler daral\u0131yor. Halk\u0131m\u0131z birbiriyle daha fazla kayna\u015f\u0131yor, kucakla\u015f\u0131yor. Yaralar el birli\u011fiyle sar\u0131l\u0131rken, ihtiya\u00e7 sahiplerine daha fazla el uzat\u0131l\u0131yor. Bu \u00e7al\u0131\u015fmalar\u0131n bir\u00e7o\u011funda hamdolsun gen\u00e7lerimiz \u00f6nc\u00fc rol oynuyor. Yoksulun, ihtiya\u00e7 sahibinin, kimsesizin daha \u00e7ok hat\u0131rland\u0131\u011f\u0131 bu m\u00fcbarek g\u00fcnleri gen\u00e7lerimizin \u00e7ok farkl\u0131 \u015fekilde ruhuna ve manas\u0131na uygun \u015fekilde idrak ettiklerini g\u00f6rmekten b\u00fcy\u00fck bir memnuniyet duyuyorum. Sizlerin nezdinde t\u00fcm gen\u00e7lerimizi tebrik ediyor, Allah kendilerinden raz\u0131 olsun diyorum.&#8221;<\/p>\n\n\n\n<h3 class=\"wp-block-heading\">&#8220;Girdi\u011fimiz her zorlu m\u00fccadelede yan\u0131mda hep gen\u00e7ler vard\u0131&#8221;<\/h3>\n\n\n\n<p>Cumhurba\u015fkan\u0131 Erdo\u011fan, yar\u0131m asr\u0131 bulan siyasi hayat\u0131 boyunca daima gen\u00e7lerle yol y\u00fcr\u00fcd\u00fc\u011f\u00fcn\u00fc, gen\u00e7lerle dava ve m\u00fccadele arkada\u015fl\u0131\u011f\u0131 yapmaya \u00f6nem ve de\u011fer verdi\u011fini belirterek, bir siyaset\u00e7i olarak bundan onur duydu\u011funu s\u00f6yledi.<\/p>\n\n\n\n<figure class=\"wp-block-image\"><img decoding=\"async\" src=\"https:\/\/www.aa.com.tr\/uploads\/userFiles\/ff7c844b-c626-46a5-aafd-41e9da639227\/2026%2F9%2F20260226_2_73140350_122693610.jpg\" alt=\"\"\/><\/figure>\n\n\n\n<p>Gen\u00e7lerin co\u015fkusu, enerjisi, dinamizmi ve samimi deste\u011finin, siyasi m\u00fccadelelerinin her d\u00f6neminde en b\u00fcy\u00fck motivasyon kaynaklar\u0131 oldu\u011funu vurgulayan Erdo\u011fan, \u015fu ifadeleri kulland\u0131:<\/p>\n\n\n\n<p>&#8220;T\u00fcm imkans\u0131zl\u0131klara ra\u011fmen kazand\u0131\u011f\u0131m\u0131z \u0130stanbul B\u00fcy\u00fck\u015fehir Belediye Ba\u015fkanl\u0131\u011f\u0131 se\u00e7imlerinde yan\u0131m\u0131zda en \u00e7ok gen\u00e7ler vard\u0131. Okudu\u011fumuz bir \u015fiirden dolay\u0131 P\u0131narhisar Cezaevine girerken bizi yolcu eden insan selinin aras\u0131nda en \u00e7ok gen\u00e7ler vard\u0131. 14 A\u011fustos 2001&#8217;de milletin umudu olarak AK Parti&#8217;mizi kurdu\u011fumuzda yan\u0131m\u0131zda en fazla gen\u00e7ler vard\u0131. 3 Kas\u0131m 2002&#8217;den itibaren sadece se\u00e7imlerde de\u011fil, girdi\u011fimiz her zorlu m\u00fccadelede de yan\u0131mda hep gen\u00e7ler vard\u0131. Sizlerle nice engelleri birlikte a\u015ft\u0131k. Nice badireleri birlikte atlatt\u0131k. Nice sald\u0131r\u0131lar\u0131 birlikte p\u00fcsk\u00fcrtt\u00fck. Nice hayali birlikte ger\u00e7e\u011fe d\u00f6n\u00fc\u015ft\u00fcrd\u00fck. Ekonomiden ticarete, turizmden spora, e\u011fitimden hak ve \u00f6zg\u00fcrl\u00fcklere T\u00fcrkiye&#8217;ye tarihinin en b\u00fcy\u00fck at\u0131l\u0131mlar\u0131n\u0131 sizlerle birlikte ya\u015fatt\u0131k. Kalp kalbe verdik. Tek y\u00fcrek, tek bilek olduk ve T\u00fcrkiye&#8217;yi siz gen\u00e7lerimizle birlikte i\u015fte bug\u00fcnlere getirdik. \u015eahs\u0131m i\u00e7in bu anlaml\u0131 g\u00fcnde bize yol ve m\u00fccadele arkada\u015fl\u0131\u011f\u0131 yapan t\u00fcm gen\u00e7lere en kalbi \u015f\u00fckranlar\u0131m\u0131 sunuyorum.&#8221;<\/p>\n\n\n\n<h3 class=\"wp-block-heading\">&#8220;G\u00f6zlerinizde parlayan umut \u0131\u015f\u0131klar\u0131 g\u00fcc\u00fcm\u00fcz\u00fc ve \u015fevkimizi art\u0131r\u0131yor&#8221;<\/h3>\n\n\n\n<p>\u00d6mer Hayyam&#8217;\u0131n &#8220;\u00d6mr\u00fcm\u00fczden bir g\u00fcn daha geldi ge\u00e7ti. Derede akan su, ovada esen yel gibi. \u0130ki g\u00fcn var ki d\u00fcnyada, bence ha var ha yok. Daha gelmemi\u015f g\u00fcn bir, ge\u00e7mi\u015f g\u00fcn iki.&#8221; dizelerini okuyan Erdo\u011fan, \u015funlar\u0131 s\u00f6yledi:<\/p>\n\n\n\n<p>&#8220;Kar\u015f\u0131mdaki \u015fu g\u00fczel toplulu\u011fa bakt\u0131\u011f\u0131mda geride \u015fanla, \u015ferefle ve eserle hizmet dolu m\u00fcstesna bir miras\u0131, \u00f6n\u00fcm\u00fczde ise \u00fclkemizin parlak yar\u0131nlar\u0131n\u0131 g\u00f6r\u00fcyor. T\u00fcrkiye Y\u00fczy\u0131l\u0131&#8217;n\u0131n m\u00fcjdesini g\u00f6r\u00fcyor ve Rabbime sonsuz hamdediyorum. G\u00f6zlerinizde parlayan umut \u0131\u015f\u0131klar\u0131 g\u00fcc\u00fcm\u00fcz\u00fc ve \u015fevkimizi art\u0131r\u0131yor. Hep s\u00f6yledi\u011fim gibi bizim tek bir gayemiz var. O da &#8216;Baki kalan bu kubbede ho\u015f bir sada imi\u015f&#8217; me\u011fer. Geride hay\u0131r ve \u015f\u00fckranla yad edilecek eserler b\u0131rakabilmek. Siz gen\u00e7lerimizin huzurla, g\u00fcvenle ya\u015fayabilece\u011fi k\u00fcresel g\u00fc\u00e7 T\u00fcrkiye i\u00e7in ilk g\u00fcnk\u00fc heyecanla, ilk g\u00fcnk\u00fc a\u015fkla \u00e7al\u0131\u015fmaya, son nefesimize kadar bu u\u011furda ko\u015fturmaya, Rabbim imkan verdik\u00e7e milletimizin emrinde ve hizmetinde olmaya in\u015fallah devam edece\u011fiz.&#8221;<\/p>\n\n\n\n<figure class=\"wp-block-image\"><img decoding=\"async\" src=\"https:\/\/www.aa.com.tr\/uploads\/userFiles\/ff7c844b-c626-46a5-aafd-41e9da639227\/2026%2F9%2F20260226_2_73140298_122693453.jpg\" alt=\"\"\/><\/figure>\n\n\n\n<h3 class=\"wp-block-heading\">&#8220;Savunma sanayimizde \u00e7al\u0131\u015fan gen\u00e7lerle m\u00fclaki olduk\u00e7a g\u00f6\u011fs\u00fcm kabar\u0131yor&#8221;<\/h3>\n\n\n\n<p>T\u00fcrkiye&#8217;nin son y\u0131llarda pek \u00e7ok \u00fclkenin g\u0131ptayla takip etti\u011fi b\u00fcy\u00fck bir at\u0131l\u0131m\u0131 ger\u00e7ekle\u015ftirmeye devam etti\u011fini vurgulayan Erdo\u011fan, savunma sanayisinden turizme, e\u011fitimden ticarete, sa\u011fl\u0131ktan teknolojiye kadar hemen her alanda T\u00fcrkiye&#8217;de tarihi bir d\u00f6n\u00fc\u015f\u00fcm\u00fcn ya\u015fand\u0131\u011f\u0131na dikkati \u00e7ekti.<\/p>\n\n\n\n<p>Erdo\u011fan, T\u00fcrkiye&#8217;nin maziden ald\u0131\u011f\u0131 ilham ve cesaretle istikbalini in\u015fa etti\u011fini belirterek, \u015fu ifadeleri kulland\u0131:<\/p>\n\n\n\n<p>&#8220;Vatan savunmas\u0131nda oldu\u011fu kadar T\u00fcrkiye&#8217;nin kalk\u0131nmas\u0131nda, ekonomik olarak ilerlemesinde daha m\u00fcreffeh, daha itibarl\u0131 bir \u00fclke olmas\u0131nda siz gen\u00e7lerimiz \u00e7ok \u00f6nemli paya sahip. \u0130HA ve SiHA&#8217;lardan uzay \u00e7al\u0131\u015fmalar\u0131na, yapay zekadan b\u00fcy\u00fck teknoloji giri\u015fimlerine, \u00fclkemizin elde etti\u011fi her kazan\u0131mda bu topraklarda yeti\u015fen gen\u00e7 m\u00fchendislerin, gen\u00e7 ara\u015ft\u0131rmac\u0131lar\u0131n giri\u015fimcilerin al\u0131n teri var. Savunma sanayimizdeki 3 bin 500&#8217;\u00fc a\u015fk\u0131n firmada \u00e7al\u0131\u015fan, emek veren, ter d\u00f6ken gen\u00e7lerle m\u00fclaki olduk\u00e7a inan\u0131n g\u00f6\u011fs\u00fcm kabar\u0131yor. Ayn\u0131 \u015fekilde, sporun farkl\u0131 dallar\u0131nda bayra\u011f\u0131m\u0131z\u0131 gururla g\u00f6ndere \u00e7ektiren, \u0130stiklal Mar\u015f\u0131&#8217;m\u0131z\u0131 t\u00fcm d\u00fcnyada gururla dinleten bu \u00fclkenin gen\u00e7leri, TEKNOFEST gen\u00e7li\u011fi, azmini, inanc\u0131n\u0131 ve heyecan\u0131n\u0131 k\u0131rmay\u0131 ama\u00e7layan t\u00fcrl\u00fc kirli kampanyalara ra\u011fmen in\u015fallah g\u00fcr\u00fcl g\u00fcr\u00fcl yata\u011f\u0131nda ak\u0131yor.&#8221;<\/p>\n\n\n\n<h3 class=\"wp-block-heading\">&#8220;Spor altyap\u0131s\u0131na \u00e7ok ciddi yat\u0131r\u0131mlar yapt\u0131k&#8221;<\/h3>\n\n\n\n<p>Enerji ve potansiyellerini en \u00fcst seviyede kullanabilmeleri i\u00e7in daima gen\u00e7lerin destek\u00e7isi olduklar\u0131n\u0131 dile getiren Erdo\u011fan, \u015fu bilgileri payla\u015ft\u0131:<\/p>\n\n\n\n<p>&#8220;Gen\u00e7lik merkezlerimizi bu ama\u00e7la \u00fclkemiz geneline yayg\u0131nla\u015ft\u0131rd\u0131k. G\u00f6reve geldi\u011fimizde Gen\u00e7lik Merkezlerimizin say\u0131s\u0131 9&#8217;du. Bug\u00fcn bu say\u0131 570&#8217;e ula\u015ft\u0131. Y\u00fcksek\u00f6\u011fretimde 132 yeni \u00fcniversite a\u00e7arak toplam \u00fcniversite say\u0131m\u0131z\u0131 208&#8217;e \u00e7\u0131kard\u0131k. Y\u00fcksek\u00f6\u011frenim yurtlar\u0131m\u0131z\u0131n say\u0131s\u0131n\u0131 190&#8217;dan ald\u0131k, 875&#8217;e y\u00fckselttik. 1 milyon yatak kapasitesine sahip konforlu, g\u00fcvenli ve modern yurtlar\u0131m\u0131z\u0131 \u00f6\u011frencilerimizin hizmetine sunduk. Gen\u00e7 arkada\u015flar\u0131m\u0131z\u0131n siyasette ve \u00fclkenin kaderine y\u00f6n veren karar alma mekanizmalar\u0131nda hak ettikleri \u015fekilde temsil edilmesi i\u00e7in se\u00e7ilme ya\u015f\u0131n\u0131 \u00f6nce 30&#8217;dan 25&#8217;e ard\u0131ndan 18&#8217;e d\u00fc\u015f\u00fcrd\u00fck. \u00dclkemizin spor altyap\u0131s\u0131na \u00e7ok ciddi yat\u0131r\u0131mlar yapt\u0131k. 81 ilimizin tamam\u0131na modern stadyumlar, kapal\u0131 spor salonlar\u0131, y\u00fczme havuzlar\u0131, atletizm pistleri in\u015fa ettik. Toplam spor tesisi say\u0131m\u0131z 1575&#8217;ten bug\u00fcn 4 bin 562&#8217;ye y\u00fckseldi. Kat\u0131ld\u0131\u011f\u0131m\u0131z olimpiyatlarda elde etti\u011fimiz derecelerle tarihimizin en fazla madalya say\u0131s\u0131na ula\u015ft\u0131k. Kad\u0131n sporcular\u0131n kat\u0131l\u0131m\u0131n\u0131 \u00f6zellikle te\u015fvik ettik ve milli tak\u0131mlardaki kad\u0131n sporcu oran\u0131n\u0131 y\u00fczde 45&#8217;in \u00fczerine \u00e7\u0131kard\u0131k. Yani e\u011fitim, siyaset, spor, sanayi, teknoloji dahil her alanda siz gen\u00e7lerin yan\u0131nda olmaya, sizin \u00f6n\u00fcn\u00fcze a\u00e7maya \u00e7al\u0131\u015ft\u0131k ve \u00e7al\u0131\u015f\u0131yoruz. Bu vesileyle farkl\u0131 bran\u015flarda \u00fclkemize getirdikleri madalyalarla k\u0131van\u00e7 kayna\u011f\u0131m\u0131z olan t\u00fcm sporcular\u0131m\u0131z\u0131 can\u0131 g\u00f6n\u00fclden tebrik ediyor, her birinize te\u015fekk\u00fcr ediyorum.&#8221;<\/p>\n\n\n\n<figure class=\"wp-block-image\"><img decoding=\"async\" src=\"https:\/\/www.aa.com.tr\/uploads\/userFiles\/ff7c844b-c626-46a5-aafd-41e9da639227\/2026%2F9%2F20260226_2_73140298_122693450.jpg\" alt=\"\"\/><\/figure>\n\n\n\n<h3 class=\"wp-block-heading\">&#8220;Yeni T\u00fcrkiye, B\u00fcy\u00fck ve G\u00fc\u00e7l\u00fc T\u00fcrkiye sizlerin omuzlar\u0131nda y\u00fckselecek&#8221;<\/h3>\n\n\n\n<p>Fikir adam\u0131 merhum Nurettin Top\u00e7u&#8217;nun &#8220;Beklenen gen\u00e7lik&#8221; yaz\u0131s\u0131nda gen\u00e7leri tarif etti\u011fi, &#8220;Gen\u00e7lik, gelece\u011fin tohumudur. Bu tohumun \u00f6z\u00fcne bakarak yar\u0131n\u0131m\u0131z\u0131 ke\u015ffetmek m\u00fc\u015fkil olmayacakt\u0131r.&#8221; ifadelerini hat\u0131rlatan Cumhurba\u015fkan\u0131 Erdo\u011fan, \u015f\u00f6yle devam etti:<\/p>\n\n\n\n<p>&#8220;Gen\u00e7ler hem gelece\u011fin tohumu, hem de yar\u0131nlar\u0131m\u0131z\u0131n teminat\u0131d\u0131r. Siz bu milletin istikbalisiniz, bu \u00fclkeyi yar\u0131n sizler y\u00f6neteceksiniz. Yeni T\u00fcrkiye, b\u00fcy\u00fck ve g\u00fc\u00e7l\u00fc T\u00fcrkiye sizlerin omuzlar\u0131nda y\u00fckselecek. Her biriniz farkl\u0131 alanlarda \u00e7ok \u00f6nemli sorumluluklar \u00fcstlenecek, \u00f6nemli g\u00f6revlere geleceksiniz. \u0130nan\u0131yorum ki, her biriniz a\u015fkla, heyecanla, tutkuyla, cennet vatan\u0131m\u0131za hizmet edeceksin. Bizden devralaca\u011f\u0131n\u0131z bayra\u011f\u0131 in\u015fallah daha yukar\u0131lara ta\u015f\u0131yacaks\u0131n\u0131z. T\u00fcrkiye&#8217;nin gen\u00e7leri olarak birlik i\u00e7inde, sevgiyle, karde\u015flikle, muhabbetle, dostlukla bu \u00fclkenin gelece\u011fini sizler kuracaks\u0131n\u0131z.<\/p>\n\n\n\n<figure class=\"wp-block-image\"><img decoding=\"async\" src=\"https:\/\/www.aa.com.tr\/uploads\/userFiles\/ff7c844b-c626-46a5-aafd-41e9da639227\/2026%2F9%2F20260226_2_73140350_122693608.jpg\" alt=\"\"\/><\/figure>\n\n\n\n<p>\u015eunu l\u00fctfen hi\u00e7bir zaman akl\u0131n\u0131zdan \u00e7\u0131karmay\u0131n sevgili gen\u00e7ler, T\u00fcrkiye Cumhuriyeti sizin \u00f6z yurdunuzdur. Her kar\u0131\u015f\u0131nda bir yi\u011fidin yatt\u0131\u011f\u0131 bu \u00fclke sizin \u00f6z vatan\u0131n\u0131zd\u0131r. Sizler hepiniz, her biriniz bu milletin \u00f6zbe\u00f6z evlatlar\u0131s\u0131n\u0131z. Ne size ne de bu \u00fclkenin 86 milyon vatanda\u015f\u0131na art\u0131k kendini milletten \u00fcst\u00fcn g\u00f6ren hi\u00e7 kimse \u00fcvey evlat muamelesi, parya muamelesi, yapamaz. Hi\u00e7 kimse kendi topraklar\u0131n\u0131zda, kendi \u00f6z yurdunuzda, k\u0131l\u0131k k\u0131yafetinizden, inanc\u0131n\u0131zdan, siyasi g\u00f6r\u00fc\u015f\u00fcn\u00fczden dolay\u0131 size parmak sallayamaz. Eski T\u00fcrkiye&#8217;nin imtiyazl\u0131lar\u0131n\u0131n, \u00e7at\u0131\u015fma ve gerilimden beslenenlerin aran\u0131za nifak sokmas\u0131na l\u00fctfen m\u00fcsaade etmeyin. Siyasette tek sermayesi felaket tellall\u0131\u011f\u0131 olan kifayetsizlerin hayallerinizle aran\u0131za girmesine l\u00fctfen izin vermeyin.&#8221;<\/p>\n\n\n\n<p>Gen\u00e7lerden \u00fclke, millet ve milletin kadim ve k\u00f6kl\u00fc de\u011ferlerine sahip \u00e7\u0131kmas\u0131n\u0131 isteyen Erdo\u011fan, &#8220;Sizlerden, \u00e7ok \u00e7etin m\u00fccadeleler neticesinde elde etti\u011fimiz, \u00fclkemizin 23 y\u0131ll\u0131k kazan\u0131mlar\u0131n\u0131 koruyup kollaman\u0131z\u0131 rica ediyorum. Sizden, size emanet edilen T\u00fcrkiye&#8217;yi daha y\u00fcksek seviyelere \u00e7\u0131karman\u0131z\u0131 \u00f6zellikle istirham ediyorum. T\u00fcrkiye Cumhurba\u015fkan\u0131 olarak sizlere g\u00fcveniyorum. Cenab\u0131allah yar ve yard\u0131mc\u0131n\u0131z olsun.&#8221; dedi.<\/p>\n\n\n\n<p>Cumhurba\u015fkan\u0131 Erdo\u011fan, konu\u015fmas\u0131n\u0131n sonunda telefon a\u00e7arak, mesaj yay\u0131mlayarak, \u00e7i\u00e7ek g\u00f6ndererek veya bizzat ziyaret ederek do\u011fum g\u00fcn\u00fcn\u00fc kutlayan devlet ve h\u00fck\u00fcmet ba\u015fkanlar\u0131na, MHP Genel Ba\u015fkan\u0131 Devlet Bah\u00e7eli olmak \u00fczere siyasi partilerin genel ba\u015fkanlar\u0131na, milletvekillerine ve bilhassa dualar\u0131n\u0131 esirgemeyen t\u00fcm vatanda\u015flara \u015f\u00fckranlar\u0131n\u0131 sundu\u011funu belirtti.<\/p>\n","protected":false},"excerpt":{"rendered":"<p>Cumhurba\u015fkan\u0131 Erdo\u011fan, &#8220;Gen\u00e7lerimizin huzurla g\u00fcvenle ya\u015fayabilece\u011fi k\u00fcresel g\u00fc\u00e7 T\u00fcrkiye i\u00e7in ilk g\u00fcnk\u00fc heyecanla \u00e7al\u0131\u015fmaya, son nefesimize kadar bu u\u011furda ko\u015fturmaya devam edece\u011fiz.&#8221; dedi. Cumhurba\u015fkan\u0131 Erdo\u011fan, Be\u015ftepe Millet Sergi Salonu&#8217;nda Gen\u00e7lik ve Spor Bakanl\u0131\u011f\u0131 (GSB) yurdu \u00f6\u011frencileri, sporcular ve gen\u00e7ler i\u00e7in d\u00fczenlenen iftar program\u0131nda konu\u015ftu. Burada konu\u015fan Cumhurba\u015fkan\u0131 Erdo\u011fan, iftara kat\u0131lanlar\u0131n \u015fahs\u0131nda y\u00fcre\u011fi umut dolu, kalbi [&hellip;]<\/p>\n","protected":false},"author":1,"featured_media":10098,"comment_status":"open","ping_status":"open","sticky":false,"template":"","format":"standard","meta":{"footnotes":""},"categories":[11],"tags":[3052,846,4338],"class_list":["post-10097","post","type-post","status-publish","format-standard","has-post-thumbnail","hentry","category-manset","tag-bestepe-millet-sergi-salonu","tag-cumhurbaskani-erdogan","tag-gsb"],"_links":{"self":[{"href":"https:\/\/www.trabzonmanset.com\/index.php\/wp-json\/wp\/v2\/posts\/10097","targetHints":{"allow":["GET"]}}],"collection":[{"href":"https:\/\/www.trabzonmanset.com\/index.php\/wp-json\/wp\/v2\/posts"}],"about":[{"href":"https:\/\/www.trabzonmanset.com\/index.php\/wp-json\/wp\/v2\/types\/post"}],"author":[{"embeddable":true,"href":"https:\/\/www.trabzonmanset.com\/index.php\/wp-json\/wp\/v2\/users\/1"}],"replies":[{"embeddable":true,"href":"https:\/\/www.trabzonmanset.com\/index.php\/wp-json\/wp\/v2\/comments?post=10097"}],"version-history":[{"count":1,"href":"https:\/\/www.trabzonmanset.com\/index.php\/wp-json\/wp\/v2\/posts\/10097\/revisions"}],"predecessor-version":[{"id":10099,"href":"https:\/\/www.trabzonmanset.com\/index.php\/wp-json\/wp\/v2\/posts\/10097\/revisions\/10099"}],"wp:featuredmedia":[{"embeddable":true,"href":"https:\/\/www.trabzonmanset.com\/index.php\/wp-json\/wp\/v2\/media\/10098"}],"wp:attachment":[{"href":"https:\/\/www.trabzonmanset.com\/index.php\/wp-json\/wp\/v2\/media?parent=10097"}],"wp:term":[{"taxonomy":"category","embeddable":true,"href":"https:\/\/www.trabzonmanset.com\/index.php\/wp-json\/wp\/v2\/categories?post=10097"},{"taxonomy":"post_tag","embeddable":true,"href":"https:\/\/www.trabzonmanset.com\/index.php\/wp-json\/wp\/v2\/tags?post=10097"}],"curies":[{"name":"wp","href":"https:\/\/api.w.org\/{rel}","templated":true}]}}