{"id":10081,"date":"2026-02-25T18:30:00","date_gmt":"2026-02-25T15:30:00","guid":{"rendered":"https:\/\/www.trabzonmanset.com\/?p=10081"},"modified":"2026-02-25T23:03:39","modified_gmt":"2026-02-25T20:03:39","slug":"savas-ucaklari-icin-kara-gun-dort-bir-yandan-aci-haberler-geldi","status":"publish","type":"post","link":"https:\/\/www.trabzonmanset.com\/index.php\/2026\/02\/25\/savas-ucaklari-icin-kara-gun-dort-bir-yandan-aci-haberler-geldi\/","title":{"rendered":"Sava\u015f u\u00e7aklar\u0131 i\u00e7in kara g\u00fcn! D\u00f6rt bir yandan ac\u0131 haberler geldi"},"content":{"rendered":"\n<p>Bal\u0131kesir&#8217;de e\u011fitim u\u00e7u\u015fu s\u0131ras\u0131nda d\u00fc\u015fen F-16 sava\u015f Pilot Binba\u015f\u0131 \u0130brahim Bolat&#8217;\u0131n \u015fehit olmas\u0131n\u0131n yank\u0131lar\u0131 s\u00fcrerken, G\u00fcney Kore ve Kazakistan&#8217;dan da benzer haberler geldi. G\u00fcney Kore Hava Kuvvetlerine ait F-16C, Kazakistan Hava Kuvvetlerine ait Su-30SM de d\u00fc\u015ft\u00fc.<\/p>\n\n\n\n<ul class=\"wp-block-list\">\n<li>Bal\u0131kesir&#8217;deki F-16 kazas\u0131nda Pilot Binba\u015f\u0131 \u0130brahim Bolat \u015fehit oldu.<\/li>\n\n\n\n<li>G\u00fcney Kore&#8217;de bir F-16C u\u00e7a\u011f\u0131 e\u011fitim u\u00e7u\u015fu s\u0131ras\u0131nda d\u00fc\u015ft\u00fc ve pilot kurtuldu.<\/li>\n\n\n\n<li>Kazakistan&#8217;da bir Su-30SM u\u00e7a\u011f\u0131 d\u00fc\u015ft\u00fc ve iki pilot kurtuldu.<\/li>\n<\/ul>\n\n\n\n<p><strong>Bal\u0131kesir<\/strong> 9. Ana Jet \u00dcss\u00fc&#8217;nden gece saat 00.50 s\u0131ralar\u0131nda havalanan F-16 tipi sava\u015f u\u00e7a\u011f\u0131 kalk\u0131\u015ftan 6 dakika sonra Karesi il\u00e7esine ba\u011fl\u0131 Naifli k\u00f6y\u00fc k\u0131rsal\u0131nda kaza k\u0131r\u0131ma u\u011frad\u0131.<\/p>\n\n\n\n<p>Kazada Pilot Binba\u015f\u0131 \u0130brahim Bolat \u015fehit oldu. \u015eehit pilotun naa\u015f\u0131 saat 11.00&#8217;de Bal\u0131kesir 9. Ana Jet \u00dcss\u00fc&#8217;nde d\u00fczenlenen u\u011furlama t\u00f6reninin ard\u0131ndan \u00c7i\u011fli Ana Jet \u00dcss\u00fc&#8217;ne getirildi.<\/p>\n\n\n\n<figure class=\"wp-block-image\"><img decoding=\"async\" src=\"https:\/\/foto.haberler.com\/crop\/640x426\/haber\/2026\/02\/25\/savas-ucaklari-icin-kara-gun-dort-bir-yandan-aci-19601141_9988_m.jpg\" alt=\"Sava\u015f u\u00e7aklar\u0131 i\u00e7in kara g\u00fcn! D\u00f6rt bir yandan ac\u0131 haberler geldi\"\/><\/figure>\n\n\n\n<h3 class=\"wp-block-heading\">\u015eEH\u0130T B\u0130NBA\u015eIYA SON G\u00d6REV<\/h3>\n\n\n\n<p>\u00c7i\u011fli&#8217;deki evinde helallik al\u0131nmas\u0131n\u0131n ard\u0131ndan \u015fehit pilotun cenazesi, Kar\u015f\u0131yaka Hac\u0131 Mustafa Be\u015fik\u00e7io\u011flu Camii&#8217;ne g\u00f6t\u00fcr\u00fcld\u00fc. \u0130kindi namaz\u0131n\u0131 m\u00fcteakip k\u0131l\u0131nan cenaze namaz\u0131n\u0131n ard\u0131ndan \u015fehidin naa\u015f\u0131 Kadifekale \u015eehitli\u011fi&#8217;nde topra\u011fa verildi.<\/p>\n\n\n\n<figure class=\"wp-block-image\"><img decoding=\"async\" src=\"https:\/\/foto.haberler.com\/crop\/640x426\/haber\/2026\/02\/25\/savas-ucaklari-icin-kara-gun-dort-bir-yandan-aci-19601141_8597_m.jpg\" alt=\"Sava\u015f u\u00e7aklar\u0131 i\u00e7in kara g\u00fcn! D\u00f6rt bir yandan ac\u0131 haberler geldi\"\/><\/figure>\n\n\n\n<h3 class=\"wp-block-heading\">G\u00dcNEY KORE&#8217;DE DE F-16 D\u00dc\u015eT\u00dc<\/h3>\n\n\n\n<p>Ba\u015fka \u00fclkelerden de ac\u0131 <strong>haberler<\/strong> geldi. G\u00fcney Kore Hava Kuvvetlerine ait bir F-16C u\u00e7a\u011f\u0131n\u0131n, e\u011fitim u\u00e7u\u015fu s\u0131ras\u0131nda d\u00fc\u015ft\u00fc\u011f\u00fc bildirildi. Pilotun f\u0131rlatma koltu\u011funu kullanarak kurtuldu\u011fu aktar\u0131ld\u0131.<\/p>\n\n\n\n<figure class=\"wp-block-image\"><img decoding=\"async\" src=\"https:\/\/foto.haberler.com\/crop\/640x640\/haber\/2026\/02\/25\/savas-ucaklari-icin-kara-gun-dort-bir-yandan-aci-19601141_5378_m.jpg\" alt=\"Sava\u015f u\u00e7aklar\u0131 i\u00e7in kara g\u00fcn! D\u00f6rt bir yandan ac\u0131 haberler geldi\"\/><\/figure>\n\n\n\n<h3 class=\"wp-block-heading\">KAZAK\u0130STAN&#8217;DA D\u00dc\u015eEN U\u00c7AKTAN P\u0130LOTLAR KURTULDU<\/h3>\n\n\n\n<p>Ayr\u0131ca Kazakistan Hava Kuvvetlerine ait Su-30SM d\u00fc\u015ft\u00fc. \u0130ki pilotun kurtuldu\u011fu \u00f6\u011frenildi.<\/p>\n\n\n\n<figure class=\"wp-block-image\"><img decoding=\"async\" src=\"https:\/\/foto.haberler.com\/crop\/512x913\/haber\/2026\/02\/25\/savas-ucaklari-icin-kara-gun-dort-bir-yandan-aci-19601141_3136_m.jpg\" alt=\"Sava\u015f u\u00e7aklar\u0131 i\u00e7in kara g\u00fcn! D\u00f6rt bir yandan ac\u0131 haberler geldi\"\/><\/figure>\n","protected":false},"excerpt":{"rendered":"<p>Bal\u0131kesir&#8217;de e\u011fitim u\u00e7u\u015fu s\u0131ras\u0131nda d\u00fc\u015fen F-16 sava\u015f Pilot Binba\u015f\u0131 \u0130brahim Bolat&#8217;\u0131n \u015fehit olmas\u0131n\u0131n yank\u0131lar\u0131 s\u00fcrerken, G\u00fcney Kore ve Kazakistan&#8217;dan da benzer haberler geldi. G\u00fcney Kore Hava Kuvvetlerine ait F-16C, Kazakistan Hava Kuvvetlerine ait Su-30SM de d\u00fc\u015ft\u00fc. Bal\u0131kesir 9. Ana Jet \u00dcss\u00fc&#8217;nden gece saat 00.50 s\u0131ralar\u0131nda havalanan F-16 tipi sava\u015f u\u00e7a\u011f\u0131 kalk\u0131\u015ftan 6 dakika sonra Karesi [&hellip;]<\/p>\n","protected":false},"author":1,"featured_media":10082,"comment_status":"open","ping_status":"open","sticky":false,"template":"","format":"standard","meta":{"footnotes":""},"categories":[127,1],"tags":[1832,4331,3081,4034,4328,4329,4327,4330],"class_list":["post-10081","post","type-post","status-publish","format-standard","has-post-thumbnail","hentry","category-dunya","category-gundem","tag-balikesir","tag-cigli-ana-jet-ussu","tag-f-16","tag-guney-kore","tag-ibrahim-bolat","tag-kazakistan","tag-pilot-binbasi-ibrahim-bolat","tag-su-30sm"],"_links":{"self":[{"href":"https:\/\/www.trabzonmanset.com\/index.php\/wp-json\/wp\/v2\/posts\/10081","targetHints":{"allow":["GET"]}}],"collection":[{"href":"https:\/\/www.trabzonmanset.com\/index.php\/wp-json\/wp\/v2\/posts"}],"about":[{"href":"https:\/\/www.trabzonmanset.com\/index.php\/wp-json\/wp\/v2\/types\/post"}],"author":[{"embeddable":true,"href":"https:\/\/www.trabzonmanset.com\/index.php\/wp-json\/wp\/v2\/users\/1"}],"replies":[{"embeddable":true,"href":"https:\/\/www.trabzonmanset.com\/index.php\/wp-json\/wp\/v2\/comments?post=10081"}],"version-history":[{"count":1,"href":"https:\/\/www.trabzonmanset.com\/index.php\/wp-json\/wp\/v2\/posts\/10081\/revisions"}],"predecessor-version":[{"id":10083,"href":"https:\/\/www.trabzonmanset.com\/index.php\/wp-json\/wp\/v2\/posts\/10081\/revisions\/10083"}],"wp:featuredmedia":[{"embeddable":true,"href":"https:\/\/www.trabzonmanset.com\/index.php\/wp-json\/wp\/v2\/media\/10082"}],"wp:attachment":[{"href":"https:\/\/www.trabzonmanset.com\/index.php\/wp-json\/wp\/v2\/media?parent=10081"}],"wp:term":[{"taxonomy":"category","embeddable":true,"href":"https:\/\/www.trabzonmanset.com\/index.php\/wp-json\/wp\/v2\/categories?post=10081"},{"taxonomy":"post_tag","embeddable":true,"href":"https:\/\/www.trabzonmanset.com\/index.php\/wp-json\/wp\/v2\/tags?post=10081"}],"curies":[{"name":"wp","href":"https:\/\/api.w.org\/{rel}","templated":true}]}}