{"id":10075,"date":"2026-02-25T18:20:00","date_gmt":"2026-02-25T15:20:00","guid":{"rendered":"https:\/\/www.trabzonmanset.com\/?p=10075"},"modified":"2026-02-25T22:54:47","modified_gmt":"2026-02-25T19:54:47","slug":"turkiyenin-en-kurak-ilcesine-lapa-lapa-kar-yagdi","status":"publish","type":"post","link":"https:\/\/www.trabzonmanset.com\/index.php\/2026\/02\/25\/turkiyenin-en-kurak-ilcesine-lapa-lapa-kar-yagdi\/","title":{"rendered":"T\u00fcrkiye&#8217;nin en kurak il\u00e7esine lapa lapa kar ya\u011fd\u0131"},"content":{"rendered":"\n<p>T\u00fcrkiye&#8217;nin en az ya\u011f\u0131\u015f alan ve en kurak b\u00f6lgelerinden biri olarak bilinen Konya&#8217;n\u0131n Karap\u0131nar il\u00e7esinde k\u0131\u015f yeniden y\u00fcz\u00fcn\u00fc g\u00f6sterdi. \u0130l\u00e7eyi beyaza b\u00fcr\u00fcyen ya\u011fmur ve kar ya\u011f\u0131\u015f\u0131, \u00f6zellikle \u00e7ift\u00e7iler taraf\u0131ndan memnuniyetle kar\u015f\u0131land\u0131.<\/p>\n\n\n\n<ul class=\"wp-block-list\">\n<li>T\u00fcrkiye&#8217;nin en kurak il\u00e7elerinden Karap\u0131nar&#8217;da kar ya\u011f\u0131\u015f\u0131 ger\u00e7ekle\u015fti.<\/li>\n\n\n\n<li>Kar ya\u011f\u0131\u015f\u0131 il\u00e7enin k\u00f6ylerinde ekili alanlar\u0131 kaplad\u0131.<\/li>\n\n\n\n<li>Kar ya\u011f\u0131\u015f\u0131n\u0131n topra\u011f\u0131n su ihtiyac\u0131n\u0131 kar\u015f\u0131lamas\u0131 ve yer alt\u0131 su kaynaklar\u0131n\u0131 beslemesi bekleniyor.<\/li>\n<\/ul>\n\n\n\n<p><strong>T\u00fcrkiye<\/strong>&#8216;nin en kurak il\u00e7elerinden Karap\u0131nar&#8217;da kar sevinci ya\u015fand\u0131.<\/p>\n\n\n\n<h3 class=\"wp-block-heading\">\u00c7EVREY\u0130 BEYAZA B\u00dcR\u00dcD\u00dc<\/h3>\n\n\n\n<p>\u0130l\u00e7ede etkili olan ya\u011fmur ve kar ya\u011f\u0131\u015f\u0131, \u00f6zellikle k\u0131rsal mahallelerde \u00e7evreyi beyaza b\u00fcr\u00fcd\u00fc. \u0130l\u00e7enin k\u00f6ylerinde ekili alanlar kar \u00f6rt\u00fcs\u00fcyle kaplan\u0131rken, bu durumun tar\u0131msal \u00fcretime olumlu katk\u0131 sa\u011flayaca\u011f\u0131 belirtildi.<\/p>\n\n\n\n<h3 class=\"wp-block-heading\">\u00c7\u0130FT\u00c7\u0130LER MEMNUN<\/h3>\n\n\n\n<p>Uzun s\u00fcredir kurakl\u0131kla m\u00fccadele eden y\u00f6rede ya\u011fan kar, \u00e7ift\u00e7iler taraf\u0131ndan memnuniyetle kar\u015f\u0131land\u0131. Kar ya\u011f\u0131\u015f\u0131 topra\u011f\u0131n su ihtiyac\u0131n\u0131 kar\u015f\u0131lamas\u0131 ve yer alt\u0131 su kaynaklar\u0131n\u0131n beslenmesi a\u00e7\u0131s\u0131ndan \u00f6nem ta\u015f\u0131yor.<\/p>\n\n\n\n<p>Kaynak: \u0130hlas Haber Ajans\u0131<\/p>\n\n\n\n<p><\/p>\n","protected":false},"excerpt":{"rendered":"<p>T\u00fcrkiye&#8217;nin en az ya\u011f\u0131\u015f alan ve en kurak b\u00f6lgelerinden biri olarak bilinen Konya&#8217;n\u0131n Karap\u0131nar il\u00e7esinde k\u0131\u015f yeniden y\u00fcz\u00fcn\u00fc g\u00f6sterdi. \u0130l\u00e7eyi beyaza b\u00fcr\u00fcyen ya\u011fmur ve kar ya\u011f\u0131\u015f\u0131, \u00f6zellikle \u00e7ift\u00e7iler taraf\u0131ndan memnuniyetle kar\u015f\u0131land\u0131. T\u00fcrkiye&#8216;nin en kurak il\u00e7elerinden Karap\u0131nar&#8217;da kar sevinci ya\u015fand\u0131. \u00c7EVREY\u0130 BEYAZA B\u00dcR\u00dcD\u00dc \u0130l\u00e7ede etkili olan ya\u011fmur ve kar ya\u011f\u0131\u015f\u0131, \u00f6zellikle k\u0131rsal mahallelerde \u00e7evreyi beyaza b\u00fcr\u00fcd\u00fc. [&hellip;]<\/p>\n","protected":false},"author":1,"featured_media":10076,"comment_status":"open","ping_status":"open","sticky":false,"template":"","format":"standard","meta":{"footnotes":""},"categories":[1,1349],"tags":[717,719,4323,2777],"class_list":["post-10075","post","type-post","status-publish","format-standard","has-post-thumbnail","hentry","category-gundem","category-yasam","tag-kar","tag-kar-yagisi","tag-karapinar","tag-konya"],"_links":{"self":[{"href":"https:\/\/www.trabzonmanset.com\/index.php\/wp-json\/wp\/v2\/posts\/10075","targetHints":{"allow":["GET"]}}],"collection":[{"href":"https:\/\/www.trabzonmanset.com\/index.php\/wp-json\/wp\/v2\/posts"}],"about":[{"href":"https:\/\/www.trabzonmanset.com\/index.php\/wp-json\/wp\/v2\/types\/post"}],"author":[{"embeddable":true,"href":"https:\/\/www.trabzonmanset.com\/index.php\/wp-json\/wp\/v2\/users\/1"}],"replies":[{"embeddable":true,"href":"https:\/\/www.trabzonmanset.com\/index.php\/wp-json\/wp\/v2\/comments?post=10075"}],"version-history":[{"count":1,"href":"https:\/\/www.trabzonmanset.com\/index.php\/wp-json\/wp\/v2\/posts\/10075\/revisions"}],"predecessor-version":[{"id":10077,"href":"https:\/\/www.trabzonmanset.com\/index.php\/wp-json\/wp\/v2\/posts\/10075\/revisions\/10077"}],"wp:featuredmedia":[{"embeddable":true,"href":"https:\/\/www.trabzonmanset.com\/index.php\/wp-json\/wp\/v2\/media\/10076"}],"wp:attachment":[{"href":"https:\/\/www.trabzonmanset.com\/index.php\/wp-json\/wp\/v2\/media?parent=10075"}],"wp:term":[{"taxonomy":"category","embeddable":true,"href":"https:\/\/www.trabzonmanset.com\/index.php\/wp-json\/wp\/v2\/categories?post=10075"},{"taxonomy":"post_tag","embeddable":true,"href":"https:\/\/www.trabzonmanset.com\/index.php\/wp-json\/wp\/v2\/tags?post=10075"}],"curies":[{"name":"wp","href":"https:\/\/api.w.org\/{rel}","templated":true}]}}