{"id":10069,"date":"2026-02-25T22:15:00","date_gmt":"2026-02-25T19:15:00","guid":{"rendered":"https:\/\/www.trabzonmanset.com\/?p=10069"},"modified":"2026-02-25T22:47:28","modified_gmt":"2026-02-25T19:47:28","slug":"ak-partili-tayyardan-iktidara-ocalan-uyarisi","status":"publish","type":"post","link":"https:\/\/www.trabzonmanset.com\/index.php\/2026\/02\/25\/ak-partili-tayyardan-iktidara-ocalan-uyarisi\/","title":{"rendered":"AK Partili Tayyar&#8217;dan iktidara &#8220;\u00d6calan&#8221; uyar\u0131s\u0131"},"content":{"rendered":"\n<p>AK Partili \u015eamil Tayyar, Ter\u00f6rs\u00fcz T\u00fcrkiye s\u00fcreciyle ilgili dikkat \u00e7eken bir uyar\u0131da bulundu. Tayyar, &#8220;&#8216;Hem ter\u00f6r bitsin hem iktidar s\u00fcrs\u00fcn&#8217; deniyorsa \u00d6calan&#8217;\u0131 kenarda tutmakta fayda var. Zira, \u00d6calan ismi tek ba\u015f\u0131na s\u00fcreci enfekte etmeye yetiyor.&#8221; dedi.<\/p>\n\n\n\n<ul class=\"wp-block-list\">\n<li>AK Partili \u015eamil Tayyar, iktidar\u0131n s\u00fcrd\u00fcr\u00fclmesi i\u00e7in PKK ter\u00f6r \u00f6rg\u00fct\u00fc eleba\u015f\u0131 Abdullah \u00d6calan&#8217;\u0131n s\u00fcre\u00e7ten kenarda tutulmas\u0131 gerekti\u011fini savundu.<\/li>\n\n\n\n<li>\u015eamil Tayyar, \u00d6calan&#8217;\u0131n ter\u00f6rle m\u00fccadele s\u00fcrecinin merkezine yerle\u015ftirilmesinin kamuoyu deste\u011fini azaltt\u0131\u011f\u0131n\u0131 belirtti.<\/li>\n\n\n\n<li>\u015eamil Tayyar, \u00d6calan&#8217;\u0131n \u0130mral\u0131&#8217;da dergah gibi bir konuma getirilmesi durumunda toplumun sand\u0131kta siyasi faturay\u0131 soraca\u011f\u0131n\u0131 ifade etti.<\/li>\n<\/ul>\n\n\n\n<p>Ter\u00f6rs\u00fcz T\u00fcrkiye \u00e7al\u0131\u015fmalar\u0131 kapsam\u0131nda Meclis&#8217;te kurulan komisyonun raporunu haz\u0131rlamas\u0131n\u0131n ard\u0131ndan s\u00fcre\u00e7 h\u0131zland\u0131. PKK ter\u00f6r \u00f6rg\u00fct\u00fc eleba\u015f\u0131 Abdullah \u00d6calan&#8217;a &#8220;umut hakk\u0131&#8221; tart\u0131\u015fmalar\u0131 da yeniden alevlendi.<\/p>\n\n\n\n<h3 class=\"wp-block-heading\">AK PART\u0130L\u0130 TAYYAR&#8217;DAN D\u0130KKAT \u00c7EKEN \u00c7IKI\u015e<\/h3>\n\n\n\n<p>AK Partili \u015eamil Tayyar&#8217;dan ise dikkat \u00e7eken bir a\u00e7\u0131klama geldi. Sosyal medya hesab\u0131ndan a\u00e7\u0131klama yapan Tayyar, iktidar\u0131n s\u00fcrmesi i\u00e7in \u00d6calan&#8217;\u0131n kenarda tutulmas\u0131 gerekti\u011fini savundu.<\/p>\n\n\n\n<h3 class=\"wp-block-heading\">&#8220;\u00d6CALAN S\u00dcREC\u0130N MERKEZ\u0130NE YERLE\u015eT\u0130R\u0130LD\u0130K\u00c7E DESTEK AZALIYOR&#8221;<\/h3>\n\n\n\n<p>Tayyar \u015funlar\u0131 s\u00f6yledi: &#8220;Daha \u00f6nce yazd\u0131m. Tekrar edeyim. Ter\u00f6rs\u00fcz T\u00fcrkiye projesine, yani ter\u00f6r\u00fc sonland\u0131rarak gelece\u011fi karde\u015f\u00e7e ve birlikte in\u015fa etme \u00e7abas\u0131na kamuoyu deste\u011fi hayli y\u00fcksek. \u00d6calan bu s\u00fcrecin merkezine yerle\u015ftirildik\u00e7e, daha g\u00f6r\u00fcn\u00fcr hale geldik\u00e7e, sahibi gibi g\u00f6sterildik\u00e7e deste\u011fin azald\u0131\u011f\u0131n\u0131 g\u00f6r\u00fcyoruz.<\/p>\n\n\n\n<h3 class=\"wp-block-heading\">&#8220;\u0130MRALI DERGAHA D\u00d6NERSE, TOPLUM SANDIKTA HESAP SORAR&#8221;<\/h3>\n\n\n\n<p>Yar\u0131n, misal\u2026 Ba\u015fm\u00fczakereci ilan edilirse. Gazetecilerle toplant\u0131lar yap\u0131l\u0131rsa. \u0130mral\u0131 dergaha d\u00f6nerse. O vakit s\u00fcre\u00e7le ilgili t\u00fcm beklentiler kar\u015f\u0131lansa bile siyasi faturas\u0131 a\u011f\u0131r. Toplum ekseriyetle sokaklara d\u00f6k\u00fclmez, boykot etmez, protestolara kat\u0131lmaz ama kendini en \u00f6zg\u00fcr hissetti\u011fi perde gerisindeki sand\u0131k ba\u015f\u0131nda hesab\u0131 sorar.<\/p>\n\n\n\n<h3 class=\"wp-block-heading\">&#8220;\u00d6CALAN \u0130SM\u0130 TEK BA\u015eINA S\u00dcREC\u0130 ENFEKTE ETMEYE YET\u0130YOR&#8221;<\/h3>\n\n\n\n<p>&#8216;Gerekirse faturay\u0131 \u00f6deriz&#8217; deniyorsa siyaseten sorun yok. &#8216;Hem ter\u00f6r bitsin hem iktidar s\u00fcrs\u00fcn&#8217; deniyorsa \u00d6calan&#8217;\u0131 kenarda tutmakta fayda var. Zira, \u00d6calan ismi tek ba\u015f\u0131na s\u00fcreci enfekte etmeye yetiyor.&#8221;<\/p>\n\n\n\n<figure class=\"wp-block-image\"><img decoding=\"async\" src=\"https:\/\/foto.haberler.com\/crop\/585x760\/haber\/2026\/02\/25\/ak-partili-tayyar-dan-iktidara-ocalan-uyarisi-19601700_7603_m.jpg\" alt=\"AK Partili Tayyar'dan iktidara '\u00d6calan' uyar\u0131s\u0131\"\/><\/figure>\n\n\n\n<p>Kaynak: Haberler.com<\/p>\n\n\n\n<p><\/p>\n","protected":false},"excerpt":{"rendered":"<p>AK Partili \u015eamil Tayyar, Ter\u00f6rs\u00fcz T\u00fcrkiye s\u00fcreciyle ilgili dikkat \u00e7eken bir uyar\u0131da bulundu. Tayyar, &#8220;&#8216;Hem ter\u00f6r bitsin hem iktidar s\u00fcrs\u00fcn&#8217; deniyorsa \u00d6calan&#8217;\u0131 kenarda tutmakta fayda var. Zira, \u00d6calan ismi tek ba\u015f\u0131na s\u00fcreci enfekte etmeye yetiyor.&#8221; dedi. Ter\u00f6rs\u00fcz T\u00fcrkiye \u00e7al\u0131\u015fmalar\u0131 kapsam\u0131nda Meclis&#8217;te kurulan komisyonun raporunu haz\u0131rlamas\u0131n\u0131n ard\u0131ndan s\u00fcre\u00e7 h\u0131zland\u0131. PKK ter\u00f6r \u00f6rg\u00fct\u00fc eleba\u015f\u0131 Abdullah \u00d6calan&#8217;a &#8220;umut [&hellip;]<\/p>\n","protected":false},"author":1,"featured_media":10070,"comment_status":"open","ping_status":"open","sticky":false,"template":"","format":"standard","meta":{"footnotes":""},"categories":[1,632],"tags":[562,4321,1485,2135],"class_list":["post-10069","post","type-post","status-publish","format-standard","has-post-thumbnail","hentry","category-gundem","category-siyaset","tag-ak-parti","tag-ak-partili-samil-tayyar","tag-pkk","tag-samil-tayyar"],"_links":{"self":[{"href":"https:\/\/www.trabzonmanset.com\/index.php\/wp-json\/wp\/v2\/posts\/10069","targetHints":{"allow":["GET"]}}],"collection":[{"href":"https:\/\/www.trabzonmanset.com\/index.php\/wp-json\/wp\/v2\/posts"}],"about":[{"href":"https:\/\/www.trabzonmanset.com\/index.php\/wp-json\/wp\/v2\/types\/post"}],"author":[{"embeddable":true,"href":"https:\/\/www.trabzonmanset.com\/index.php\/wp-json\/wp\/v2\/users\/1"}],"replies":[{"embeddable":true,"href":"https:\/\/www.trabzonmanset.com\/index.php\/wp-json\/wp\/v2\/comments?post=10069"}],"version-history":[{"count":1,"href":"https:\/\/www.trabzonmanset.com\/index.php\/wp-json\/wp\/v2\/posts\/10069\/revisions"}],"predecessor-version":[{"id":10071,"href":"https:\/\/www.trabzonmanset.com\/index.php\/wp-json\/wp\/v2\/posts\/10069\/revisions\/10071"}],"wp:featuredmedia":[{"embeddable":true,"href":"https:\/\/www.trabzonmanset.com\/index.php\/wp-json\/wp\/v2\/media\/10070"}],"wp:attachment":[{"href":"https:\/\/www.trabzonmanset.com\/index.php\/wp-json\/wp\/v2\/media?parent=10069"}],"wp:term":[{"taxonomy":"category","embeddable":true,"href":"https:\/\/www.trabzonmanset.com\/index.php\/wp-json\/wp\/v2\/categories?post=10069"},{"taxonomy":"post_tag","embeddable":true,"href":"https:\/\/www.trabzonmanset.com\/index.php\/wp-json\/wp\/v2\/tags?post=10069"}],"curies":[{"name":"wp","href":"https:\/\/api.w.org\/{rel}","templated":true}]}}