{"id":10066,"date":"2026-02-25T17:54:59","date_gmt":"2026-02-25T14:54:59","guid":{"rendered":"https:\/\/www.trabzonmanset.com\/?p=10066"},"modified":"2026-02-25T17:55:00","modified_gmt":"2026-02-25T14:55:00","slug":"cumhurbaskani-erdoganin-iki-ziyaretinde-savunmadaki-milli-donusum","status":"publish","type":"post","link":"https:\/\/www.trabzonmanset.com\/index.php\/2026\/02\/25\/cumhurbaskani-erdoganin-iki-ziyaretinde-savunmadaki-milli-donusum\/","title":{"rendered":"Cumhurba\u015fkan\u0131 Erdo\u011fan&#8217;\u0131n iki ziyaretinde savunmadaki &#8220;milli&#8221; d\u00f6n\u00fc\u015f\u00fcm"},"content":{"rendered":"\n<p>Cumhurba\u015fkan\u0131 Recep Tayyip Erdo\u011fan&#8217;\u0131n, 22 y\u0131l arayla yapt\u0131\u011f\u0131 HAVELSAN ziyaretleri T\u00fcrk savunma sanayisindeki milli d\u00f6n\u00fc\u015f\u00fcm\u00fcn en somut g\u00f6stergelerinden biri oldu.<\/p>\n\n\n\n<p>Cumhurba\u015fkan\u0131 Erdo\u011fan\u2019\u0131n iki ziyareti aras\u0131nda ge\u00e7en s\u00fcrede T\u00fcrk savunma sanayisi, Cumhurba\u015fkanl\u0131\u011f\u0131 Savunma Sanayii Ba\u015fkanl\u0131\u011f\u0131 koordinasyonunda &#8220;montajc\u0131&#8221; ve &#8220;lisansl\u0131 kullan\u0131c\u0131\/\u00fcretici&#8221; kimli\u011finden, &#8220;tasar\u0131mc\u0131&#8221; ve &#8220;teknoloji ihra\u00e7 eden&#8221; bir akt\u00f6re d\u00f6n\u00fc\u015ft\u00fc.<\/p>\n\n\n\n<ul class=\"wp-block-list\">\n<li><strong>Cumhurba\u015fkan\u0131 Erdo\u011fan: Dijital egemenli\u011fi milli g\u00fcvenli\u011fimizin ayr\u0131lmaz bir par\u00e7as\u0131 olarak g\u00f6r\u00fcyoruz<\/strong><\/li>\n<\/ul>\n\n\n\n<p>Erdo\u011fan, Ba\u015fbakanl\u0131k d\u00f6neminin ilk y\u0131llar\u0131nda 2004&#8217;te yapt\u0131\u011f\u0131 ziyarette, HAVELSAN taraf\u0131ndan geli\u015ftirilen bir CN-235 nakliye u\u00e7a\u011f\u0131 tam u\u00e7u\u015f sim\u00fclat\u00f6r\u00fcne binerek test etti. \u0130spanyol CASA ve Endonezyal\u0131 IPTN firmalar\u0131n\u0131n ortakl\u0131\u011f\u0131yla geli\u015ftirilen bu u\u00e7ak, T\u00fcrkiye&#8217;de T\u00fcrk Havac\u0131l\u0131k ve Uzay Sanayii tesislerinde lisansl\u0131 olarak \u00fcretildi.<\/p>\n\n\n\n<p>Bu ziyaret, T\u00fcrk savunma sanayisi i\u00e7in yerli ve milli d\u00f6n\u00fc\u015f\u00fcmde kritik \u00f6nemde olan 2004 y\u0131l\u0131ndaki Savunma Sanayii \u0130cra Komitesi (SS\u0130K) kararlar\u0131yla e\u015f zamanl\u0131 bir d\u00f6nemde ger\u00e7ekle\u015fti. SS\u0130K, &#8220;haz\u0131r al\u0131m&#8221; yerine &#8220;yerli ve milli \u00fcretim&#8221; modeline ge\u00e7i\u015f karar\u0131 almas\u0131yla bug\u00fcn hayata ge\u00e7en bir\u00e7ok projenin temeli at\u0131ld\u0131.<\/p>\n\n\n\n<p>Cumhurba\u015fkan\u0131 Recep Tayyip Erdo\u011fan\u2019\u0131n 22 y\u0131l sonraki ziyaretinde ise milli platform SANCAR S\u0130DA (Silahl\u0131 \u0130nsans\u0131z Deniz Arac\u0131) hizmete al\u0131nd\u0131. Ba\u015fta Milli Muharip U\u00e7ak KAAN olmak \u00fczere bir\u00e7ok projeye katk\u0131 sa\u011flayacak tesislerin a\u00e7\u0131l\u0131\u015f ve temel atma t\u00f6reni ger\u00e7ekle\u015ftirildi.<\/p>\n\n\n\n<figure class=\"wp-block-image\"><img decoding=\"async\" src=\"https:\/\/cdnuploads.aa.com.tr\/uploads\/userFiles\/7fc6ad83-e801-4dd2-b1c1-974abd5a6af0\/2026%2FSubat%2FAA-40653878.jpg\" alt=\"\"\/><\/figure>\n\n\n\n<p>T\u00f6ren \u00f6ncesinde Erdo\u011fan, aralar\u0131nda Jet E\u011fitim U\u00e7a\u011f\u0131 H\u00dcRJET ve Genel Maksat Helikopteri G\u00d6KBEY&#8217;in bulundu\u011fu milli hava platformlar\u0131n\u0131n sim\u00fclat\u00f6rlerinin \u00fcretildi\u011fi hangar\u0131 ziyaret etti, projeler hakk\u0131nda bilgi ald\u0131 ve g\u00fcn\u00fcn an\u0131s\u0131na G\u00d6KBEY Helikopteri Sim\u00fclat\u00f6r\u00fc&#8217;n\u00fcn maketini imzalad\u0131. HAVELSAN, g\u00fcvenlik g\u00fc\u00e7lerinin envanterine giren G\u00d6KBEY ve girmeye haz\u0131rlanan H\u00dcRJET ba\u015fta olmak \u00fczere bir\u00e7ok milli hava, kara ve deniz platformu i\u00e7in sim\u00fclat\u00f6rler geli\u015ftirip \u00fcretiyor.<\/p>\n\n\n\n<figure class=\"wp-block-image\"><img decoding=\"async\" src=\"https:\/\/www.aa.com.tr\/uploads\/userFiles\/7fc6ad83-e801-4dd2-b1c1-974abd5a6af0\/2026%2FSubat%2FAA-40653876.jpg\" alt=\"\"\/><\/figure>\n\n\n\n<p>Erdo\u011fan&#8217;a ziyaretin an\u0131s\u0131na bir de \u00f6zel hediye takdim edildi. Erdo\u011fan&#8217;a, 2004 y\u0131l\u0131ndaki ziyaretinde sim\u00fclat\u00f6rle ger\u00e7ekle\u015ftirdi\u011fi u\u00e7u\u015f an\u0131n\u0131 resmeden ill\u00fcstratif bir maket sunuldu. Bu hediye ile 22 y\u0131l \u00f6nceki ziyaretin ard\u0131ndan izlenen teknolojik yolculu\u011funun bug\u00fcn hava, kara ve deniz platformlar\u0131nda geldi\u011fi nokta ortaya konuldu.<\/p>\n\n\n\n<figure class=\"wp-block-image\"><img decoding=\"async\" src=\"https:\/\/www.aa.com.tr\/uploads\/userFiles\/7fc6ad83-e801-4dd2-b1c1-974abd5a6af0\/2026%2FSubat%2FAA-40653871.jpg\" alt=\"\"\/><\/figure>\n\n\n\n<p>Cumhurba\u015fkan\u0131 Erdo\u011fan da konu\u015fmas\u0131nda bu d\u00f6n\u00fc\u015f\u00fcm\u00fc, &#8220;Bundan 22 sene \u00f6nce HAVELSAN&#8217;a geldi\u011fimde yabanc\u0131 hava platformlar\u0131n\u0131n sim\u00fclat\u00f6rlerini tecr\u00fcbe etti\u011fimiz, d\u0131\u015fa ba\u011f\u0131ml\u0131l\u0131\u011f\u0131n s\u0131n\u0131rlar\u0131n\u0131 her alanda hissetti\u011fimiz o eski g\u00fcnleri \u00e7ok iyi hat\u0131rl\u0131yorum. Bug\u00fcn ise yerli ve milli platformlar\u0131m\u0131z\u0131 kendimiz sim\u00fcle edebiliyor, kritik s\u00fcre\u00e7leri kendi yaz\u0131l\u0131m\u0131m\u0131zla, kendi m\u00fchendisli\u011fimizle y\u00f6netebiliyoruz.&#8221; ifadeleriyle ortaya koydu.<\/p>\n\n\n\n<figure class=\"wp-block-image\"><img decoding=\"async\" src=\"https:\/\/www.aa.com.tr\/uploads\/userFiles\/7fc6ad83-e801-4dd2-b1c1-974abd5a6af0\/2026%2FSubat%2FAA-40653865.jpg\" alt=\"\"\/><\/figure>\n\n\n\n<p>Kaynak: AA<\/p>\n","protected":false},"excerpt":{"rendered":"<p>Cumhurba\u015fkan\u0131 Recep Tayyip Erdo\u011fan&#8217;\u0131n, 22 y\u0131l arayla yapt\u0131\u011f\u0131 HAVELSAN ziyaretleri T\u00fcrk savunma sanayisindeki milli d\u00f6n\u00fc\u015f\u00fcm\u00fcn en somut g\u00f6stergelerinden biri oldu. Cumhurba\u015fkan\u0131 Erdo\u011fan\u2019\u0131n iki ziyareti aras\u0131nda ge\u00e7en s\u00fcrede T\u00fcrk savunma sanayisi, Cumhurba\u015fkanl\u0131\u011f\u0131 Savunma Sanayii Ba\u015fkanl\u0131\u011f\u0131 koordinasyonunda &#8220;montajc\u0131&#8221; ve &#8220;lisansl\u0131 kullan\u0131c\u0131\/\u00fcretici&#8221; kimli\u011finden, &#8220;tasar\u0131mc\u0131&#8221; ve &#8220;teknoloji ihra\u00e7 eden&#8221; bir akt\u00f6re d\u00f6n\u00fc\u015ft\u00fc. Erdo\u011fan, Ba\u015fbakanl\u0131k d\u00f6neminin ilk y\u0131llar\u0131nda 2004&#8217;te yapt\u0131\u011f\u0131 [&hellip;]<\/p>\n","protected":false},"author":1,"featured_media":10067,"comment_status":"open","ping_status":"open","sticky":false,"template":"","format":"standard","meta":{"footnotes":""},"categories":[7],"tags":[4319,4320,846,3404],"class_list":["post-10066","post","type-post","status-publish","format-standard","has-post-thumbnail","hentry","category-ekonomi","tag-casa","tag-cn-235","tag-cumhurbaskani-erdogan","tag-havelsan"],"_links":{"self":[{"href":"https:\/\/www.trabzonmanset.com\/index.php\/wp-json\/wp\/v2\/posts\/10066","targetHints":{"allow":["GET"]}}],"collection":[{"href":"https:\/\/www.trabzonmanset.com\/index.php\/wp-json\/wp\/v2\/posts"}],"about":[{"href":"https:\/\/www.trabzonmanset.com\/index.php\/wp-json\/wp\/v2\/types\/post"}],"author":[{"embeddable":true,"href":"https:\/\/www.trabzonmanset.com\/index.php\/wp-json\/wp\/v2\/users\/1"}],"replies":[{"embeddable":true,"href":"https:\/\/www.trabzonmanset.com\/index.php\/wp-json\/wp\/v2\/comments?post=10066"}],"version-history":[{"count":1,"href":"https:\/\/www.trabzonmanset.com\/index.php\/wp-json\/wp\/v2\/posts\/10066\/revisions"}],"predecessor-version":[{"id":10068,"href":"https:\/\/www.trabzonmanset.com\/index.php\/wp-json\/wp\/v2\/posts\/10066\/revisions\/10068"}],"wp:featuredmedia":[{"embeddable":true,"href":"https:\/\/www.trabzonmanset.com\/index.php\/wp-json\/wp\/v2\/media\/10067"}],"wp:attachment":[{"href":"https:\/\/www.trabzonmanset.com\/index.php\/wp-json\/wp\/v2\/media?parent=10066"}],"wp:term":[{"taxonomy":"category","embeddable":true,"href":"https:\/\/www.trabzonmanset.com\/index.php\/wp-json\/wp\/v2\/categories?post=10066"},{"taxonomy":"post_tag","embeddable":true,"href":"https:\/\/www.trabzonmanset.com\/index.php\/wp-json\/wp\/v2\/tags?post=10066"}],"curies":[{"name":"wp","href":"https:\/\/api.w.org\/{rel}","templated":true}]}}