{"id":10026,"date":"2026-02-24T16:41:00","date_gmt":"2026-02-24T13:41:00","guid":{"rendered":"https:\/\/www.trabzonmanset.com\/?p=10026"},"modified":"2026-02-24T19:42:48","modified_gmt":"2026-02-24T16:42:48","slug":"mus-ovasindaki-bazi-araziler-baharin-habercisi-cigdemlerle-renklendi","status":"publish","type":"post","link":"https:\/\/www.trabzonmanset.com\/index.php\/2026\/02\/24\/mus-ovasindaki-bazi-araziler-baharin-habercisi-cigdemlerle-renklendi\/","title":{"rendered":"Mu\u015f Ovas\u0131&#8217;ndaki baz\u0131 araziler &#8220;bahar\u0131n habercisi&#8221; \u00e7i\u011fdemlerle renklendi"},"content":{"rendered":"\n<p>Mu\u015f Ovas\u0131&#8217;ndaki baz\u0131 arazilerde &#8220;bahar\u0131n habercisi&#8221; olarak nitelendirilen \u00e7i\u011fdemler \u00e7i\u00e7ek a\u00e7maya ba\u015flad\u0131.<\/p>\n\n\n\n<p>Mu\u015f&#8217;ta havan\u0131n \u0131s\u0131nmaya ba\u015flamas\u0131yla Donat\u0131m k\u00f6y\u00fc \u00e7evresinde \u00e7i\u00e7ek a\u00e7maya ba\u015flayan \u00e7i\u011fdemler, g\u00fczel g\u00f6r\u00fcnt\u00fcler olu\u015fturdu.<\/p>\n\n\n\n<p>Baz\u0131 kent sakinleri de \u00e7i\u011fdemlerle renklenen alanlar\u0131 cep telefonlar\u0131yla g\u00f6r\u00fcnt\u00fclemeye \u00e7al\u0131\u015ft\u0131.<\/p>\n\n\n\n<figure class=\"wp-block-image\"><img decoding=\"async\" src=\"https:\/\/www.aa.com.tr\/uploads\/userFiles\/96f91bbd-282f-4a24-a12c-1b1092cfeb3b\/006_2026%2F11_Subat%2F13_Subat%2F09%2F20260224_2_73098932_122602817.jpg\" alt=\"\"\/><\/figure>\n\n\n\n<p>Hatice Karaben Ala, arkada\u015flar\u0131yla \u00e7i\u011fdemlerin foto\u011fraf\u0131n\u0131 \u00e7ekmek i\u00e7in b\u00f6lgeye geldiklerini s\u00f6yledi.<\/p>\n\n\n\n<figure class=\"wp-block-image\"><img decoding=\"async\" src=\"https:\/\/www.aa.com.tr\/uploads\/userFiles\/96f91bbd-282f-4a24-a12c-1b1092cfeb3b\/006_2026%2F11_Subat%2F13_Subat%2F09%2F20260224_2_73098932_122602814.jpg\" alt=\"\"\/><\/figure>\n\n\n\n<p>\u00c7i\u00e7eklerin Mu\u015f Ovas\u0131&#8217;na renk katt\u0131\u011f\u0131n\u0131 ifade eden Karaben, \u015f\u00f6yle konu\u015ftu:<\/p>\n\n\n\n<p>&#8220;\u0130lk kez \u00e7i\u011fdemleri burada g\u00f6rme f\u0131rsat\u0131 buldum. \u00c7ok g\u00fczeldi. Arkada\u015flar\u0131m\u0131zla g\u00fczel vakit ge\u00e7irdik. En k\u0131sa zamanda k\u0131z\u0131m ve e\u015fimle buraya gelmek istiyorum. Burada \u00e7ok g\u00fczel foto\u011fraflar \u00e7ektik. G\u00fczel bir g\u00fcn oldu. Buran\u0131n do\u011fas\u0131 \u00e7ok harikayd\u0131.&#8221;<\/p>\n\n\n\n<figure class=\"wp-block-image\"><img decoding=\"async\" src=\"https:\/\/www.aa.com.tr\/uploads\/userFiles\/96f91bbd-282f-4a24-a12c-1b1092cfeb3b\/006_2026%2F11_Subat%2F13_Subat%2F09%2F20260224_2_73098932_122602812.jpg\" alt=\"\"\/><\/figure>\n\n\n\n<p>\u015euheda Tutu\u015f da arkada\u015flar\u0131yla \u00e7i\u011fdemleri g\u00f6rmeye geldiklerini belirterek, &#8220;\u00c7ok g\u00fczel bir ortam vard\u0131. Burada yeni arkada\u015fl\u0131klar edindik. Ge\u00e7en y\u0131l da \u00e7i\u011fdemleri \u00e7ekmeye gelmi\u015ftik. Buras\u0131 \u00e7ok g\u00fczel.&#8221; dedi.<\/p>\n\n\n\n<p>Kaynak: AA<\/p>\n","protected":false},"excerpt":{"rendered":"<p>Mu\u015f Ovas\u0131&#8217;ndaki baz\u0131 arazilerde &#8220;bahar\u0131n habercisi&#8221; olarak nitelendirilen \u00e7i\u011fdemler \u00e7i\u00e7ek a\u00e7maya ba\u015flad\u0131. Mu\u015f&#8217;ta havan\u0131n \u0131s\u0131nmaya ba\u015flamas\u0131yla Donat\u0131m k\u00f6y\u00fc \u00e7evresinde \u00e7i\u00e7ek a\u00e7maya ba\u015flayan \u00e7i\u011fdemler, g\u00fczel g\u00f6r\u00fcnt\u00fcler olu\u015fturdu. Baz\u0131 kent sakinleri de \u00e7i\u011fdemlerle renklenen alanlar\u0131 cep telefonlar\u0131yla g\u00f6r\u00fcnt\u00fclemeye \u00e7al\u0131\u015ft\u0131. Hatice Karaben Ala, arkada\u015flar\u0131yla \u00e7i\u011fdemlerin foto\u011fraf\u0131n\u0131 \u00e7ekmek i\u00e7in b\u00f6lgeye geldiklerini s\u00f6yledi. \u00c7i\u00e7eklerin Mu\u015f Ovas\u0131&#8217;na renk katt\u0131\u011f\u0131n\u0131 ifade eden [&hellip;]<\/p>\n","protected":false},"author":1,"featured_media":10027,"comment_status":"open","ping_status":"open","sticky":false,"template":"","format":"standard","meta":{"footnotes":""},"categories":[1349],"tags":[4288,4289,4287],"class_list":["post-10026","post","type-post","status-publish","format-standard","has-post-thumbnail","hentry","category-yasam","tag-baharin-habercisi","tag-cigdem","tag-mus-ovasi"],"_links":{"self":[{"href":"https:\/\/www.trabzonmanset.com\/index.php\/wp-json\/wp\/v2\/posts\/10026","targetHints":{"allow":["GET"]}}],"collection":[{"href":"https:\/\/www.trabzonmanset.com\/index.php\/wp-json\/wp\/v2\/posts"}],"about":[{"href":"https:\/\/www.trabzonmanset.com\/index.php\/wp-json\/wp\/v2\/types\/post"}],"author":[{"embeddable":true,"href":"https:\/\/www.trabzonmanset.com\/index.php\/wp-json\/wp\/v2\/users\/1"}],"replies":[{"embeddable":true,"href":"https:\/\/www.trabzonmanset.com\/index.php\/wp-json\/wp\/v2\/comments?post=10026"}],"version-history":[{"count":1,"href":"https:\/\/www.trabzonmanset.com\/index.php\/wp-json\/wp\/v2\/posts\/10026\/revisions"}],"predecessor-version":[{"id":10028,"href":"https:\/\/www.trabzonmanset.com\/index.php\/wp-json\/wp\/v2\/posts\/10026\/revisions\/10028"}],"wp:featuredmedia":[{"embeddable":true,"href":"https:\/\/www.trabzonmanset.com\/index.php\/wp-json\/wp\/v2\/media\/10027"}],"wp:attachment":[{"href":"https:\/\/www.trabzonmanset.com\/index.php\/wp-json\/wp\/v2\/media?parent=10026"}],"wp:term":[{"taxonomy":"category","embeddable":true,"href":"https:\/\/www.trabzonmanset.com\/index.php\/wp-json\/wp\/v2\/categories?post=10026"},{"taxonomy":"post_tag","embeddable":true,"href":"https:\/\/www.trabzonmanset.com\/index.php\/wp-json\/wp\/v2\/tags?post=10026"}],"curies":[{"name":"wp","href":"https:\/\/api.w.org\/{rel}","templated":true}]}}