{"id":10017,"date":"2026-02-24T18:27:00","date_gmt":"2026-02-24T15:27:00","guid":{"rendered":"https:\/\/www.trabzonmanset.com\/?p=10017"},"modified":"2026-02-24T19:29:35","modified_gmt":"2026-02-24T16:29:35","slug":"istanbulda-iftar-oncesi-trafik-yogunlugu-yuzde-83e-yukseldi","status":"publish","type":"post","link":"https:\/\/www.trabzonmanset.com\/index.php\/2026\/02\/24\/istanbulda-iftar-oncesi-trafik-yogunlugu-yuzde-83e-yukseldi\/","title":{"rendered":"\u0130stanbul&#8217;da iftar \u00f6ncesi trafik yo\u011funlu\u011fu y\u00fczde 83&#8217;e y\u00fckseldi"},"content":{"rendered":"\n<p>\u0130stanbul&#8217;da haftan\u0131n ikinci i\u015f g\u00fcn\u00fc ak\u015fam saatlerinde kent genelinde trafik yo\u011funlu\u011fu y\u00fczde 83&#8217;e ula\u015ft\u0131.<\/p>\n\n\n\n<p>Mesai bitiminin ard\u0131ndan iftar saatinin de yakla\u015f\u0131lmas\u0131yla kent genelinde trafik yo\u011funlu\u011fu artt\u0131.<\/p>\n\n\n\n<p>Avrupa Yakas\u0131&#8217;nda D-100 kara yolunda, Hali\u00e7 K\u00f6pr\u00fcs\u00fc, Okmeydan\u0131, Mecidiyek\u00f6y ve 15 Temmuz \u015eehitler K\u00f6pr\u00fcs\u00fc mevkilerinde trafik yo\u011funlu\u011fu ya\u015fan\u0131yor.<\/p>\n\n\n\n<p>TEM Otoyolu&#8217;nda Hasdal ve Seyrantepe mevkilerinden Fatih Sultan Mehmet K\u00f6pr\u00fcs\u00fc istikametine kadar olan kesimde trafik zaman zaman durma noktas\u0131na geldi.<\/p>\n\n\n\n<p>B\u00fcy\u00fckdere Caddesi Sar\u0131yer y\u00f6n\u00fc ile Levent Tem kat\u0131l\u0131m yollar\u0131 aras\u0131nda trafik yo\u011funlu\u011fu olu\u015ftu.<\/p>\n\n\n\n<figure class=\"wp-block-image\"><img decoding=\"async\" src=\"https:\/\/www.aa.com.tr\/uploads\/userFiles\/23525b19-4139-468c-8051-ba931b6738e4\/AGUSTOS%202024%2Ftraff2.jpg\" alt=\"\"\/><\/figure>\n\n\n\n<p>Karak\u00f6y-Be\u015fikta\u015f sahil yolu ile Barbaros Bulvar\u0131&#8217;nda trafik a\u011f\u0131r ilerlerken, D-100 kara yolunun Cevizliba\u011f mevkisinde de \u00e7ift y\u00f6nl\u00fc yo\u011funluk ya\u015fan\u0131yor.<\/p>\n\n\n\n<p>Otogar Hal Ba\u011flant\u0131 yollar\u0131nda da yo\u011funluk g\u00f6zlenirken, Kennedy Caddesi&#8217;nden Avrasya T\u00fcneli giri\u015fine kadar trafik yo\u011fun seyrediyor. Haramidere ve B\u00fcy\u00fck\u00e7ekmece rampas\u0131 Edirne istikametinde de ara\u00e7lar yava\u015f ilerliyor.<\/p>\n\n\n\n<figure class=\"wp-block-image\"><img decoding=\"async\" src=\"https:\/\/www.aa.com.tr\/uploads\/userFiles\/23525b19-4139-468c-8051-ba931b6738e4\/AGUSTOS%202024%2Ftraff1.jpg\" alt=\"\"\/><\/figure>\n\n\n\n<h3 class=\"wp-block-heading\">Anadolu Yakas\u0131<\/h3>\n\n\n\n<p>Anadolu Yakas\u0131&#8217;nda D-100 kara yolunda, Kartal, Maltepe ve Kad\u0131k\u00f6y mevkilerinde \u00e7ift y\u00f6nl\u00fc ya\u015fanan trafik yo\u011funlu\u011fu, Avrasya T\u00fcneli giri\u015fine kadar s\u00fcr\u00fcyor.<\/p>\n\n\n\n<p>\u00dcsk\u00fcdar, Ata\u015fehir ve Sancaktepe aras\u0131nda da \u00e7ift y\u00f6nl\u00fc trafik yo\u011funlu\u011fu ya\u015fan\u0131yor.<\/p>\n\n\n\n<figure class=\"wp-block-image\"><img decoding=\"async\" src=\"https:\/\/www.aa.com.tr\/uploads\/userFiles\/23525b19-4139-468c-8051-ba931b6738e4\/AGUSTOS%202024%2Ftraff4.jpg\" alt=\"\"\/><\/figure>\n\n\n\n<p>TEM Otoyolu&#8217;nda Kurtk\u00f6y Kav\u015fa\u011f\u0131&#8217;nda ba\u015flayan trafik, \u00c7aml\u0131ca Gi\u015feleri&#8217;ne kadar devam ediyor.<\/p>\n\n\n\n<p>15 Temmuz \u015eehitler K\u00f6pr\u00fcs\u00fc y\u00f6n\u00fcnde trafik yo\u011funlu\u011fu \u00c7aml\u0131ca Gi\u015feleri ve Altunizade&#8217;den ba\u015fl\u0131yor. Fatih Sultan Mehmet K\u00f6pr\u00fcs\u00fc istikametinde ise \u00c7aml\u0131k Kav\u015fa\u011f\u0131&#8217;nda yo\u011funluk ya\u015fan\u0131yor.<\/p>\n\n\n\n<p>\u015eile Otoyolu&#8217;nda Altunizade&#8217;den ba\u015flayan trafik yo\u011funlu\u011fu, \u00dcmraniye TEM Ba\u011flant\u0131 Yolu&#8217;na kadar s\u00fcr\u00fcyor.<\/p>\n\n\n\n<figure class=\"wp-block-image\"><img decoding=\"async\" src=\"https:\/\/www.aa.com.tr\/uploads\/userFiles\/23525b19-4139-468c-8051-ba931b6738e4\/AGUSTOS%202024%2Ftraff3.jpg\" alt=\"\"\/><\/figure>\n\n\n\n<p>\u00d6te yandan, kentte metrob\u00fcslerde, otob\u00fcs duraklar\u0131nda ve aktarma merkezlerinde de yolcu yo\u011funlu\u011fu olu\u015ftu.<\/p>\n\n\n\n<p>\u0130stanbul B\u00fcy\u00fck\u015fehir Belediyesi Cep Trafik Haritas\u0131 verilerine g\u00f6re, kent genelindeki trafik yo\u011funlu\u011fu y\u00fczde 83 olarak \u00f6l\u00e7\u00fcld\u00fc. Yo\u011funluk Avrupa Yakas\u0131&#8217;nda y\u00fczde 87, Anadolu Yakas\u0131&#8217;nda ise y\u00fczde 78 olarak kaydedildi.<\/p>\n\n\n\n<p>Kaynak: AA<\/p>\n","protected":false},"excerpt":{"rendered":"<p>\u0130stanbul&#8217;da haftan\u0131n ikinci i\u015f g\u00fcn\u00fc ak\u015fam saatlerinde kent genelinde trafik yo\u011funlu\u011fu y\u00fczde 83&#8217;e ula\u015ft\u0131. Mesai bitiminin ard\u0131ndan iftar saatinin de yakla\u015f\u0131lmas\u0131yla kent genelinde trafik yo\u011funlu\u011fu artt\u0131. Avrupa Yakas\u0131&#8217;nda D-100 kara yolunda, Hali\u00e7 K\u00f6pr\u00fcs\u00fc, Okmeydan\u0131, Mecidiyek\u00f6y ve 15 Temmuz \u015eehitler K\u00f6pr\u00fcs\u00fc mevkilerinde trafik yo\u011funlu\u011fu ya\u015fan\u0131yor. TEM Otoyolu&#8217;nda Hasdal ve Seyrantepe mevkilerinden Fatih Sultan Mehmet K\u00f6pr\u00fcs\u00fc istikametine [&hellip;]<\/p>\n","protected":false},"author":1,"featured_media":10018,"comment_status":"open","ping_status":"open","sticky":false,"template":"","format":"standard","meta":{"footnotes":""},"categories":[1],"tags":[4276,1335,4277],"class_list":["post-10017","post","type-post","status-publish","format-standard","has-post-thumbnail","hentry","category-gundem","tag-fatih-sultan-mehmet-koprusu","tag-istanbul","tag-tem-otoyolu"],"_links":{"self":[{"href":"https:\/\/www.trabzonmanset.com\/index.php\/wp-json\/wp\/v2\/posts\/10017","targetHints":{"allow":["GET"]}}],"collection":[{"href":"https:\/\/www.trabzonmanset.com\/index.php\/wp-json\/wp\/v2\/posts"}],"about":[{"href":"https:\/\/www.trabzonmanset.com\/index.php\/wp-json\/wp\/v2\/types\/post"}],"author":[{"embeddable":true,"href":"https:\/\/www.trabzonmanset.com\/index.php\/wp-json\/wp\/v2\/users\/1"}],"replies":[{"embeddable":true,"href":"https:\/\/www.trabzonmanset.com\/index.php\/wp-json\/wp\/v2\/comments?post=10017"}],"version-history":[{"count":1,"href":"https:\/\/www.trabzonmanset.com\/index.php\/wp-json\/wp\/v2\/posts\/10017\/revisions"}],"predecessor-version":[{"id":10019,"href":"https:\/\/www.trabzonmanset.com\/index.php\/wp-json\/wp\/v2\/posts\/10017\/revisions\/10019"}],"wp:featuredmedia":[{"embeddable":true,"href":"https:\/\/www.trabzonmanset.com\/index.php\/wp-json\/wp\/v2\/media\/10018"}],"wp:attachment":[{"href":"https:\/\/www.trabzonmanset.com\/index.php\/wp-json\/wp\/v2\/media?parent=10017"}],"wp:term":[{"taxonomy":"category","embeddable":true,"href":"https:\/\/www.trabzonmanset.com\/index.php\/wp-json\/wp\/v2\/categories?post=10017"},{"taxonomy":"post_tag","embeddable":true,"href":"https:\/\/www.trabzonmanset.com\/index.php\/wp-json\/wp\/v2\/tags?post=10017"}],"curies":[{"name":"wp","href":"https:\/\/api.w.org\/{rel}","templated":true}]}}