{"id":10014,"date":"2026-02-24T18:30:00","date_gmt":"2026-02-24T15:30:00","guid":{"rendered":"https:\/\/www.trabzonmanset.com\/?p=10014"},"modified":"2026-02-24T19:25:08","modified_gmt":"2026-02-24T16:25:08","slug":"milli-muharip-ucak-kaan-teknoloji-tesisinde-yeni-dijital-yetenekler-kazanacak","status":"publish","type":"post","link":"https:\/\/www.trabzonmanset.com\/index.php\/2026\/02\/24\/milli-muharip-ucak-kaan-teknoloji-tesisinde-yeni-dijital-yetenekler-kazanacak\/","title":{"rendered":"Milli Muharip U\u00e7ak, KAAN Teknoloji Tesisi&#8217;nde yeni dijital yetenekler kazanacak"},"content":{"rendered":"\n<p>Cumhurba\u015fkanl\u0131\u011f\u0131 Savunma Sanayii Ba\u015fkan\u0131 Haluk G\u00f6rg\u00fcn, &#8220;Bug\u00fcn a\u00e7\u0131l\u0131\u015f\u0131n\u0131 yapaca\u011f\u0131m\u0131z tesisler, HAVELSAN&#8217;\u0131n y\u00fcr\u00fctt\u00fc\u011f\u00fc m\u00fchendislik faaliyetlerini daha g\u00fc\u00e7l\u00fc bir \u00fcretim ve geli\u015ftirme kapasitesine ta\u015f\u0131yacakt\u0131r.&#8221; dedi.<\/p>\n\n\n\n<p>Cumhurba\u015fkanl\u0131\u011f\u0131 Savunma Sanayii Ba\u015fkan\u0131 Haluk G\u00f6rg\u00fcn, KAAN projesi kapsam\u0131nda HAVELSAN&#8217;\u0131n y\u00fcr\u00fctt\u00fc\u011f\u00fc m\u00fchendislik \u00e7al\u0131\u015fmalar\u0131 i\u00e7in in\u015fa edilen KAAN Teknoloji Tesisi&#8217;nin KAAN&#8217;\u0131n dijital yeteneklerini b\u00fcy\u00fctece\u011fini, m\u00fchendislik h\u0131z\u0131n\u0131 y\u00fckseltece\u011fini, do\u011frulama ve test disiplinini daha da g\u00fc\u00e7lendirece\u011fini bildirdi.<\/p>\n\n\n\n<p>G\u00f6rg\u00fcn, Cumhurba\u015fkan\u0131 Recep Tayyip Erdo\u011fan&#8217;\u0131n kat\u0131ld\u0131\u011f\u0131 SANCAR Silahl\u0131 \u0130nsans\u0131z Deniz Arac\u0131 Hizmete Alma, Tesisler Temel Atma ve A\u00e7\u0131l\u0131\u015f T\u00f6reni&#8217;nde yapt\u0131\u011f\u0131 konu\u015fmada, bug\u00fcn HAVELSAN&#8217;da, T\u00fcrkiye&#8217;nin yaz\u0131l\u0131m ve yapay zeka ba\u015fta olmak \u00fczere komuta-kontrol, sim\u00fclasyon, siber g\u00fcvenlik ve otonomi alanlar\u0131nda ula\u015ft\u0131\u011f\u0131 seviyenin somut ad\u0131mlar\u0131n\u0131n g\u00f6r\u00fcld\u00fc\u011f\u00fcn\u00fc s\u00f6yledi.<\/p>\n\n\n\n<figure class=\"wp-block-image\"><img decoding=\"async\" src=\"https:\/\/www.aa.com.tr\/uploads\/userFiles\/4f62407a-abf2-4464-9690-b6acbca575b5\/05_2026%2F11_SUBAT%2F06%2FKAAN_TM2.jpg\" alt=\"\"\/><\/figure>\n\n\n\n<p>G\u00fcn\u00fcm\u00fczde g\u00fcvenlik ortam\u0131n\u0131n veriyle g\u00fc\u00e7lenen, a\u011flarla derinle\u015fen, yaz\u0131l\u0131mla h\u0131zlanan bir d\u00f6neme g\u00fc\u00e7l\u00fc bir \u015fekilde ta\u015f\u0131nd\u0131\u011f\u0131n\u0131 vurgulayan G\u00f6rg\u00fcn, bu d\u00f6n\u00fc\u015f\u00fcm\u00fcn merkezinde ise yapay zekan\u0131n yer ald\u0131\u011f\u0131n\u0131 ifade etti. G\u00f6rg\u00fcn, \u015f\u00f6yle konu\u015ftu:<\/p>\n\n\n\n<p>&#8220;Yapay zeka sens\u00f6rlerden, a\u011flardan ve platformlardan gelen b\u00fcy\u00fck veriyi anlamland\u0131rarak komuta-kontrol zincirinde daha h\u0131zl\u0131, daha isabetli ve daha \u00f6ng\u00f6r\u00fcl\u00fc karar \u00fcretmeyi m\u00fcmk\u00fcn k\u0131lan stratejik bir \u00e7arpan olarak \u00f6ne \u00e7\u0131kmaktad\u0131r. Bu yeni d\u00f6nemde platformlar\u0131n cayd\u0131r\u0131c\u0131l\u0131\u011f\u0131, onlar\u0131n akl\u0131yla yani yaz\u0131l\u0131m ve entegrasyon kabiliyetiyle daha da b\u00fcy\u00fcmektedir. Tam da bu sebeple sahada ak\u0131ll\u0131 ve entegre sistemler geli\u015ftirmek kadar, bu kabiliyeti besleyecek yerli yaz\u0131l\u0131m ve yapay zeka ekosistemini, veri g\u00fcvenli\u011fini ve yetkin insan kayna\u011f\u0131n\u0131 b\u00fct\u00fcnc\u00fcl bir anlay\u0131\u015fla g\u00fc\u00e7lendirmek zorunday\u0131z.&#8221;<\/p>\n\n\n\n<figure class=\"wp-block-image\"><img decoding=\"async\" src=\"https:\/\/www.aa.com.tr\/uploads\/userFiles\/4f62407a-abf2-4464-9690-b6acbca575b5\/05_2026%2F11_SUBAT%2F06%2FKAAN_TM5.jpg\" alt=\"\"\/><\/figure>\n\n\n\n<p>Cumhurba\u015fkan\u0131 Erdo\u011fan&#8217;\u0131n liderli\u011finde \u015fekillenen Milli Teknoloji Hamlesi, Milli Yetkinlik Hamlesi ve T\u00fcrkiye Y\u00fczy\u0131l\u0131 vizyonunun, savunma sanayini her ge\u00e7en g\u00fcn daha iddial\u0131 hedeflere ta\u015f\u0131d\u0131\u011f\u0131n\u0131 dile getiren G\u00f6rg\u00fcn, HAVELSAN&#8217;\u0131n tam bu noktada ekosistemin i\u00e7erisinde, platformlara zeka kazand\u0131ran, sahaya \u00e7eviklik sunan, karar s\u00fcre\u00e7lerini h\u0131zland\u0131ran stratejik bir rol \u00fcstlendi\u011fini belirtti.<\/p>\n\n\n\n<h3 class=\"wp-block-heading\">KAAN Teknoloji Tesisi<\/h3>\n\n\n\n<p>Haluk G\u00f6rg\u00fcn, ba\u015far\u0131lar\u0131n kal\u0131c\u0131l\u0131\u011f\u0131n\u0131n, sahaya yans\u0131yan \u00fcr\u00fcnlerle ve b\u00fcy\u00fcyen altyap\u0131yla daha da g\u00fc\u00e7lendi\u011fini s\u00f6yledi. T\u00f6rende at\u0131lan ad\u0131mlara ili\u015fkin de\u011ferlendirmelerde bulunan G\u00f6rg\u00fcn, s\u00f6zlerini \u015f\u00f6yle s\u00fcrd\u00fcrd\u00fc:<\/p>\n\n\n\n<p>&#8220;Bug\u00fcn, savunma sanayimizin denizden havaya ve kritik komuta-kontrol altyap\u0131lar\u0131na uzanan b\u00fct\u00fcnc\u00fcl d\u00f6n\u00fc\u015f\u00fcm\u00fcn\u00fcn somut ad\u0131mlar\u0131na hep birlikte tan\u0131kl\u0131k edece\u011fiz. &#8216;Mavi Vatan&#8217;daki cayd\u0131r\u0131c\u0131l\u0131\u011f\u0131m\u0131z\u0131 g\u00fc\u00e7lendirecek SANCAR S\u0130DA&#8217;m\u0131z\u0131n hizmete al\u0131nmas\u0131, havac\u0131l\u0131k ve uzay ekosistemimizin \u00fcretim kabiliyetini derinle\u015ftirecek Sim\u00fclat\u00f6r Entegrasyon ve \u00dcretim Tesisi altyap\u0131s\u0131n\u0131n temellendirilmesi ve KAAN Teknoloji Tesisi ile Deniz Sava\u015f Y\u00f6netim Sistemi Merkezi&#8217;nin a\u00e7\u0131l\u0131\u015f\u0131, yerli-milli m\u00fchendisli\u011fimizin geldi\u011fi seviyeyi ve \u00f6n\u00fcm\u00fczdeki d\u00f6neme dair iddiam\u0131z\u0131 ayn\u0131 \u00e7izgide bulu\u015fturan \u00f6nemli kilometre ta\u015flar\u0131d\u0131r.<\/p>\n\n\n\n<figure class=\"wp-block-image\"><img decoding=\"async\" src=\"https:\/\/www.aa.com.tr\/uploads\/userFiles\/4f62407a-abf2-4464-9690-b6acbca575b5\/05_2026%2F11_SUBAT%2F06%2FKAAN_TM4.jpg\" alt=\"\"\/><\/figure>\n\n\n\n<p>Bug\u00fcn a\u00e7\u0131l\u0131\u015f\u0131n\u0131 yapaca\u011f\u0131m\u0131z tesisler, HAVELSAN&#8217;\u0131n y\u00fcr\u00fctt\u00fc\u011f\u00fc m\u00fchendislik faaliyetlerini daha g\u00fc\u00e7l\u00fc bir \u00fcretim ve geli\u015ftirme kapasitesine ta\u015f\u0131yacakt\u0131r. KAAN Teknoloji Tesisi, TUSA\u015e Yerle\u015fkesi i\u00e7inde, KAAN projesi kapsam\u0131nda HAVELSAN&#8217;\u0131n y\u00fcr\u00fctt\u00fc\u011f\u00fc m\u00fchendislik \u00e7al\u0131\u015fmalar\u0131 i\u00e7in in\u015fa edilmi\u015ftir. Bu merkezde, KAAN&#8217;\u0131n dijital yeteneklerini b\u00fcy\u00fctecek, m\u00fchendislik h\u0131z\u0131n\u0131 y\u00fckseltecek, do\u011frulama ve test disiplinini daha da g\u00fc\u00e7lendirecek faaliyetler icra edilecektir. Deniz Sava\u015f Y\u00f6netim Sistemi Merkezi ise \u0130stanbul Pendik Tersane Komutanl\u0131\u011f\u0131m\u0131z arazisinde bulunan mevcut tesisin artan ihtiya\u00e7lar\u0131na cevap verecek \u015fekilde in\u015fa edilmi\u015ftir. Bu merkezde, yapay zeka, a\u011f destekli yetenek, komuta kontrol ve karar destek sistemleri gibi alanlarda AR-GE ve \u00fcr\u00fcn projeleri y\u00fcr\u00fct\u00fclecektir.&#8221;<\/p>\n\n\n\n<p>G\u00f6rg\u00fcn, temelini at\u0131lacak Sim\u00fclat\u00f6r Entegrasyon ve \u00dcretim Hangar\u0131&#8217;n\u0131n ise her t\u00fcrl\u00fc sim\u00fclat\u00f6r ve bile\u015fenin geli\u015ftirilebilece\u011fi, e\u011fitimlerin icra edilebilece\u011fi, fiziki ko\u015ful testlerinin yap\u0131laca\u011f\u0131 kapsaml\u0131 bir \u00fcretim tesisi ve \u00f6nemli bir yat\u0131r\u0131m oldu\u011funu belirtti.<\/p>\n\n\n\n<p>Haluk G\u00f6rg\u00fcn, &#8220;Bu yat\u0131r\u0131mlar, altyap\u0131m\u0131z\u0131 g\u00fc\u00e7lendirirken insan kayna\u011f\u0131m\u0131z\u0131n niteli\u011fini de b\u00fcy\u00fcten, ekosistemimizin \u00f6zg\u00fcvenini ve \u00fcretim h\u0131z\u0131n\u0131 art\u0131ran m\u00fchim ad\u0131mlard\u0131r.&#8221; dedi.<\/p>\n\n\n\n<p>Kaynak: AA<\/p>\n\n\n\n<p><\/p>\n","protected":false},"excerpt":{"rendered":"<p>Cumhurba\u015fkanl\u0131\u011f\u0131 Savunma Sanayii Ba\u015fkan\u0131 Haluk G\u00f6rg\u00fcn, &#8220;Bug\u00fcn a\u00e7\u0131l\u0131\u015f\u0131n\u0131 yapaca\u011f\u0131m\u0131z tesisler, HAVELSAN&#8217;\u0131n y\u00fcr\u00fctt\u00fc\u011f\u00fc m\u00fchendislik faaliyetlerini daha g\u00fc\u00e7l\u00fc bir \u00fcretim ve geli\u015ftirme kapasitesine ta\u015f\u0131yacakt\u0131r.&#8221; dedi. Cumhurba\u015fkanl\u0131\u011f\u0131 Savunma Sanayii Ba\u015fkan\u0131 Haluk G\u00f6rg\u00fcn, KAAN projesi kapsam\u0131nda HAVELSAN&#8217;\u0131n y\u00fcr\u00fctt\u00fc\u011f\u00fc m\u00fchendislik \u00e7al\u0131\u015fmalar\u0131 i\u00e7in in\u015fa edilen KAAN Teknoloji Tesisi&#8217;nin KAAN&#8217;\u0131n dijital yeteneklerini b\u00fcy\u00fctece\u011fini, m\u00fchendislik h\u0131z\u0131n\u0131 y\u00fckseltece\u011fini, do\u011frulama ve test disiplinini daha da [&hellip;]<\/p>\n","protected":false},"author":1,"featured_media":10015,"comment_status":"open","ping_status":"open","sticky":false,"template":"","format":"standard","meta":{"footnotes":""},"categories":[7],"tags":[4275,2298,3404,4273,620,4274],"class_list":["post-10014","post","type-post","status-publish","format-standard","has-post-thumbnail","hentry","category-ekonomi","tag-deniz-araci","tag-haluk-gorgun","tag-havelsan","tag-kaan-projesi","tag-recep-tayyip-erdogan","tag-sancar"],"_links":{"self":[{"href":"https:\/\/www.trabzonmanset.com\/index.php\/wp-json\/wp\/v2\/posts\/10014","targetHints":{"allow":["GET"]}}],"collection":[{"href":"https:\/\/www.trabzonmanset.com\/index.php\/wp-json\/wp\/v2\/posts"}],"about":[{"href":"https:\/\/www.trabzonmanset.com\/index.php\/wp-json\/wp\/v2\/types\/post"}],"author":[{"embeddable":true,"href":"https:\/\/www.trabzonmanset.com\/index.php\/wp-json\/wp\/v2\/users\/1"}],"replies":[{"embeddable":true,"href":"https:\/\/www.trabzonmanset.com\/index.php\/wp-json\/wp\/v2\/comments?post=10014"}],"version-history":[{"count":1,"href":"https:\/\/www.trabzonmanset.com\/index.php\/wp-json\/wp\/v2\/posts\/10014\/revisions"}],"predecessor-version":[{"id":10016,"href":"https:\/\/www.trabzonmanset.com\/index.php\/wp-json\/wp\/v2\/posts\/10014\/revisions\/10016"}],"wp:featuredmedia":[{"embeddable":true,"href":"https:\/\/www.trabzonmanset.com\/index.php\/wp-json\/wp\/v2\/media\/10015"}],"wp:attachment":[{"href":"https:\/\/www.trabzonmanset.com\/index.php\/wp-json\/wp\/v2\/media?parent=10014"}],"wp:term":[{"taxonomy":"category","embeddable":true,"href":"https:\/\/www.trabzonmanset.com\/index.php\/wp-json\/wp\/v2\/categories?post=10014"},{"taxonomy":"post_tag","embeddable":true,"href":"https:\/\/www.trabzonmanset.com\/index.php\/wp-json\/wp\/v2\/tags?post=10014"}],"curies":[{"name":"wp","href":"https:\/\/api.w.org\/{rel}","templated":true}]}}